{"id":9816,"date":"2015-12-28T21:27:21","date_gmt":"2015-12-28T19:27:21","guid":{"rendered":"http:\/\/akincilardergisi.com\/dergi\/?p=9816"},"modified":"2023-11-07T11:29:38","modified_gmt":"2023-11-07T08:29:38","slug":"paralel-dinin-tapusu-yokte-mi","status":"publish","type":"post","link":"https:\/\/akincilardergisi.com\/tr\/paralel-dinin-tapusu-yokte-mi\/","title":{"rendered":"PARALEL D\u0130N\u0130N TAPUSU Y\u00d6K\u2019TE M\u0130?"},"content":{"rendered":"<p><b><span style=\"color: red;font-family: 'Segoe UI','sans-serif';font-size: 13.5pt\">\u00a0<\/span><\/b><span style=\"font-family: 'Palatino Linotype','serif';font-size: 12pt\">Paralel Devlet Yap\u0131lanmas\u0131 tart\u0131\u015fmalar\u0131n\u0131 ve yap\u0131p ettiklerini hep birlikte izledik, g\u00f6zledik, \u015fahit olduk. Halen de izlemeye devam ediyoruz. Vay be diyenlerimiz oldu\u011fu gibi, hi\u00e7 \u015fa\u015f\u0131rmayanlar\u0131m\u0131z da oldu. \u00d6yle \u015feyler g\u00f6rd\u00fck ki\u00a0<b>\u201cyok can\u0131m o kadar da de\u011fil, bunlar\u0131 da yapmazlar\u201d\u00a0<\/b>diyebilece\u011fimiz her ne varsa hepsini yapt\u0131lar, ettiler. Utanmadan, s\u0131k\u0131lmadan biz ne yapt\u0131k ki demeye getiriyorlar. Devletin t\u00fcm birimlerinin en ince k\u0131lcal damarlar\u0131na var\u0131ncaya kadar s\u0131zd\u0131lar, sonra da hakk\u0131m\u0131z\u0131 ald\u0131k diyorlar. Soru \u00e7alarak hak almak bunlara g\u00f6re demek ki mubaht\u0131r.<\/span><\/p>\n<p class=\"ecxMsoNormal\" style=\"background: white;text-align: justify;line-height: 19pt\"><span style=\"font-family: 'Palatino Linotype','serif';font-size: 12pt\">Devletin t\u00fcm birimlerine girmek, g\u00f6rev almak ve \u00e7al\u0131\u015fmak b\u00fct\u00fcn vatanda\u015flar i\u00e7in yasal bir hakt\u0131r. \u00d6nemli olan, buralarda g\u00f6rev alanlar\u0131n g\u00f6revlerini k\u00f6t\u00fcye kullanmamalar\u0131 ve kimseye zarar vermemeleridir.\u00a0 Herkesin fevc fevc bu hareketin i\u00e7ine sazan gibi dald\u0131\u011f\u0131 g\u00fcnlerde\u00a0(sazan gibi dalanlar\u0131n en az y\u00fczde doksan be\u015fi ortas\u0131ndan, k\u0131y\u0131s\u0131ndan k\u00f6\u015fesinden bir \u00e7\u0131kar ve yarar sa\u011flamak i\u00e7in dal\u0131yor, yard\u0131m edenlerin y\u00fczde doksan dokuzu daha b\u00fcy\u00fck bir sazan yakalamak i\u00e7in yard\u0131m ediyordu. O zaman da\u00a0 ba\u015fta Fet\u00f6c\u00fclerin olmak \u00fczere Nurcular\u0131n, Hak Yolcular\u0131n, I\u015f\u0131k\u00e7\u0131lar\u0131n, S\u00fcleymanc\u0131lar\u0131n, vd. din anlay\u0131\u015flar\u0131n\u0131n yanl\u0131\u015f oldu\u011funu, Kur\u2019an ve Peygamber yerine\u00a0 liderlerini ve kitaplar\u0131n\u0131 \u00f6nceleyen bir din anlay\u0131\u015f\u0131na sahip olduklar\u0131n\u0131 s\u00f6yl\u00fcyor ve ele\u015ftiriyorduk. Ama \u00e7\u0131karc\u0131l\u0131\u011f\u0131 ve cemaat\u00e7ili\u011fi din edinmi\u015f bu topluluklar ve yanda\u015flar\u0131\u00a0 bizleri \u015fuculuk buculukla su\u00e7luyor, ellerinden gelse aforoz ediyordu ve hala da etmektedir. Bunlara dikkat \u00e7ekerken, M\u00fcsl\u00fcman d\u00fc\u015fman\u0131 olmakla su\u00e7lan\u0131yorduk. Baz\u0131lar\u0131 ise senin Fethullah Hoca ile bir sorunun var diyebiliyordu. Hangi tarikat\u0131n, hangi cemaatin lideriyle i\u015fim olacak ki Fethullah G\u00fclen ile i\u015fim olsun. \u00dcniversite y\u0131llar\u0131nda \u00f6\u011frenciler yemeli i\u00e7meli bedava a\u011flama seanslar\u0131na ta\u015f\u0131n\u0131rken bile hi\u00e7 oral\u0131 olmam\u0131\u015ft\u0131k. Bunlar\u0131n sinsili\u011fini bildi\u011fimiz i\u00e7in a\u00e7\u0131k a\u00e7\u0131k \u015fu ifadeyi kulland\u0131\u011f\u0131m\u0131za yak\u0131n \u00e7evremizdeki dostlar\u0131m\u0131z \u015fahittir.\u00a0<b>\u201c\u0130ki \u015feye hamd ederim: Bir M\u00fcsl\u00fcman oldu\u011fuma, ikincisi ise Nurcu olmad\u0131\u011f\u0131ma.\u201d\u00a0 <\/b>Nurcu olmak M\u00fcsl\u00fcman olman\u0131n \u00f6n\u00fcne ge\u00e7ti\u011fi g\u00fcnlerde bu c\u00fcmleyi kuruyordum. \u00dcniversite y\u0131llar\u0131ndan beri bu anlay\u0131\u015f i\u00e7erisinde olduk. M\u00fcsl\u00fcman olmak ve buna hamd etmek bize yetiyordu.<\/span><\/p>\n<p class=\"ecxMsoNormal\" style=\"background: white;text-align: justify;line-height: 19pt\"><span style=\"font-family: 'Palatino Linotype','serif';font-size: 12pt\">Paralel Devlet Yap\u0131lanmas\u0131 ile m\u00fccadele etmek devletin g\u00f6revi ve devlet zaten g\u00f6revini yapar. Zannediliyordu ki Paralel Devlet Yap\u0131lanmas\u0131 sadece Milli E\u011fitim Bakanl\u0131\u011f\u0131\u2019nda,\u00a0Adliye\u2019de\u00a0ve Polis Te\u015fkilat\u0131\u2019nda etkili oluyor. Bu iki alan toplumun g\u00f6z\u00fc \u00f6n\u00fcndeydi ve olup bitenler az \u00e7ok hissediliyordu. As\u0131l g\u00f6zden ka\u00e7an alan ise \u00dcniversiteler olmu\u015ftu. Cemaat referansl\u0131 herkese hak, adalet, liyakat g\u00f6zetilmeksizin makam ve unvanlar pe\u015fke\u015f \u00e7ekilebiliyordu.\u00a0 \u00c7\u00fcnk\u00fc hepsi sa\u011fmal inek gibi parasal olarak sa\u011f\u0131l\u0131yor ve eleman\/militan kazanmak i\u00e7in\u00a0 kullan\u0131l\u0131yordu.\u00a0En gen\u00e7 profes\u00f6rler, do\u00e7entler, b\u00f6l\u00fcm ba\u015fkanlar\u0131, enstit\u00fc m\u00fcd\u00fcrleri, dekanlar, rekt\u00f6rler bunlar\u0131n i\u00e7inden \u00e7\u0131k\u0131yordu. Hak, hukuk, adalet, insaf ve liyakat hak getire. Bizim olsun, bizden olsun ne olursa olsun mant\u0131\u011f\u0131 ile her taraf\u0131 p\u0131trak gibi sarm\u0131\u015flard\u0131. Bunlarda hak, hukuk, adalet, insaf ve liyakat gibi erdemler olsayd\u0131 onlarca insan hak ettikleri unvanlar\u0131 mahkeme kap\u0131lar\u0131nda arar m\u0131yd\u0131? Profes\u00f6rl\u00fc\u011f\u00fcn\u00fc mahkeme karar\u0131yla elde eden onlarca akademisyenin varl\u0131\u011f\u0131 ise ortadad\u0131r. Cemaate diz \u00e7\u00f6k\u00fcnce, e\u015fi\u011fini yalay\u0131nca gelsin unvanlar, gitsin makamlar. Yapt\u0131\u011f\u0131n\u0131z her i\u015fi, yedi\u011finiz her herzeyi bilen ve hesab\u0131n\u0131 soracak olan bir Rabb\u2019imiz var.<\/span><\/p>\n<p class=\"ecxMsoNormal\" style=\"background: white;text-align: justify;line-height: 19pt\"><span style=\"font-family: 'Palatino Linotype','serif';font-size: 12pt\">\u0130\u015fin bir ba\u015fka boyutu ise, Paralel Devlet Yap\u0131lanmas\u0131\u2019n\u0131n da temsil etti\u011fi Paralel Din Yap\u0131lanmas\u0131d\u0131r. \u0130stikbalimiz ve ahiretimiz i\u00e7in as\u0131l tehlikeli olan budur. Ac\u0131d\u0131r ki Peygamberimizden sonra din istismar\u0131 \u015feklinde ortaya \u00e7\u0131kan bu yap\u0131 tarih boyunca b\u00fct\u00fcn \u0130slam devletlerince de desteklenmi\u015ftir. Emevilerden Abbasilere, Sel\u00e7ukludan Osmanl\u0131ya ve T\u00fcrkiye Cumhuriyeti\u2019ne kadar bu b\u00f6yledir. Kur\u2019an\u2019\u0131n getirdi\u011fi dinden me\u015fruiyet dev\u015firemeyenler, Paralel Dinden medet umar olmu\u015flard\u0131r. Ad\u0131 ge\u00e7en devletlerin tamam\u0131 bu yap\u0131lar\u0131 desteklemi\u015ftir. \u00dclkemizde ise \u00f6zellikle 12 Eyl\u00fcl Darbesi\u2019nden sonra bu anlay\u0131\u015f ivme kazanm\u0131\u015ft\u0131r. Baz\u0131 anlay\u0131\u015flar ise devletin resmi ideolojisi haline gelmi\u015ftir.<\/span><\/p>\n<p class=\"ecxMsoNormal\" style=\"background: white;text-align: justify;line-height: 19pt\"><span style=\"font-family: 'Palatino Linotype','serif';font-size: 12pt\">Paralel Din alg\u0131s\u0131n\u0131n sirayet etti\u011fi kurumlardan biri de Y\u00f6k\u2019t\u00fcr. \u00dcniversiteler \u00f6zg\u00fcrl\u00fc\u011f\u00fcn ve \u00f6zg\u00fcn d\u00fc\u015f\u00fcncenin \u00fcretildi\u011fi, geli\u015ftirildi\u011fi ve korundu\u011fu yerler olmas\u0131 gerekirken tam aksine bir tutum sergilemektedir. Paralel Din alg\u0131s\u0131na ayk\u0131r\u0131 olan her d\u00fc\u015f\u00fcnce ve sahibi \u00fcniversitelerde kendilerine yer bulamamakta veya hak ettikleri \u00fcnvanlar ve makamlar kendilerine verilmemektedir. \u0130ftiralar ve yalanlar bu atamalarda \u00e7ok zaman etkin kriter olmu\u015f durumdad\u0131r. Son olarak Samsun Ondokuzmay\u0131s \u00dcniversitesi \u0130lahiyat Fak\u00fcltesi Dekanl\u0131\u011f\u0131 i\u00e7in ikinci kez birinci s\u0131rada aday g\u00f6sterilen Prof. Dr. Mehmet Okuyan\u2019\u0131n atanmam\u0131\u015f olmas\u0131 Y\u00f6k\u2019\u00fcn tavr\u0131n\u0131 ortaya koymas\u0131 a\u00e7\u0131s\u0131ndan \u00f6nemlidir. Mehmet Hoca\u2019y\u0131 atamaman\u0131n gerek\u00e7esi ne olabilir? Deneyimsiz mi, tecr\u00fcbesiz mi, mesleki ve akademik kariyeri mi yetersiz, idari bilgisi mi eksik? Gerek\u00e7enin bunlar olmad\u0131\u011f\u0131n\u0131 herkes biliyor, en iyi ise Y\u00f6k biliyor. Mehmet Hoca\u2019n\u0131n tarikat\u0131 olsayd\u0131, cemaati olsayd\u0131, me\u015frebi, mezhebi olsayd\u0131, tasavvuf dinine iman etseydi, etliye s\u00fctl\u00fcye kar\u0131\u015fmasayd\u0131, Kur\u2019an demeseydi durum elbette farkl\u0131 olurdu. Fakat Mehmet Hoca Kur\u2019an\u2019\u0131n kendisine verdi\u011fi \u00f6zg\u00fcvenle ve Allah\u2019\u0131n kendisine bah\u015fetti\u011fi ak\u0131l nimeti sayesinde b\u00fct\u00fcn bunlardan ar\u0131nm\u0131\u015f bir vaziyette sadece Allah\u2019a ve O\u2019nun y\u00fcce kitab\u0131na teslim oldu\u011fu i\u00e7in Y\u00f6k taraf\u0131ndan ikinci kez veto edilmi\u015f oldu.<\/span><\/p>\n<p class=\"ecxMsoNormal\" style=\"background: white;text-align: justify;line-height: 19pt\"><span style=\"font-family: 'Palatino Linotype','serif';font-size: 12pt\">Hi\u00e7 \u00f6nemli de\u011fil; Rabbim kullu\u011fundan ve r\u0131zas\u0131ndan veto etmesin. Siz \u015fimdi onu dekan yapmay\u0131nca ne olacak? Mehmet Hoca Paralel Dine mi girecek, tarikatlar\u0131n, cemaatlerin e\u015fi\u011fini mi yalayacak, onlar\u0131n \u00f6nderlerinin \u00f6n\u00fcnde diz mi \u00e7\u00f6kecek? Ben ettim, siz etmeyin mi diyecek? Avucunuzu yalars\u0131n\u0131z, o t\u00fcm benli\u011fi ile Allah\u2019a teslim olmu\u015f bir Kur\u2019an talebesidir. Rehberi Kur\u2019an\u2019d\u0131r, \u00f6nderi sevgili Peygamberimizdir. <\/span><\/p>\n<p class=\"ecxMsoNormal\" style=\"background: white;text-align: justify;line-height: 19pt\"><span style=\"font-family: 'Palatino Linotype','serif';font-size: 12pt\">Mesele Mehmet Hoca\u2019n\u0131n dekan olmas\u0131ndan ziyade Y\u00f6k\u2019\u00fcn zihniyeti a\u00e7\u0131s\u0131ndan \u00e7ok \u00f6nemlidir. Siz Mehmet Okuyan\u2019\u0131 dekan yapsayd\u0131n\u0131z o hangi s\u00f6ylemini terk edecekti, yapmad\u0131n\u0131z diye hangi d\u00fc\u015f\u00fcncesinden vazge\u00e7ecek? Siz bu beklentilerinizi Kur\u2019an talebelerinden de\u011fil; ancak onun bunun talebelerinden kar\u015f\u0131layabilirsiniz. <\/span><\/p>\n<p class=\"ecxMsoNormal\" style=\"background: white;text-align: justify;line-height: 19pt\"><span style=\"font-family: 'Palatino Linotype','serif';font-size: 12pt\">Ni\u011fde\u2019de Sava\u015f \u00d6ren hocam\u0131z s\u00fcnneti ve kaderi Allah\u2019\u0131n ve resul\u00fcn\u00fcn murad\u0131na uygun anlatt\u0131\u011f\u0131 i\u00e7in hakk\u0131nda soru\u015fturma a\u00e7mak da ne demek oluyor. Ne yani sizin belirledi\u011finiz s\u0131n\u0131rlara g\u00f6re mi iman edece\u011fiz ve inanaca\u011f\u0131z. Firavun\u2019un \u0130srailo\u011fullar\u0131\u2019n\u0131n neye inanaca\u011f\u0131na karar verme yetkisini kendisinde g\u00f6rmesi gibi bir durumla kar\u015f\u0131 kar\u015f\u0131yay\u0131z. <\/span><\/p>\n<p class=\"ecxMsoNormal\" style=\"background: white;text-align: justify;line-height: 19pt\"><span style=\"font-family: 'Palatino Linotype','serif';font-size: 12pt\">Siz \u015fu veya bu makama atam\u0131yorsunuz diye, k\u0131nama cezalar\u0131 veriyorsunuz diye biz imandan y\u00fcz m\u00fc \u00e7evirelim, sizin inand\u0131\u011f\u0131n\u0131z gibi mi inanal\u0131m. Haydi ba\u015fka kap\u0131ya.<\/span><\/p>\n<p class=\"ecxMsoNormal\" style=\"text-align: justify\"><span style=\"line-height: 115%;font-family: 'Tahoma','sans-serif';font-size: 20pt\">\u00a0<\/span><\/p>\n<p class=\"ecxMsoNormal\" style=\"text-align: justify\"><b><span style=\"line-height: 115%;font-family: 'Tahoma','sans-serif';font-size: 20pt\">\u00d6mer Naci YILMAZ<\/span><\/b><\/p>\n","protected":false},"excerpt":{"rendered":"<p>\u00a0Paralel Devlet Yap\u0131lanmas\u0131 tart\u0131\u015fmalar\u0131n\u0131 ve yap\u0131p ettiklerini hep birlikte izledik, g\u00f6zledik, \u015fahit olduk. Halen de izlemeye devam ediyoruz. Vay be diyenlerimiz oldu\u011fu gibi, hi\u00e7 \u015fa\u015f\u0131rmayanlar\u0131m\u0131z da oldu. \u00d6yle \u015feyler g\u00f6rd\u00fck ki\u00a0\u201cyok can\u0131m o kadar da de\u011fil, bunlar\u0131 da yapmazlar\u201d\u00a0diyebilece\u011fimiz her ne varsa hepsini yapt\u0131lar, ettiler. Utanmadan, s\u0131k\u0131lmadan biz ne yapt\u0131k ki demeye getiriyorlar. Devletin t\u00fcm &hellip;<\/p>\n","protected":false},"author":26,"featured_media":48521,"comment_status":"open","ping_status":"open","sticky":false,"template":"","format":"standard","meta":{"om_disable_all_campaigns":false,"_themeisle_gutenberg_block_has_review":false,"_joinchat":[],"footnotes":""},"categories":[38,54,43],"tags":[],"class_list":["post-9816","post","type-post","status-publish","format-standard","has-post-thumbnail","","category-guncel","category-omer","category-yazarlar"],"_links":{"self":[{"href":"https:\/\/akincilardergisi.com\/tr\/wp-json\/wp\/v2\/posts\/9816","targetHints":{"allow":["GET"]}}],"collection":[{"href":"https:\/\/akincilardergisi.com\/tr\/wp-json\/wp\/v2\/posts"}],"about":[{"href":"https:\/\/akincilardergisi.com\/tr\/wp-json\/wp\/v2\/types\/post"}],"author":[{"embeddable":true,"href":"https:\/\/akincilardergisi.com\/tr\/wp-json\/wp\/v2\/users\/26"}],"replies":[{"embeddable":true,"href":"https:\/\/akincilardergisi.com\/tr\/wp-json\/wp\/v2\/comments?post=9816"}],"version-history":[{"count":0,"href":"https:\/\/akincilardergisi.com\/tr\/wp-json\/wp\/v2\/posts\/9816\/revisions"}],"wp:featuredmedia":[{"embeddable":true,"href":"https:\/\/akincilardergisi.com\/tr\/wp-json\/wp\/v2\/media\/48521"}],"wp:attachment":[{"href":"https:\/\/akincilardergisi.com\/tr\/wp-json\/wp\/v2\/media?parent=9816"}],"wp:term":[{"taxonomy":"category","embeddable":true,"href":"https:\/\/akincilardergisi.com\/tr\/wp-json\/wp\/v2\/categories?post=9816"},{"taxonomy":"post_tag","embeddable":true,"href":"https:\/\/akincilardergisi.com\/tr\/wp-json\/wp\/v2\/tags?post=9816"}],"curies":[{"name":"wp","href":"https:\/\/api.w.org\/{rel}","templated":true}]}}