{"id":9041,"date":"2015-11-23T20:53:06","date_gmt":"2015-11-23T18:53:06","guid":{"rendered":"http:\/\/akincilardergisi.com\/dergi\/?p=9041"},"modified":"2023-11-04T20:12:20","modified_gmt":"2023-11-04T17:12:20","slug":"deniz-gezmis-ve-ben","status":"publish","type":"post","link":"https:\/\/akincilardergisi.com\/tr\/deniz-gezmis-ve-ben\/","title":{"rendered":"DEN\u0130Z GEZM\u0130\u015e VE BEN"},"content":{"rendered":"<p>Ben derken: \u00c7a\u011fda\u015f M\u00fcsl\u00fcmanlar.<\/p>\n<p>\u00c7a\u011fda\u015f M\u00fcsl\u00fcmanlar derken, Deniz Gezmi\u015f\u2019in \u015fimdiki kar\u015f\u0131l\u0131\u011f\u0131 olan M\u00fcsl\u00fcmanlar.<\/p>\n<p>\u015eimdiki M\u00fcsl\u00fcmanlar derken, topraklar\u0131n\u0131 savunan insanlar.<\/p>\n<p>\u015eimdi soral\u0131m bakal\u0131m: Deniz Gezmi\u015f alt\u0131nc\u0131 filo askerlerini denize d\u00f6kerken\u00a0 veya \u0130srail el\u00e7isinin k\u0131z\u0131n\u0131 ka\u00e7\u0131rd\u0131\u011f\u0131nda kahraman oluyordu da, ben \u015fimdi niye ter\u00f6rist oluyorum?<\/p>\n<p>Topraklar\u0131m\u0131z i\u015fgal alt\u0131nda de\u011fil mi? Irak i\u015fgal alt\u0131nda de\u011fil mi?<\/p>\n<p>Suriye i\u015fgal alt\u0131nda de\u011fil mi?<\/p>\n<p>Libya i\u015fgal alt\u0131nda de\u011fil mi?<\/p>\n<p>Filistin i\u015fgal alt\u0131nda de\u011fil mi?<\/p>\n<p>Pakistan i\u015fgal alt\u0131nda de\u011fil mi?<\/p>\n<p>Afganistan i\u015fgal alt\u0131nda de\u011fil mi?<\/p>\n<p>Bizim her hangi birimiz bu topraklarda ya\u015fayacak olsayd\u0131k: Gelenlere \u201ceyvallah\u201d m\u0131 edecektik.<\/p>\n<p>O halde, bu karde\u015flerimiz, neden ter\u00f6rist oluyorlar?<\/p>\n<p>K\u0131rk y\u0131l \u00f6nce, d\u00fcnyan\u0131n en \u201cmunis\u201d ve \u201citaatkar\u201d insanlar\u0131 \u201cbizler\u201d de\u011fil miydik?<\/p>\n<p>Nas\u0131l oldu da \u201ckom\u00fcnizm\u201d y\u0131k\u0131l\u0131r y\u0131\u0131k\u0131lmaz, hepimiz birden \u201cter\u00f6rist\u201d oluverdik?<\/p>\n<p>Tayyip Erdo\u011fan dahi, bir ad\u0131m daha ileriye ad\u0131m atacak olsa o da ter\u00f6rist olmayacak m\u0131 san\u0131yorsunuz?<\/p>\n<p>Arap Emirlikleri i\u00e7inde, \u201cazc\u0131k ucundan\u201d ba\u011f\u0131ms\u0131z bir siyaset g\u00fctmek isteyenler dahi, \u201can\u0131nda\u201d ter\u00f6rist olmuyorlar m\u0131?<\/p>\n<p>*********** Bir ba\u015fka soru:<\/p>\n<p>Topraklar\u0131m\u0131z i\u015fgal edildi\u011finde: Elimizde \u201cilla da demokrasi bayra\u011f\u0131\u201d m\u0131 olmas\u0131 laz\u0131md\u0131r? Din desek: Vatan desek, an\u0131nda ter\u00f6rist olmayacak m\u0131y\u0131z?<\/p>\n<p>\u0130lla da demokrasiye mahkum isek: Sahi ya: Bu demokrasi nas\u0131l bir \u015fey oluyor? Suriye veya bir ba\u015fka \u0130slam beldesi, \u201c\u0130slam ad\u0131na\u201d kurtar\u0131lamayacaksa:<\/p>\n<p>Bizim \u0130stiklal harbimizin me\u015fruiyeti dahi sorgulanmayacak m\u0131?<\/p>\n<p>Zira: T\u00fcrkiye\u2019nin \u201c\u0130stiklal Harbi\u201d de, \u201c\u0130slam ad\u0131na\u201d yap\u0131ld\u0131.<\/p>\n<p>\u0130slam topraklar\u0131n\u0131n \u201c\u0130slam ad\u0131na\u201d savunulmas\u0131ndan daha do\u011fal ve me\u015fru bir durum asla olamaz. Olamaz da: \u0130\u00e7inde bulundu\u011fumuz ve bulunaca\u011f\u0131m\u0131z d\u00fczen: En az\u0131ndan, \u0130slama benzemeli. Benzetilebilmeli. De\u011fil mi?<\/p>\n","protected":false},"excerpt":{"rendered":"<p>Ben derken: \u00c7a\u011fda\u015f M\u00fcsl\u00fcmanlar. \u00c7a\u011fda\u015f M\u00fcsl\u00fcmanlar derken, Deniz Gezmi\u015f\u2019in \u015fimdiki kar\u015f\u0131l\u0131\u011f\u0131 olan M\u00fcsl\u00fcmanlar. \u015eimdiki M\u00fcsl\u00fcmanlar derken, topraklar\u0131n\u0131 savunan insanlar. \u015eimdi soral\u0131m bakal\u0131m: Deniz Gezmi\u015f alt\u0131nc\u0131 filo askerlerini denize d\u00f6kerken\u00a0 veya \u0130srail el\u00e7isinin k\u0131z\u0131n\u0131 ka\u00e7\u0131rd\u0131\u011f\u0131nda kahraman oluyordu da, ben \u015fimdi niye ter\u00f6rist oluyorum? Topraklar\u0131m\u0131z i\u015fgal alt\u0131nda de\u011fil mi? Irak i\u015fgal alt\u0131nda de\u011fil mi? Suriye i\u015fgal alt\u0131nda &hellip;<\/p>\n","protected":false},"author":17,"featured_media":48521,"comment_status":"open","ping_status":"open","sticky":false,"template":"","format":"standard","meta":{"om_disable_all_campaigns":false,"_themeisle_gutenberg_block_has_review":false,"_joinchat":[],"footnotes":""},"categories":[53,38,43],"tags":[],"class_list":["post-9041","post","type-post","status-publish","format-standard","has-post-thumbnail","","category-aydin","category-guncel","category-yazarlar"],"_links":{"self":[{"href":"https:\/\/akincilardergisi.com\/tr\/wp-json\/wp\/v2\/posts\/9041","targetHints":{"allow":["GET"]}}],"collection":[{"href":"https:\/\/akincilardergisi.com\/tr\/wp-json\/wp\/v2\/posts"}],"about":[{"href":"https:\/\/akincilardergisi.com\/tr\/wp-json\/wp\/v2\/types\/post"}],"author":[{"embeddable":true,"href":"https:\/\/akincilardergisi.com\/tr\/wp-json\/wp\/v2\/users\/17"}],"replies":[{"embeddable":true,"href":"https:\/\/akincilardergisi.com\/tr\/wp-json\/wp\/v2\/comments?post=9041"}],"version-history":[{"count":0,"href":"https:\/\/akincilardergisi.com\/tr\/wp-json\/wp\/v2\/posts\/9041\/revisions"}],"wp:featuredmedia":[{"embeddable":true,"href":"https:\/\/akincilardergisi.com\/tr\/wp-json\/wp\/v2\/media\/48521"}],"wp:attachment":[{"href":"https:\/\/akincilardergisi.com\/tr\/wp-json\/wp\/v2\/media?parent=9041"}],"wp:term":[{"taxonomy":"category","embeddable":true,"href":"https:\/\/akincilardergisi.com\/tr\/wp-json\/wp\/v2\/categories?post=9041"},{"taxonomy":"post_tag","embeddable":true,"href":"https:\/\/akincilardergisi.com\/tr\/wp-json\/wp\/v2\/tags?post=9041"}],"curies":[{"name":"wp","href":"https:\/\/api.w.org\/{rel}","templated":true}]}}