{"id":8803,"date":"2015-11-14T14:30:31","date_gmt":"2015-11-14T12:30:31","guid":{"rendered":"http:\/\/akincilardergisi.com\/dergi\/?p=8803"},"modified":"2023-11-05T14:05:01","modified_gmt":"2023-11-05T11:05:01","slug":"8803-2","status":"publish","type":"post","link":"https:\/\/akincilardergisi.com\/tr\/8803-2\/","title":{"rendered":"FRANSA TAR\u0130H BOYU YAPTI\u011eI TER\u00d6R\u00dcN FATURASINI \u00d6DEMEKTED\u0130R."},"content":{"rendered":"<p>1960\u2019 ta, Cezayir\u2019in Fransa\u2019ya kar\u015f\u0131 verdi\u011fi ba\u011f\u0131ms\u0131zl\u0131k sava\u015f\u0131nda i\u015fgalci Fransa\u2019n\u0131n kad\u0131n, erkek, \u00e7oluk \u00e7ocuk demeden katletti\u011fi 1,5 milyon Cezairlinin canl\u0131 \u015fahitleri halen Cezayirde ve Fransada ya\u015famaktad\u0131r.<\/p>\n<p>Hemen hemen her Cezayirli, Fasl\u0131, Tunuslu m\u00fcsl\u00fcman Fransan\u0131n i\u015fledi\u011fi bu insanl\u0131k d\u0131\u015f\u0131 cinayetlere kar\u015f\u0131 i\u00e7ten i\u00e7e, gizli bir kin ve d\u00fc\u015fmanl\u0131k beslemektedir.<\/p>\n<p>Nas\u0131l olmas\u0131n ki? Bu insanlar kendi vatanlar\u0131nda Fransa taraf\u0131ndan esir al\u0131nm\u0131\u015f, k\u00f6le gibi \u00e7al\u0131\u015ft\u0131r\u0131lm\u0131\u015f, \u00f6zg\u00fcrl\u00fck ve ba\u011f\u0131ms\u0131zl\u0131klar\u0131n\u0131 kazan\u0131ncaya kadar kendi yurtlar\u0131nda yabanc\u0131 muamelesi g\u00f6rm\u00fc\u015f, Cezayir kurtulu\u015f sava\u015f\u0131 s\u0131ras\u0131nda binlerce kad\u0131n ve k\u0131zlar\u0131n \u0131rzlar\u0131na tecav\u00fcz edilmesine, milyonlarca masum insan vah\u015fice, ac\u0131mas\u0131zca katledilmesine d\u00fcnya \u015fahit olmu\u015ftur.<\/p>\n<p>\u0130\u015fte, tam burada tarihin haf\u0131zas\u0131 devreye girer. Bir milletin a\u00e7\u0131k kalm\u0131\u015f, g\u00f6r\u00fclmemi\u015f hesaplar\u0131 intikam h\u0131rs\u0131yla b\u00fcy\u00fcyen gen\u00e7 heyecanl\u0131, tecr\u00fcbesiz ve ele avuca s\u0131\u011fmayan ku\u015faklar\u0131n\u0131 harekete ge\u00e7irir.<\/p>\n<p>Bunlar, kontrol alt\u0131na al\u0131nmazsa ter\u00f6r \u00f6rg\u00fctlerinin elinde birer canl\u0131 bomba, intihar komandolar\u0131, potansiyel ter\u00f6r makinalar\u0131 haline getirilir. Kur\u015fun asker, \u00f6l\u00fcms\u00fcz (!) fedailer olarak katliam sahalar\u0131na s\u00fcr\u00fcl\u00fcr.<\/p>\n<p>Ter\u00f6r bumerang gibi en \u00e7ok ter\u00f6ristleri bulur ve vurur. Fransa bu g\u00fcn tarih boyu m\u00fcsl\u00fcmanlara yapt\u0131\u011f\u0131 devlet ter\u00f6r\u00fcn\u00fcn faturas\u0131n\u0131 \u00f6demektedir.<\/p>\n<p>Bir yerlerde ter\u00f6rist ar\u0131yorsa \u00f6nce aynaya bak\u0131p kendini hesaba \u00e7ekmeli, katliam ve zul\u00fcm etti\u011fi, zaman\u0131nda ter\u00f6r estirdi\u011fi milletlerden \u015fimdi \u00f6z\u00fcr dilemeli biraz da olsa g\u00fcnah ve su\u00e7lar\u0131n\u0131 hafifletmelidir.<\/p>\n<p>Ter\u00f6r eninde sonunda gelir i\u015fte b\u00f6yle \u00f6nce ter\u00f6ristleri vurur. Ama, malesef arada \u00f6lenlerin \u00e7o\u011fu ter\u00f6rle ilgisi olmayan masum insanlard\u0131r.<\/p>\n","protected":false},"excerpt":{"rendered":"<p>1960\u2019 ta, Cezayir\u2019in Fransa\u2019ya kar\u015f\u0131 verdi\u011fi ba\u011f\u0131ms\u0131zl\u0131k sava\u015f\u0131nda i\u015fgalci Fransa\u2019n\u0131n kad\u0131n, erkek, \u00e7oluk \u00e7ocuk demeden katletti\u011fi 1,5 milyon Cezairlinin canl\u0131 \u015fahitleri halen Cezayirde ve Fransada ya\u015famaktad\u0131r. Hemen hemen her Cezayirli, Fasl\u0131, Tunuslu m\u00fcsl\u00fcman Fransan\u0131n i\u015fledi\u011fi bu insanl\u0131k d\u0131\u015f\u0131 cinayetlere kar\u015f\u0131 i\u00e7ten i\u00e7e, gizli bir kin ve d\u00fc\u015fmanl\u0131k beslemektedir. Nas\u0131l olmas\u0131n ki? Bu insanlar kendi vatanlar\u0131nda &hellip;<\/p>\n","protected":false},"author":2,"featured_media":48521,"comment_status":"open","ping_status":"open","sticky":false,"template":"","format":"standard","meta":{"om_disable_all_campaigns":false,"_themeisle_gutenberg_block_has_review":false,"_joinchat":[],"footnotes":""},"categories":[49,38,43],"tags":[],"class_list":["post-8803","post","type-post","status-publish","format-standard","has-post-thumbnail","","category-arif","category-guncel","category-yazarlar"],"_links":{"self":[{"href":"https:\/\/akincilardergisi.com\/tr\/wp-json\/wp\/v2\/posts\/8803","targetHints":{"allow":["GET"]}}],"collection":[{"href":"https:\/\/akincilardergisi.com\/tr\/wp-json\/wp\/v2\/posts"}],"about":[{"href":"https:\/\/akincilardergisi.com\/tr\/wp-json\/wp\/v2\/types\/post"}],"author":[{"embeddable":true,"href":"https:\/\/akincilardergisi.com\/tr\/wp-json\/wp\/v2\/users\/2"}],"replies":[{"embeddable":true,"href":"https:\/\/akincilardergisi.com\/tr\/wp-json\/wp\/v2\/comments?post=8803"}],"version-history":[{"count":0,"href":"https:\/\/akincilardergisi.com\/tr\/wp-json\/wp\/v2\/posts\/8803\/revisions"}],"wp:featuredmedia":[{"embeddable":true,"href":"https:\/\/akincilardergisi.com\/tr\/wp-json\/wp\/v2\/media\/48521"}],"wp:attachment":[{"href":"https:\/\/akincilardergisi.com\/tr\/wp-json\/wp\/v2\/media?parent=8803"}],"wp:term":[{"taxonomy":"category","embeddable":true,"href":"https:\/\/akincilardergisi.com\/tr\/wp-json\/wp\/v2\/categories?post=8803"},{"taxonomy":"post_tag","embeddable":true,"href":"https:\/\/akincilardergisi.com\/tr\/wp-json\/wp\/v2\/tags?post=8803"}],"curies":[{"name":"wp","href":"https:\/\/api.w.org\/{rel}","templated":true}]}}