{"id":8755,"date":"2015-11-12T10:59:04","date_gmt":"2015-11-12T08:59:04","guid":{"rendered":"http:\/\/akincilardergisi.com\/dergi\/?p=8755"},"modified":"2023-11-05T14:05:01","modified_gmt":"2023-11-05T11:05:01","slug":"vahiy-cizgisi","status":"publish","type":"post","link":"https:\/\/akincilardergisi.com\/tr\/vahiy-cizgisi\/","title":{"rendered":"Vahiy \u00e7izgisi"},"content":{"rendered":"<p><strong><em>\u00a0<\/em><\/strong><\/p>\n<p>Hz. Adem\u2019in uzun bir \u00f6m\u00fcr ya\u015fad\u0131ktan sonra, o da her fani gibi hayata g\u00f6zlerini yumar. \u00c7\u00fcnk\u00fc, \u2018\u2019 Her canl\u0131 \u00f6l\u00fcm\u00fc tadacakt\u0131r, \u2019\u2019 Baki olan sadece Allaht\u0131r.. (1)<\/p>\n<p>Hz. \u00c2deme yarat\u0131lan her \u015feyin yarat\u0131l\u0131\u015f gayesi \u00f6\u011fretilir (2). \u0130nsanlar\u0131n birlikte bar\u0131\u015f ve esenlik i\u00e7inde nas\u0131l ya\u015fayacaklar\u0131na dair kurallar ve kaideler\u00a0bir kitap olarak kendisine verilir. O, o kitapla birlikte ilk insan ve peygamber olarak g\u00f6nderilir.(3)<\/p>\n<p>Yarat\u0131lan \u2018\u2019insan yarat\u0131ld\u0131ktan sonra ba\u015f\u0131bo\u015f b\u0131rak\u0131lm\u0131\u015f\u2019\u2019 (4) de\u011fildir. Onu yaratan Allah cc onun yery\u00fcz\u00fcnde fesat \u00e7\u0131karmamas\u0131, insana ve t\u00fcm\u00a0yarat\u0131lana faydal\u0131 olabilmesi, huzur i\u00e7inde ya\u015fayabilmesi i\u00e7in ihtiya\u00e7 duydu\u011fu disiplinler, kurallar, emir ve yasaklar\u0131 da ilk insanla birlikte Allah taraf\u0131ndan\u00a0g\u00f6ndermi\u015ftir.(5)<\/p>\n<p>\u0130nsan yarat\u0131lan\u0131n en m\u00fckemmeli olarak yarat\u0131lm\u0131\u015f, (6) yarat\u0131l\u0131\u015f\u0131n\u0131n gayesine uygun ya\u015fayabilece\u011fi hayat\u0131n t\u00fcm kaide ve kurallar\u0131 kendisine g\u00f6nderilmi\u015f ve \u00f6\u011fretilmi\u015ftir.<\/p>\n<p>Hz. \u00c2demin vefat\u0131ndan sonra vahiy \u00e7izicisini ona inanlar ve ondan sonra g\u00f6nderilen peygamberler s\u00fcrd\u00fcrm\u00fc\u015ft\u00fcr. Allah cc insan\u0131n yery\u00fcz\u00fcnde fesat \u00e7\u0131karmas\u0131n\u0131 istemez. \u0130nsan d\u00fcnyaya kulluk i\u00e7in g\u00f6nderilmi\u015ftir. Kulluk g\u00f6revlerini yerine getirmesi, yine onun kullu\u011funun gere\u011fi ve sorumlulu\u011fudur.<\/p>\n<p>\u0130lk insandan son Peygambere kadar vahiy \u00e7izgisi kesintisiz s\u00fcrm\u00fc\u015f ve Hz. Peygamberin vafat\u0131ndan sonra da bu \u00e7izgiyi devam ettirmek, ya\u015fatmak ve gelecek nesillere aktarmak her M\u00fcsl\u00fcman\u0131n g\u00f6rev ve sorumluluk dairesi i\u00e7indedir.<\/p>\n<p>&nbsp;<\/p>\n<p><em>\u00a0<strong>Kaynak\u00e7a;<\/strong><\/em><\/p>\n<p><em>\u00a01-\u00c2l-i \u0130mran, 3\/185 <\/em><\/p>\n<p>2-Bakar; 31<\/p>\n<p>3-Taha ;115<\/p>\n<p>4-K\u0131yamet; 36<\/p>\n<p>5-Ali imran; 3<\/p>\n<p>6-Tin; 4<\/p>\n<p>&nbsp;<\/p>\n","protected":false},"excerpt":{"rendered":"<p>\u00a0 Hz. Adem\u2019in uzun bir \u00f6m\u00fcr ya\u015fad\u0131ktan sonra, o da her fani gibi hayata g\u00f6zlerini yumar. \u00c7\u00fcnk\u00fc, \u2018\u2019 Her canl\u0131 \u00f6l\u00fcm\u00fc tadacakt\u0131r, \u2019\u2019 Baki olan sadece Allaht\u0131r.. (1) Hz. \u00c2deme yarat\u0131lan her \u015feyin yarat\u0131l\u0131\u015f gayesi \u00f6\u011fretilir (2). \u0130nsanlar\u0131n birlikte bar\u0131\u015f ve esenlik i\u00e7inde nas\u0131l ya\u015fayacaklar\u0131na dair kurallar ve kaideler\u00a0bir kitap olarak kendisine verilir. O, o &hellip;<\/p>\n","protected":false},"author":2,"featured_media":48521,"comment_status":"open","ping_status":"open","sticky":false,"template":"","format":"standard","meta":{"om_disable_all_campaigns":false,"_themeisle_gutenberg_block_has_review":false,"_joinchat":[],"footnotes":""},"categories":[49,38,43],"tags":[],"class_list":["post-8755","post","type-post","status-publish","format-standard","has-post-thumbnail","","category-arif","category-guncel","category-yazarlar"],"_links":{"self":[{"href":"https:\/\/akincilardergisi.com\/tr\/wp-json\/wp\/v2\/posts\/8755","targetHints":{"allow":["GET"]}}],"collection":[{"href":"https:\/\/akincilardergisi.com\/tr\/wp-json\/wp\/v2\/posts"}],"about":[{"href":"https:\/\/akincilardergisi.com\/tr\/wp-json\/wp\/v2\/types\/post"}],"author":[{"embeddable":true,"href":"https:\/\/akincilardergisi.com\/tr\/wp-json\/wp\/v2\/users\/2"}],"replies":[{"embeddable":true,"href":"https:\/\/akincilardergisi.com\/tr\/wp-json\/wp\/v2\/comments?post=8755"}],"version-history":[{"count":0,"href":"https:\/\/akincilardergisi.com\/tr\/wp-json\/wp\/v2\/posts\/8755\/revisions"}],"wp:featuredmedia":[{"embeddable":true,"href":"https:\/\/akincilardergisi.com\/tr\/wp-json\/wp\/v2\/media\/48521"}],"wp:attachment":[{"href":"https:\/\/akincilardergisi.com\/tr\/wp-json\/wp\/v2\/media?parent=8755"}],"wp:term":[{"taxonomy":"category","embeddable":true,"href":"https:\/\/akincilardergisi.com\/tr\/wp-json\/wp\/v2\/categories?post=8755"},{"taxonomy":"post_tag","embeddable":true,"href":"https:\/\/akincilardergisi.com\/tr\/wp-json\/wp\/v2\/tags?post=8755"}],"curies":[{"name":"wp","href":"https:\/\/api.w.org\/{rel}","templated":true}]}}