{"id":8640,"date":"2015-11-09T11:27:02","date_gmt":"2015-11-09T09:27:02","guid":{"rendered":"http:\/\/akincilardergisi.com\/dergi\/?p=8640"},"modified":"2023-11-07T11:29:40","modified_gmt":"2023-11-07T08:29:40","slug":"1932-model-kibris-kafasi-ve-ezan","status":"publish","type":"post","link":"https:\/\/akincilardergisi.com\/tr\/1932-model-kibris-kafasi-ve-ezan\/","title":{"rendered":"1932 MODEL KIBRIS KAFASI VE EZAN"},"content":{"rendered":"<div dir=\"ltr\"><span style=\"line-height: 115%;font-family: 'Palatino Linotype','serif';font-size: 12pt\">Kuzey K\u0131br\u0131s T\u00fcrk Cumhuriyeti\u2019nde \u00e7evre sakinlerine rahats\u0131zl\u0131k verdi\u011fi gerek\u00e7esiyle, sabah ezanlar\u0131n\u0131n hoparl\u00f6rden okunmas\u0131, \u00fc\u00e7 camide mahkeme karar\u0131yla yasaklanm\u0131\u015f. Allah a\u015fk\u0131na K\u0131br\u0131sl\u0131 kafas\u0131na bakar m\u0131s\u0131n\u0131z 1932\u2019lerin T\u00fcrkiye\u2019sindeki ezan d\u00fc\u015fman\u0131 kafa ile ayn\u0131. T\u00fcrkiye\u2019yi seksen \u00fc\u00e7 y\u0131l geriden takip eden din ve dini de\u011ferler d\u00fc\u015fman\u0131 bir kafa yap\u0131s\u0131. Bunun \u0130slam d\u00fc\u015fmanl\u0131\u011f\u0131n\u0131n d\u0131\u015f\u0131nda bir izah\u0131 olmaz ve olamaz. Ezan\u0131 yasaklatmak i\u00e7in mahkemeye m\u00fcracaat eden avukat\u0131n ya\u015fad\u0131\u011f\u0131 semtte \u00c7an sesleri olsayd\u0131 mahkemeye gitmek akl\u0131n\u0131n ucundan dahi ge\u00e7mez, \u00c7an\u2019a sayg\u0131y\u0131 ho\u015fg\u00f6r\u00fcn\u00fcn gere\u011fi olarak de\u011ferlendirirdi. Birileri k\u0131zacak ama onlar k\u0131zacak diye biz s\u00f6ylemekten ve yazmaktan vazge\u00e7meyece\u011fiz. <\/span><\/div>\n<div dir=\"ltr\"><\/div>\n<div dir=\"ltr\"><span style=\"line-height: 115%;font-family: 'Palatino Linotype','serif';font-size: 12pt\">K\u0131br\u0131s T\u00fcrklerinin Allah ile \u0130slam ile Kitap ile Peygamber ile ve M\u00fcsl\u00fcmanlar ile aras\u0131 yoktur. \u00a0Aralar\u0131n\u0131n iyi olmas\u0131 gibi bir dertleri de yoktur. Onlar g\u00e2vurluktan yana olmaktan hi\u00e7 de rahat\u0131z de\u011filler. Fakat bizim ille de onlar\u0131 M\u00fcsl\u00fcman olarak adland\u0131rmak ve g\u00f6rmek istemek gibi bir tak\u0131nt\u0131m\u0131z vard\u0131r. Olmuyor, olam\u0131yor. \u00a0K\u0131br\u0131s\u2019\u0131n Rum kesimi ile T\u00fcrk kesiminin g\u00fcndelik ya\u015fant\u0131lar\u0131n\u0131n aras\u0131nda ne fark var ki? Birisi Rum tarafa, di\u011feri ise T\u00fcrk taraf\u0131d\u0131r. T\u00fcrk taraf\u0131nda ge\u00e7mi\u015ften kalan camiler, Rum taraf\u0131nda ise kiliseler var. Kiliseler de bo\u015f, camiler de bo\u015f. Bizim Anadolu\u2019nun yi\u011fit insanlar\u0131, \u00f6\u011frencileri sayesinde K\u0131br\u0131s\u2019ta \u0130slami esintilerden, k\u0131r\u0131nt\u0131lardan bahsetmek m\u00fcmk\u00fcnd\u00fcr.\u00a0 Belki ya\u015fl\u0131lar kahveye gidemez, meyhaneye gidemez bari camiye gidelim derler. \u00c7\u00fcnk\u00fc camide onlara kimse niye geldin demez. \u0130slami manada K\u0131br\u0131s\u2019ta yap\u0131lacak daha \u00e7ok i\u015fimizin oldu\u011fu bir hakikattir. Birka\u00e7 y\u0131l \u00f6ncesinde dinsiz bir sendikan\u0131n \u00fcyesi \u00f6\u011fretmenlerin polisle birlikte Kur\u2019an kurslar\u0131n\u0131 bast\u0131\u011f\u0131 g\u00fcnleri de unutmuyoruz. <\/span><\/p>\n<p class=\"ecxMsoNormal\" style=\"text-align: justify\"><span style=\"line-height: 115%;font-family: 'Palatino Linotype','serif';font-size: 12pt\">K\u0131br\u0131s\u2019\u0131n Lefke kasabas\u0131nda din ve dini de\u011ferlere d\u00fc\u015fman\u0131 Feza G\u00fczelo\u011flu isimli avukat hoparl\u00f6rden okunan sabah ezan\u0131n\u0131n rahats\u0131zl\u0131k verdi\u011fi gerek\u00e7esiyle G\u00fczelyurt Kaza Mahkemesi\u2019ne m\u00fcracaat etti. Mahkeme verdi\u011fi ara kararla, Lefke\u2019de bulunan \u015eeyh Naz\u0131m Camisi (Orta Cami), Pir Pa\u015fa Camisi ve A\u015fa\u011f\u0131 Cami\u2019de ezanlar\u0131n ve Arap\u00e7a dualar\u0131n hoparl\u00f6rden okunmas\u0131n\u0131 yasaklad\u0131.<\/span><\/p>\n<p class=\"ecxMsoNormal\" style=\"text-align: justify\"><span style=\"line-height: 115%;font-family: 'Palatino Linotype','serif';font-size: 12pt\">K\u0131br\u0131s\u2019\u0131n Din \u0130\u015fleri Ba\u015fkan\u0131 Talip Atalay ise yapt\u0131\u011f\u0131 yaz\u0131l\u0131 a\u00e7\u0131klamada \u201cMahkemenin verdi\u011fi ara karar\u0131n Din \u0130\u015fleri Ba\u015fkan\u0131 ve Din \u0130\u015fleri Ba\u015fkanl\u0131\u011f\u0131 ile ilgili bir h\u00fck\u00fcm i\u00e7ermemektedir, Mahkemece al\u0131nan kar\u0131r\u0131n muhatab\u0131n\u0131n Din \u0130\u015fleri Ba\u015fkan\u0131 ve Din \u0130\u015fleri Ba\u015fkanl\u0131\u011f\u0131 olmad\u0131\u011f\u0131n\u0131, muhatab\u0131n Vak\u0131flar \u0130daresi oldu\u011fu g\u00f6r\u00fclmektedir.\u201d dedi. K\u0131v\u0131r babam k\u0131v\u0131r. Ben de\u011fil, o. Sen olsan ne yazar, o olsa ne yazar. Bizim buradan g\u00f6rd\u00fc\u011f\u00fcm\u00fcz dinsiz, imans\u0131z bir avukat ezan\u0131n sesinin k\u0131s\u0131lmas\u0131 ile ilgili bir karar ald\u0131rm\u0131\u015ft\u0131r. K\u0131br\u0131s\u2019ta ezan tamamen yasaklanmam\u0131\u015f da, k\u0131smi bir kararm\u0131\u015f da, K\u0131br\u0131s halk\u0131 ezan konusunda \u00e7ok duyarl\u0131ym\u0131\u015f da. \u0130n\u015fallah \u00f6yledir. Atalar\u0131n\u0131n Anadolu\u2019da yapt\u0131klar\u0131n\u0131 ad\u0131m ad\u0131m takip edenlerin zihniyetinin sonunu 1 Kasam se\u00e7imlerinde g\u00f6rd\u00fck. Bir zihniyetin siyaseten belas\u0131n\u0131 bulmu\u015f olmas\u0131n\u0131n ne oldu\u011funu \u00e7ok iyi g\u00f6rd\u00fck. K\u0131br\u0131s\u2019ta da g\u00f6rece\u011fimiz g\u00fcnler yak\u0131nd\u0131r.<\/span><\/p>\n<p class=\"ecxMsoNormal\" style=\"text-align: justify\"><span style=\"line-height: 115%;font-family: 'Palatino Linotype','serif';font-size: 12pt\">\u00c7anakkale ziyaretimiz s\u0131ras\u0131nda etraftaki rezaletleri g\u00f6rm\u00fc\u015ft\u00fck. \u0130\u00e7enler, i\u00e7ki kutular\u0131n\u0131 \u015fehitlerin \u00fczerine atanlar, g\u00fcnlerce k\u0131pk\u0131rm\u0131z\u0131 olan sahillerin sarho\u015flarla dolu oldu\u011funu g\u00f6rm\u00fc\u015ft\u00fck. Bir an akl\u0131m\u0131za geldi. Bu \u015fehitler aya\u011fa kalksa ve dese ki: <b>\u201cSiz bu rezaletleri yapas\u0131n\u0131z diye mi biz buralarda \u015fehit olduk.\u201d <\/b>Buna verecek cevab\u0131m\u0131z var m\u0131? K\u0131br\u0131s\u2019ta Be\u015fparmak Da\u011flar\u0131\u2019nda verdi\u011fimiz \u015fehitler bug\u00fcn kalksa ve ayn\u0131 soruyu sorsa acaba K\u0131br\u0131sl\u0131n\u0131n cevab\u0131 ne olurdu?<\/span><\/p>\n<p class=\"ecxMsoNormal\" style=\"text-align: justify\"><span style=\"line-height: 115%;font-family: 'Palatino Linotype','serif';font-size: 12pt\">S\u00f6z\u00fcn sonunu bizimkilere ay\u0131r\u0131yorum. Bizim ahmaklara ay\u0131r\u0131yorum. Sevaplar\u0131na nail olmak i\u00e7in bunlar\u0131n cenazelerine ko\u015fup saf tutan saflara ay\u0131r\u0131yorum. Ne zaman uyanacaks\u0131n\u0131z, ne zaman bir duru\u015f sahibi olacaks\u0131n\u0131z? Allah\u2019\u0131n vermi\u015f oldu\u011fu bir \u00f6mr\u00fc senin k\u00fclt\u00fcr\u00fcnle, tarihinle, medeniyetinle, dininle, iman\u0131nla, peygamberinle, kitab\u0131nla ve Rabbinle kavga ederek ge\u00e7irmi\u015f olan bu nank\u00f6rlerin, hainlerin, m\u00fcnaf\u0131klar\u0131n ve k\u00e2firlerin cenazelerinde senin ne i\u015fin var? Bu aymazl\u0131\u011f\u0131 ne zaman b\u0131rakacaks\u0131n? Allah\u2019\u0131n a\u00e7\u0131k h\u00fckm\u00fcne ne zaman kulak vereceksin: <b>\u201cVe onlardan \u00f6len herhangi birinin namaz\u0131n\u0131 k\u0131lma ve kabrinin ba\u015f\u0131nda da asla bulunma! \u00c7\u00fcnk\u00fc onlar \u00a0\u00a0\u00a0\u00a0\u00a0\u00a0 Allah\u2019a ve El\u00e7isi\u2019ne nank\u00f6rl\u00fck ettiler ve yoldan sapm\u0131\u015f bir halde \u00f6ld\u00fcler.\u201d <\/b>(9\/Tevbe, 84)<\/span><\/p>\n<p class=\"ecxMsoNormal\" style=\"text-align: justify\"><b><span style=\"color: red;line-height: 115%;font-family: 'Tahoma','sans-serif';font-size: 20pt\">\u00d6mer Naci YILMAZ<\/span><\/b><\/p>\n<\/div>\n<p>&nbsp;<\/p>\n","protected":false},"excerpt":{"rendered":"<p>Kuzey K\u0131br\u0131s T\u00fcrk Cumhuriyeti\u2019nde \u00e7evre sakinlerine rahats\u0131zl\u0131k verdi\u011fi gerek\u00e7esiyle, sabah ezanlar\u0131n\u0131n hoparl\u00f6rden okunmas\u0131, \u00fc\u00e7 camide mahkeme karar\u0131yla yasaklanm\u0131\u015f. Allah a\u015fk\u0131na K\u0131br\u0131sl\u0131 kafas\u0131na bakar m\u0131s\u0131n\u0131z 1932\u2019lerin T\u00fcrkiye\u2019sindeki ezan d\u00fc\u015fman\u0131 kafa ile ayn\u0131. T\u00fcrkiye\u2019yi seksen \u00fc\u00e7 y\u0131l geriden takip eden din ve dini de\u011ferler d\u00fc\u015fman\u0131 bir kafa yap\u0131s\u0131. Bunun \u0130slam d\u00fc\u015fmanl\u0131\u011f\u0131n\u0131n d\u0131\u015f\u0131nda bir izah\u0131 olmaz ve olamaz. &hellip;<\/p>\n","protected":false},"author":26,"featured_media":48521,"comment_status":"open","ping_status":"open","sticky":false,"template":"","format":"standard","meta":{"om_disable_all_campaigns":false,"_themeisle_gutenberg_block_has_review":false,"_joinchat":[],"footnotes":""},"categories":[38,54,43],"tags":[],"class_list":["post-8640","post","type-post","status-publish","format-standard","has-post-thumbnail","","category-guncel","category-omer","category-yazarlar"],"_links":{"self":[{"href":"https:\/\/akincilardergisi.com\/tr\/wp-json\/wp\/v2\/posts\/8640","targetHints":{"allow":["GET"]}}],"collection":[{"href":"https:\/\/akincilardergisi.com\/tr\/wp-json\/wp\/v2\/posts"}],"about":[{"href":"https:\/\/akincilardergisi.com\/tr\/wp-json\/wp\/v2\/types\/post"}],"author":[{"embeddable":true,"href":"https:\/\/akincilardergisi.com\/tr\/wp-json\/wp\/v2\/users\/26"}],"replies":[{"embeddable":true,"href":"https:\/\/akincilardergisi.com\/tr\/wp-json\/wp\/v2\/comments?post=8640"}],"version-history":[{"count":0,"href":"https:\/\/akincilardergisi.com\/tr\/wp-json\/wp\/v2\/posts\/8640\/revisions"}],"wp:featuredmedia":[{"embeddable":true,"href":"https:\/\/akincilardergisi.com\/tr\/wp-json\/wp\/v2\/media\/48521"}],"wp:attachment":[{"href":"https:\/\/akincilardergisi.com\/tr\/wp-json\/wp\/v2\/media?parent=8640"}],"wp:term":[{"taxonomy":"category","embeddable":true,"href":"https:\/\/akincilardergisi.com\/tr\/wp-json\/wp\/v2\/categories?post=8640"},{"taxonomy":"post_tag","embeddable":true,"href":"https:\/\/akincilardergisi.com\/tr\/wp-json\/wp\/v2\/tags?post=8640"}],"curies":[{"name":"wp","href":"https:\/\/api.w.org\/{rel}","templated":true}]}}