{"id":8404,"date":"2015-10-30T18:39:00","date_gmt":"2015-10-30T16:39:00","guid":{"rendered":"http:\/\/akincilardergisi.com\/dergi\/?p=8404"},"modified":"2023-11-07T11:29:40","modified_gmt":"2023-11-07T08:29:40","slug":"ben-oyumu-ummete-veriyorum","status":"publish","type":"post","link":"https:\/\/akincilardergisi.com\/tr\/ben-oyumu-ummete-veriyorum\/","title":{"rendered":"BEN OYUMU \u00dcMMETE VER\u0130YORUM!"},"content":{"rendered":"<p><span style=\"line-height: 115%;font-family: 'Palatino Linotype','serif';font-size: 12pt\">T\u00fcrkiye siyasal tarihinin en \u00f6nemli se\u00e7imlerinden birini ya\u015f\u0131yor ve bu s\u00fcre\u00e7te son iki g\u00fcne girildi. Bu se\u00e7im belki de 10 A\u011fustos 2014 tarihinde yap\u0131lan Cumhurba\u015fkanl\u0131\u011f\u0131 se\u00e7iminden de \u00f6nemli bir mahiyet arzetmektedir. D\u00fcnyan\u0131n g\u00f6z\u00fc T\u00fcrkiye \u00fczerinde ve se\u00e7imlerindedir. Ha\u00e7l\u0131 zihniyetli bat\u0131 d\u00fcnyas\u0131 bu se\u00e7imde Ak Parti\u2019nin tek ba\u015f\u0131na iktidar olmamas\u0131 i\u00e7in dev\u015firmeleri ve ta\u015feronlar\u0131yla birlikte var g\u00fc\u00e7leriyle \u00e7al\u0131\u015fmaktad\u0131r. Onlar\u0131n derdi ne Ak Parti\u2019dir, ne de Say\u0131n Ba\u015fbakan Ahmet Davuto\u011flu\u2019dur. Onlar\u0131n tek hedefi \u00fcmmeti heyecanland\u0131ran, k\u0131p\u0131rdamalar\u0131n\u0131 ve uyanmalar\u0131n\u0131 sa\u011flayan Say\u0131n Cumhurba\u015fkan\u0131 Recep Tayyip Erdo\u011fan\u2019d\u0131r.\u00a0 Zira ahmak M\u00fcsl\u00fcmanlar\u0131n deste\u011fi ile Abd\u00fclhamit\u2019i bertaraf ederek Ortado\u011fu\u2019daki at oynatmalar\u0131n\u0131n \u00f6mr\u00fcn\u00fc y\u00fcz y\u0131l uzatm\u0131\u015flard\u0131. Bir Anadolu \u00e7ocu\u011fu bu oyunu bozmaya ba\u015flay\u0131nca hedef tahtas\u0131na oturtulmas\u0131 ka\u00e7\u0131n\u0131lmaz oldu. Bizim baz\u0131 ahmaklar da bu oyuna gelerek onlarla birlikte i\u015f tutmaya ba\u015flad\u0131. Bunun i\u00e7indir ki \u00c7anakkale\u2019den daha zor bur durumday\u0131z. Zira \u00c7anakkale sava\u015flar\u0131 s\u0131ras\u0131nda d\u00fc\u015fmanlar\u0131m\u0131z bug\u00fcnk\u00fclerle ayn\u0131yd\u0131; fakat bu kadar hainimiz yoktu. Dincisiyle, dinlisiyle dinsiziyle, milliyet\u00e7isiyle, ulusalc\u0131s\u0131yla, medyas\u0131yla, b\u00fcrokrasisiyle bunca hain d\u00fcnyan\u0131n hi\u00e7bir yerinde bir araya gelmemi\u015ftir. Bunca hain ne i\u00e7in bir araya gelmi\u015f ve kime kar\u015f\u0131 m\u00fccadele ediyorlar? Bunlara ve hedeflerine bakt\u0131\u011f\u0131m\u0131zda durmam\u0131z gereken yeri iyi g\u00f6rmemiz gerekmektedir. <\/span><\/p>\n<p class=\"ecxMsoNormal\" style=\"text-align: justify\"><span style=\"line-height: 115%;font-family: 'Palatino Linotype','serif';font-size: 12pt\">Ge\u00e7mi\u015fteki d\u00f6rt genel se\u00e7imi birinci ve \u00fc\u00e7 se\u00e7imi tek ba\u015f\u0131na iktidar olarak tamamlayan Ak Parti, be\u015finci se\u00e7imde yeniden tek ba\u015f\u0131na iktidara gelmenin \u00e7abas\u0131 i\u00e7erisindedir. Bir \u00f6nceki se\u00e7ime g\u00f6re partililer i\u015fi biraz daha s\u0131k\u0131 tutmaktad\u0131r. \u00d6yle anla\u015f\u0131l\u0131yor ki tek ba\u015f\u0131na iktidar\u0131n ayak sesleri duyuluyor.<\/span><\/p>\n<p class=\"ecxMsoNormal\" style=\"text-align: justify\"><span style=\"line-height: 115%;font-family: 'Palatino Linotype','serif';font-size: 12pt\">\u00a0<\/span><\/p>\n<p class=\"ecxMsoNormal\" style=\"text-align: justify\"><span style=\"line-height: 115%;font-family: 'Palatino Linotype','serif';font-size: 12pt\">D\u00fcnyan\u0131n g\u00f6z\u00fcn\u00fcn T\u00fcrkiye\u2019nin \u00fczerinde oldu\u011funu s\u00f6ylemi\u015ftik. Evet, d\u00fc\u015fmanlar\u0131m\u0131z\u0131n g\u00f6z\u00fc bu se\u00e7imler dolay\u0131s\u0131yla \u00fczerimizdedir; fakat dostlar\u0131m\u0131z\u0131n g\u00f6z\u00fc de T\u00fcrkiye \u00fczerindedir. Birileri kin ve nefretlerini kusarken \u00fcmmet ailemizin evlatlar\u0131 olan karde\u015flerimiz, y\u00fcrekten gelen dualar\u0131yla \u00fclkemizle, bizimle beraberdir. Y\u00fcreklerinden gelen derin esintileri y\u00fcreklerimizde hissedebiliyoruz. Onlar, T\u00fcrkiyeli karde\u015flerinin durumunu ve ne yapacaklar\u0131n\u0131 \u00e7ok merak etmektedirler. Osmanl\u0131y\u0131 \u00fcmmetin g\u00f6zbebe\u011fi olarak, anas\u0131 olarak g\u00f6ren \u00fcmmet, Osmanl\u0131n\u0131n bakiyesi olan T\u00fcrkiye\u2019yi yine ayn\u0131 \u015fekilde bir \u0131\u015f\u0131k, bir ocak, bir ana olarak g\u00f6rmektedir. \u00dcmmet i\u00e7in \u00fcmidin, gelece\u011fin, ayd\u0131nl\u0131\u011f\u0131n ad\u0131 T\u00fcrkiye\u2019dir ve akl\u0131 ba\u015f\u0131nda hi\u00e7 kimsenin havadan sudan ve eften p\u00fcften sebeplerle bu beklentiyi bo\u015fa \u00e7\u0131kartmaya, beslenen \u00fcmitleri k\u0131rmaya hakk\u0131 yoktur. 7 Haziran\u2019da ya\u015fananlar bizden \u00fcmidi olanlar\u0131n tamam\u0131n\u0131 hayal k\u0131r\u0131kl\u0131\u011f\u0131na u\u011fratm\u0131\u015f ve a\u011flatm\u0131\u015ft\u0131r. A\u011flayanlar\u0131n ba\u015f\u0131nda da y\u00fcz y\u0131ld\u0131r bir g\u00fcn olsun y\u00fcz\u00fc g\u00fclmeyen Filistinliler ad\u0131na Halid Me\u015fal\u2019dir. Buna hakk\u0131m\u0131z yoktur. Karde\u015flerimizi a\u011flatanlar, buna sebep olanlar vebal alt\u0131ndad\u0131rlar.<\/span><\/p>\n<p class=\"ecxMsoNormal\" style=\"text-align: justify\"><span style=\"line-height: 115%;font-family: 'Palatino Linotype','serif';font-size: 12pt\">\u0130\u00e7erden ve d\u0131\u015far\u0131dan bil umum din d\u00fc\u015fmanlar\u0131n\u0131n, bizi bertaraf etmek istedikleri bir zaman diliminde akl\u0131m\u0131z\u0131 ba\u015f\u0131m\u0131za dev\u015firmemiz, an\u0131n maslahat\u0131n\u0131 \u00f6ncelememiz gerekmektedir. D\u00fcnyan\u0131n d\u00f6rt bir yan\u0131ndaki \u00fcmmet ailemizin evlatlar\u0131, kendilerine misafir olarak gidildi\u011finde, Osmanl\u0131 bakiyesi T\u00fcrkiyeli M\u00fcsl\u00fcmanlar\u0131 <b>\u201cHo\u015f geldiniz. Ho\u015f geldiniz de \u015fimdiye kadar neredeydiniz? Biraz ge\u00e7 kalmad\u0131n\u0131z m\u0131? Bu ayr\u0131l\u0131k bu kadar uzun s\u00fcrecek miydi? Neyse, unutmad\u0131n\u0131z ya bu da bize yeter.\u201d<\/b> Diyerek biraz sitemle biraz da h\u00fcz\u00fcnle kar\u015f\u0131lamaktad\u0131rlar. B\u00fct\u00fcn bunlar\u0131, onlar\u0131n a\u011flamalar\u0131n\u0131 a\u011flayarak bize anlatanlar, o insanlar\u0131 a\u011flatmaya, o insanlar\u0131n \u00fcmitlerini bo\u015fa \u00e7\u0131kartmaya raz\u0131 olamazlar. O insanlar\u0131n g\u00f6zya\u015flar\u0131n\u0131 neyle durduraca\u011f\u0131z, nas\u0131l dindirece\u011fiz? G\u00f6t\u00fcrd\u00fc\u011f\u00fcm\u00fcz g\u0131da yard\u0131mlar\u0131yla, kesti\u011fimiz kurbanlarla onlar\u0131n g\u00f6zya\u015flar\u0131n\u0131 dindiremeyece\u011fimizi hepimiz biliyoruz. Ak\u015fam yemek yedi\u011fimizde sabah ac\u0131km\u0131yor muyuz? Yedi\u011fimizde de yine doyuyoruz. Fakat umudun a\u00e7l\u0131\u011f\u0131n\u0131 ya\u015fam\u0131\u015f insanlar olarak yemek yedi\u011fimizde umut a\u00e7l\u0131\u011f\u0131m\u0131z\u0131 giderebiliyor muyuz? \u0130\u015f mide ile bitmiyor? Daha d\u00fcn kadar yak\u0131n dedi\u011fimiz bir zaman diliminde umutlar\u0131m\u0131z\u0131n k\u0131r\u0131ld\u0131\u011f\u0131, hayal bile kuramad\u0131\u011f\u0131m\u0131z karanl\u0131k g\u00fcnleri unutmayal\u0131m. <\/span><\/p>\n<p class=\"ecxMsoNormal\" style=\"text-align: justify\"><span style=\"line-height: 115%;font-family: 'Palatino Linotype','serif';font-size: 12pt\">\u00dcmmetin ahvalini anlamak ve hissetmek i\u00e7in o co\u011frafyalara bir kez olsun u\u011frama imk\u00e2n\u0131 bulanlar asl\u0131nda her \u015feyi bizden \u00e7ok daha iyi biliyorlar. Ve o insanlar\u0131n sevin\u00e7ten a\u011flad\u0131klar\u0131na sizler de \u015fahit oldunuz. Bize anlat\u0131rken a\u011flad\u0131\u011f\u0131n\u0131za bizler \u015fahit olduk. G\u00f6t\u00fcrd\u00fcklerinize mi seviniyorlar, onun i\u00e7in mi g\u00f6zya\u015f\u0131 d\u00f6k\u00fcyorlar; yoksa bu co\u011frafyan\u0131n insan\u0131 olarak, Osmanl\u0131n\u0131n bakiyesi olarak oralara gitmenize mi seviniyorlar? Bunu siz bizden \u00e7ok daha iyi biliyorsunuz. B\u00fct\u00fcn bunlar\u0131 g\u00f6rd\u00fc\u011f\u00fcn\u00fcz ve bildi\u011finiz halde sizin sesinizin daha g\u00fcr \u00e7\u0131kmas\u0131 gerekmiyor mu? Kime, neye, ni\u00e7in hat\u0131r ediyorsunuz? Ortal\u0131\u011fa \u00e7\u0131k\u0131n ve hayk\u0131r\u0131n: <b>\u201cBen oyumu \u00fcmmete veriyorum.\u201d <\/b>diye.<b> <\/b>Aksini yapamam, aksine davranamam, bizim birli\u011fimizi ve dirli\u011fimizi da\u011f\u0131tmak ve par\u00e7alamak i\u00e7in dedemiz Abd\u00fclhamit\u2019i taht\u0131ndan indirenlerin torunlar\u0131n\u0131 bir kez daha sevindiremem, Abd\u00fclhamit taht\u0131ndan indirildi diye Hayfa\u2019da fener alay\u0131 d\u00fczenleyenlerin tekraren yeniden fener alaylar\u0131 d\u00fczenlemelerine sebep olamam, oyuna gelemem. Bunu g\u00f6rmek i\u00e7in \u00e7ok \u015fey bilmeye gerek yoktur. Kimlerin, kime ve ne diye sald\u0131rd\u0131\u011f\u0131na bakt\u0131\u011f\u0131m\u0131zda do\u011fruyu g\u00f6rm\u00fc\u015f olaca\u011f\u0131z. L\u00fctfen uyanal\u0131m. H\u00e2l\u00e2 duygular\u0131m\u0131za kap\u0131larak m\u0131 hareket edece\u011fiz? B\u00f6yle yaparsak bilelim ki sadece \u00fcmmetin T\u00fcrkiye d\u0131\u015f\u0131ndaki evlatlar\u0131n\u0131n umutlar\u0131n\u0131 k\u0131rmakla kaymayacak, bu co\u011frafyan\u0131n insanlar\u0131n\u0131n da umutlar\u0131n\u0131 k\u0131rm\u0131\u015f olaca\u011f\u0131z. K\u0131rd\u0131\u011f\u0131m\u0131z kadar k\u0131r\u0131l\u0131r\u0131z, bunu da unutmayal\u0131m. \u00dcmmeti yaln\u0131z b\u0131rakanlar yaln\u0131z kalmaya mahk\u00fbmdurlar. A\u011flatanlar, onlar\u0131n g\u00f6zya\u015flar\u0131nda bo\u011fulmaya mahkumdurlar. <\/span><\/p>\n<p class=\"ecxMsoNormal\" style=\"text-align: justify\"><span style=\"line-height: 115%;font-family: 'Palatino Linotype','serif';font-size: 12pt\">\u00a0<\/span><\/p>\n<p class=\"ecxMsoNormal\" style=\"text-align: justify\"><b><span style=\"line-height: 115%;font-family: 'Tahoma','sans-serif';font-size: 20pt\">\u00d6mer Naci YILMAZ<\/span><\/b><\/p>\n<p class=\"ecxMsoNormal\" style=\"text-align: justify\"><span style=\"line-height: 115%;font-family: 'Tahoma','sans-serif';font-size: 20pt\">\u00a0<\/span><\/p>\n","protected":false},"excerpt":{"rendered":"<p>T\u00fcrkiye siyasal tarihinin en \u00f6nemli se\u00e7imlerinden birini ya\u015f\u0131yor ve bu s\u00fcre\u00e7te son iki g\u00fcne girildi. Bu se\u00e7im belki de 10 A\u011fustos 2014 tarihinde yap\u0131lan Cumhurba\u015fkanl\u0131\u011f\u0131 se\u00e7iminden de \u00f6nemli bir mahiyet arzetmektedir. D\u00fcnyan\u0131n g\u00f6z\u00fc T\u00fcrkiye \u00fczerinde ve se\u00e7imlerindedir. Ha\u00e7l\u0131 zihniyetli bat\u0131 d\u00fcnyas\u0131 bu se\u00e7imde Ak Parti\u2019nin tek ba\u015f\u0131na iktidar olmamas\u0131 i\u00e7in dev\u015firmeleri ve ta\u015feronlar\u0131yla birlikte var &hellip;<\/p>\n","protected":false},"author":26,"featured_media":48521,"comment_status":"open","ping_status":"open","sticky":false,"template":"","format":"standard","meta":{"om_disable_all_campaigns":false,"_themeisle_gutenberg_block_has_review":false,"_joinchat":[],"footnotes":""},"categories":[38,54,43],"tags":[],"class_list":["post-8404","post","type-post","status-publish","format-standard","has-post-thumbnail","","category-guncel","category-omer","category-yazarlar"],"_links":{"self":[{"href":"https:\/\/akincilardergisi.com\/tr\/wp-json\/wp\/v2\/posts\/8404","targetHints":{"allow":["GET"]}}],"collection":[{"href":"https:\/\/akincilardergisi.com\/tr\/wp-json\/wp\/v2\/posts"}],"about":[{"href":"https:\/\/akincilardergisi.com\/tr\/wp-json\/wp\/v2\/types\/post"}],"author":[{"embeddable":true,"href":"https:\/\/akincilardergisi.com\/tr\/wp-json\/wp\/v2\/users\/26"}],"replies":[{"embeddable":true,"href":"https:\/\/akincilardergisi.com\/tr\/wp-json\/wp\/v2\/comments?post=8404"}],"version-history":[{"count":0,"href":"https:\/\/akincilardergisi.com\/tr\/wp-json\/wp\/v2\/posts\/8404\/revisions"}],"wp:featuredmedia":[{"embeddable":true,"href":"https:\/\/akincilardergisi.com\/tr\/wp-json\/wp\/v2\/media\/48521"}],"wp:attachment":[{"href":"https:\/\/akincilardergisi.com\/tr\/wp-json\/wp\/v2\/media?parent=8404"}],"wp:term":[{"taxonomy":"category","embeddable":true,"href":"https:\/\/akincilardergisi.com\/tr\/wp-json\/wp\/v2\/categories?post=8404"},{"taxonomy":"post_tag","embeddable":true,"href":"https:\/\/akincilardergisi.com\/tr\/wp-json\/wp\/v2\/tags?post=8404"}],"curies":[{"name":"wp","href":"https:\/\/api.w.org\/{rel}","templated":true}]}}