{"id":8012,"date":"2015-10-16T12:59:28","date_gmt":"2015-10-16T09:59:28","guid":{"rendered":"http:\/\/akincilardergisi.com\/dergi\/?p=8012"},"modified":"2023-11-04T20:12:20","modified_gmt":"2023-11-04T17:12:20","slug":"yuzsuzluk-ve-magduriyet-yazisi","status":"publish","type":"post","link":"https:\/\/akincilardergisi.com\/tr\/yuzsuzluk-ve-magduriyet-yazisi\/","title":{"rendered":"Y\u00dcZS\u00dcZL\u00dcK VE MA\u011eDUR\u0130YET YAZISI"},"content":{"rendered":"<p>MHP, Akparti\u2019nin\u00a0\u00a0 28\u015eubat Ma\u011fduriyet edebiyat\u0131 ile iktidar oldu\u011funu s\u00f6yler. Bu y\u00fczden, Akparti i\u00e7in \u201c28 \u015eubat \u00fcr\u00fcn\u00fc\u201d der. Kurguya g\u00f6re, 28 \u015eubat sayesinde Tayyip Erdo\u011fan parlat\u0131lm\u0131\u015f ve uydurma senaryolar ile iktidar yap\u0131lm\u0131\u015ft\u0131r.<\/p>\n<p>Millet unuttu ya. Yeni nesil de bilmez ya. Bu sayede de bu MHP y\u00f6netimi insanlar\u0131n bu halinden faydalan\u0131r ya.<\/p>\n<p>Bir hat\u0131rlatal\u0131m:<\/p>\n<p>\u201cKim ne \u00fcr\u00fcn\u00fcd\u00fcr?\u201d diye.<\/p>\n<p>T\u00fcrke\u015f, Erbakan Ba\u015fbakan iken rahmetli oldu. \u201cT\u00fcrk d\u00fcnyas\u0131n\u0131n b\u00fcy\u00fck lideri\u201d ismiyle topra\u011fa verildi. \u201cK\u00f6r \u00f6l\u00fcr badem g\u00f6zl\u00fc olur\u201d misali, T\u00fcrke\u015f\u2019in hep lehinde s\u00f6zler s\u00f6ylendi. \u00d6lm\u00fc\u015f bir adamd\u0131 ve aleyhine s\u00f6z s\u00f6ylemenin gere\u011fi ve alemi de yoktu. B\u00f6ylece, tarihi boyunca,marjinal ve\u00a0 hep baraj alt\u0131nda kalm\u0131\u015f bir \u201czihniyet\u201d milletin zihninde me\u015fruiyet kazand\u0131.<\/p>\n<p>Bu zihniyetin ba\u015f\u0131na da nas\u0131l oldu\u011fu izah edilemeyecek \u015fekilde \u201cminister\u201d Devlet Bah\u00e7eli lider oldu.<\/p>\n<p>Refahyol iktidar\u0131 \u201c28 \u015fubat \u00e7eteleri\u201d taraf\u0131ndan d\u00fc\u015f\u00fcr\u00fcld\u00fc. Memleket, Erbakan\u2019\u0131n beceriksizli\u011fi ve hatta korkakl\u0131\u011f\u0131na propagandaya bo\u011fuldu. \u201cCesur Y\u00fcrek MHP\u201d yaygaralar\u0131 yap\u0131ld\u0131 ve bu Cesur Y\u00fcrek, Erbakan\u2019\u0131n yapamad\u0131\u011f\u0131n\u0131 yaps\u0131n diye \u201cMillet\u201d taraf\u0131ndan \u201cSa\u011f\u201d\u0131n en b\u00fcy\u00fck partisi yap\u0131ld\u0131.<\/p>\n<p>Yani, 28 \u015eubat, Ecevit ve Bah\u00e7eli iktidar\u0131n\u0131 do\u011furdu.<\/p>\n<p>MHP, tarihinde ilk defa \u201c\u0130kinci Parti\u201d oldu.<\/p>\n<p>B\u00fct\u00fcn bunlar, bir bak\u0131ma 28 \u015fubat i\u00e7inde ve bir bak\u0131ma 28 \u015fubat devam\u0131nda oldu.<\/p>\n<p>Yani, \u00f6yle oldu ki: B\u00f6ylece, 28 \u015fubat, bu iki \u201clider\u201d sayesinde ba\u015far\u0131ya ula\u015fm\u0131\u015f oldu.<\/p>\n<p>D\u00fc\u015f\u00fcn\u00fcn ki, 28 \u015fubat denilen tarihte \u201cbaraj alt\u0131\u201d ve \u201cmeclis d\u0131\u015f\u0131\u201d olan iki parti 28 \u015fubat ile ikisi birlikte iktidar oldular.<\/p>\n<p>\u0130ktidarlar\u0131 d\u00f6neminde, b\u00fct\u00fcn konjokt\u00fcr bunlara \u00e7al\u0131\u015fmas\u0131na ra\u011fmen, ne Bah\u00e7eli \u201cCesur Y\u00fcrek\u201d olabildi. Ne de Ecevit \u201cBa\u015fbakan\u201d olabildi.<\/p>\n<p>Birisi, kendi parti milletvekilleri Nesrin \u00dcnal\u2019\u0131n Mecliste ba\u015f\u0131n\u0131 a\u00e7t\u0131rarak tarihe ge\u00e7ti. Di\u011feri, Merve Kavak\u00e7\u0131\u2019ya \u201cBu kad\u0131na haddini bildirin\u201d titreyi\u015fi ile\u2026tarihe ve millet zihnine kaz\u0131nd\u0131.<\/p>\n<p>Sonlar\u0131n\u0131 ise, Ba\u015fbakanl\u0131k merdivenlerinden f\u0131rlat\u0131lan \u201cyazar kasa\u201d getirdi. Memlekette, milletin ferdi olup da iflas etmeyen esnaf kalmad\u0131. Ayr\u0131ca, soyulmad\u0131k ve i\u00e7i bo\u015falt\u0131lmad\u0131k banka kalmad\u0131. Memleket ba\u015ftan a\u015fa\u011f\u0131ya ve bir u\u00e7tan di\u011fer uca her \u015feyiyle talan edildi.<\/p>\n<p>Sonunda, \u201cErken Se\u00e7im\u201d karar\u0131 ald\u0131lar. \u00c7\u00fcnk\u00fc, \u201cY\u00f6netemediler\u201d ve memleket \u201cY\u00f6netilemez\u201d hale geldi.<\/p>\n<p>\u0130\u015fte. Akparti Bah\u00e7eli ve Ecevit\u00a0 ikilisinin memleketi getirdikleri \u00a0bu \u201cY\u00f6netilemez\u201d ortam\u0131n neticesi olarak iktidara geldi.<\/p>\n<p>28 \u015eubat\u0131n ma\u011fduru olarak de\u011fil: Ecevit ve Bah\u00e7eli ikilisinin beceriksizli\u011fi sayesinde Akparti iktidar oldu.<\/p>\n<p>Bah\u00e7eli\u2019nin \u201ciki y\u0131l\u201d y\u00f6netemedi\u011fi ve \u00fcstelik hepten bat\u0131r\u0131lm\u0131\u015f ve y\u00f6netilemez hale getirilmi\u015f \u00fclkeyi, on\u00fc\u00e7 y\u0131ld\u0131r y\u00f6netiyorlar.<\/p>\n<p>Bah\u00e7eli ve MHP, e\u011fer, \u201cadam\u201d olsayd\u0131 ve olabilseydi: Bu g\u00fcn, Akparti diye bir parti, belki hi\u00e7 olmayacakt\u0131.<\/p>\n<p>\u201c28 \u015fubat kimi yaratt\u0131?\u201d sorusunun cevab\u0131 ile \u201cKim adam de\u011fil?\u201d sorusunun cevab\u0131 ayn\u0131.<\/p>\n<p>28 \u015eubat MHP\u2019yi yaratt\u0131 ama: MHP adam de\u011fil. Olmad\u0131, olamad\u0131. Ne sayarsan\u0131z say\u0131n ama ne soruyu ne cevab\u0131 unutmay\u0131n.<\/p>\n","protected":false},"excerpt":{"rendered":"<p>MHP, Akparti\u2019nin\u00a0\u00a0 28\u015eubat Ma\u011fduriyet edebiyat\u0131 ile iktidar oldu\u011funu s\u00f6yler. Bu y\u00fczden, Akparti i\u00e7in \u201c28 \u015eubat \u00fcr\u00fcn\u00fc\u201d der. Kurguya g\u00f6re, 28 \u015eubat sayesinde Tayyip Erdo\u011fan parlat\u0131lm\u0131\u015f ve uydurma senaryolar ile iktidar yap\u0131lm\u0131\u015ft\u0131r. Millet unuttu ya. Yeni nesil de bilmez ya. Bu sayede de bu MHP y\u00f6netimi insanlar\u0131n bu halinden faydalan\u0131r ya. Bir hat\u0131rlatal\u0131m: \u201cKim ne \u00fcr\u00fcn\u00fcd\u00fcr?\u201d &hellip;<\/p>\n","protected":false},"author":17,"featured_media":48521,"comment_status":"open","ping_status":"open","sticky":false,"template":"","format":"standard","meta":{"om_disable_all_campaigns":false,"_themeisle_gutenberg_block_has_review":false,"_joinchat":[],"footnotes":""},"categories":[53,38,43],"tags":[],"class_list":["post-8012","post","type-post","status-publish","format-standard","has-post-thumbnail","","category-aydin","category-guncel","category-yazarlar"],"_links":{"self":[{"href":"https:\/\/akincilardergisi.com\/tr\/wp-json\/wp\/v2\/posts\/8012","targetHints":{"allow":["GET"]}}],"collection":[{"href":"https:\/\/akincilardergisi.com\/tr\/wp-json\/wp\/v2\/posts"}],"about":[{"href":"https:\/\/akincilardergisi.com\/tr\/wp-json\/wp\/v2\/types\/post"}],"author":[{"embeddable":true,"href":"https:\/\/akincilardergisi.com\/tr\/wp-json\/wp\/v2\/users\/17"}],"replies":[{"embeddable":true,"href":"https:\/\/akincilardergisi.com\/tr\/wp-json\/wp\/v2\/comments?post=8012"}],"version-history":[{"count":0,"href":"https:\/\/akincilardergisi.com\/tr\/wp-json\/wp\/v2\/posts\/8012\/revisions"}],"wp:featuredmedia":[{"embeddable":true,"href":"https:\/\/akincilardergisi.com\/tr\/wp-json\/wp\/v2\/media\/48521"}],"wp:attachment":[{"href":"https:\/\/akincilardergisi.com\/tr\/wp-json\/wp\/v2\/media?parent=8012"}],"wp:term":[{"taxonomy":"category","embeddable":true,"href":"https:\/\/akincilardergisi.com\/tr\/wp-json\/wp\/v2\/categories?post=8012"},{"taxonomy":"post_tag","embeddable":true,"href":"https:\/\/akincilardergisi.com\/tr\/wp-json\/wp\/v2\/tags?post=8012"}],"curies":[{"name":"wp","href":"https:\/\/api.w.org\/{rel}","templated":true}]}}