{"id":7991,"date":"2015-10-16T08:28:41","date_gmt":"2015-10-16T05:28:41","guid":{"rendered":"http:\/\/akincilardergisi.com\/dergi\/?p=7991"},"modified":"2023-11-07T11:29:41","modified_gmt":"2023-11-07T08:29:41","slug":"7991-2","status":"publish","type":"post","link":"https:\/\/akincilardergisi.com\/tr\/7991-2\/","title":{"rendered":"T\u0130MUR\u2019DAN BEYAZ T\u00dcRKLERE"},"content":{"rendered":"<p><span style=\"line-height: 115%;font-family: 'Palatino Linotype','serif';font-size: 12pt\">Ankara Sava\u015f\u0131\u2019n\u0131n akt\u00f6rlerinden olan Timur ile al\u00e2kal\u0131 olarak anlat\u0131lan hikayeler, f\u0131kralar olduk\u00e7a yayg\u0131nd\u0131r. \u0130\u015fin i\u00e7erisine bir de Nasreddin Hoca kat\u0131l\u0131nca f\u0131kralara olan ilgi daha da artmaktad\u0131r. \u0130\u015fte bu f\u0131kralardan bir tanesi.<\/span><\/p>\n<p class=\"ecxMsoNormal\" style=\"text-align: justify\"><span style=\"line-height: 115%;font-family: 'Palatino Linotype','serif';font-size: 12pt\">Ak\u015fehir \u00e7evresini mesken tutmu\u015f olan Timur bu b\u00f6lgeye beraberinde bir de fil getirmi\u015f. Ba\u015f\u0131bo\u015f b\u0131rak\u0131lan fil ba\u011flara, bah\u00e7elere ve ekili t\u00fcm alanlara zarar vermeye ba\u015flam\u0131\u015f. Ya\u015fanan durumdan bezdir kalan Ak\u015fehir halk\u0131 \u00e7areyi Nasreddin Hoca\u2019ya ba\u015fvurmakta bulmu\u015f. Demi\u015fler ki:<\/span><\/p>\n<p class=\"ecxMsoNormal\" style=\"text-align: justify\"><span style=\"line-height: 115%;font-family: 'Palatino Linotype','serif';font-size: 12pt\">-Hoca, bu Timur denilen adam senin s\u00f6z\u00fcn\u00fc dinler. \u015eu filin bir \u00e7aresine baksan, anam\u0131z\u0131 a\u011flatt\u0131.<\/span><\/p>\n<p class=\"ecxMsoNormal\" style=\"text-align: justify\"><span style=\"line-height: 115%;font-family: 'Palatino Linotype','serif';font-size: 12pt\">Hoca bu teklifi kabul etmi\u015f ve yar\u0131n hep birlikte Timur\u2019un huzuruna varal\u0131m, derdimizi anlatal\u0131m demi\u015f. Ertesi g\u00fcn bulu\u015fmu\u015flar. Nasreddin Hoca \u00f6nde, Ak\u015fehir halk\u0131 arkas\u0131nda Timur\u2019a gitmek \u00fczere yola \u00e7\u0131km\u0131\u015flar. Her yol ayr\u0131m\u0131nda gruptan birileri kopuyormu\u015f. Nasreddin Hoca Timur\u2019un kar\u015f\u0131s\u0131na geldi\u011finde bir de bakm\u0131\u015f ki yan\u0131nda kimsecikler kalmam\u0131\u015f. Duruma fena halde bozulan Hoca Ak\u015fehirlilere bir ders vereyim diye d\u00fc\u015f\u00fcnm\u00fc\u015f ve Timur\u2019a:<\/span><\/p>\n<p class=\"ecxMsoNormal\" style=\"text-align: justify\"><span style=\"line-height: 115%;font-family: 'Palatino Linotype','serif';font-size: 12pt\">-Efendim, biz Ak\u015fehirliler olarak getirmi\u015f oldu\u011funuz fili \u00e7ok sevdik. Fakat hayvanca\u011f\u0131z yaln\u0131zl\u0131ktan olsa gerek \u00e7ok huzursuz g\u00f6r\u00fcn\u00fcyor. Ak\u015fehir halk\u0131 bu filin e\u015fini de getirmenizi istiyor, der. Timur bu s\u00f6zlerden ho\u015flan\u0131r ve Ak\u015fehirlilerin iste\u011fini yerine getirece\u011fini s\u00f6yler. Timur\u2019un yan\u0131ndan ayr\u0131lan Nasreddin Hoca kendisini beklemekte olan ahalinin yan\u0131na geldi\u011finde halk merakla ne yapt\u0131\u011f\u0131n\u0131 sorar. Hoca g\u00fclerek cevap verir: <b>M\u00fcjdeler olsun. Bel\u00e2n\u0131n di\u015fisi de geliyor.<\/b><\/span><\/p>\n<p class=\"ecxMsoNormal\" style=\"text-align: justify\"><span style=\"line-height: 115%;font-family: 'Palatino Linotype','serif';font-size: 12pt\">Evet Pkk ve onun ad\u0131 batas\u0131ca partisi, \u0130ngilizler ba\u015fta olmak \u00fczere emperyalistlerin bu topraklara att\u0131\u011f\u0131 bir zehirdir, bir belad\u0131r. Tabi ki bunlar, onlar\u0131n bu topraklardaki ilk belas\u0131 olmad\u0131\u011f\u0131 gibi son belas\u0131 da olmayacakt\u0131r. Bel\u00e2n\u0131n ad\u0131 g\u00fcn gelir Pkk olur, g\u00fcn gelir Kck olur, g\u00fcn gelir Pyd olur, g\u00fcn gelir \u0130\u015fid olur, g\u00fcn gelir Dhkp\/c olur. Bunlar bazen pe\u015f pe\u015fe gelir, bazen ayn\u0131 anda gelir. Ama hep gelir. Ve bunlar\u0131 geli\u015flerinden tan\u0131r\u0131z, biliriz. Timur\u2019un getirdi\u011fi ilk fil gibidirler. S\u0131k\u0131nt\u0131 verdiler, ac\u0131 verdiler, kan ak\u0131tt\u0131lar, g\u00f6z ya\u015f\u0131 d\u00f6kt\u00fcrd\u00fcler. Sadece kar\u015f\u0131lar\u0131nda olanlara de\u011fil; kendilerine g\u00f6n\u00fcll\u00fc ta\u015feronluk ve ma\u015fal\u0131k yapanlara da ac\u0131 verdiler, onlar\u0131 da katlettiler. En son Ankara Gar\u0131\u2019nda kendi bayraklar\u0131n\u0131\/pa\u00e7avralar\u0131n\u0131 sallayanlar\u0131 katlettikleri gibi.\u00a0 Sonra da devlet yapt\u0131 dediler. Biz biz bunu yemedik. Fakat ya\u015fanan vah\u015fet bir bel\u00e2d\u0131r ve geldi. <\/span><\/p>\n<p class=\"ecxMsoNormal\" style=\"text-align: justify\"><span style=\"line-height: 115%;font-family: 'Palatino Linotype','serif';font-size: 12pt\">Birileri bu belay\u0131 g\u00f6rmek ve tan\u0131mak istemedi. Toplumun masum kesimlerinden esirgedikleri ho\u015fg\u00f6r\u00fcy\u00fc ve tolerans\u0131 bunlara kar\u015f\u0131 g\u00f6sterdiler. Sat\u0131lm\u0131\u015f ve milletin kan\u0131n\u0131 emmi\u015f olan paralelciler amal\u0131, fakatl\u0131 c\u00fcmlelerle bunlar\u0131n yapt\u0131klar\u0131 her \u015feyi masum g\u00f6stermeye \u00e7al\u0131\u015ft\u0131lar. Bununla da kalmad\u0131lar. Az yap\u0131yorsunuz, az katlediyorsunuz, az \u015fehit cenazeleri geliyor, dozu biraz daha art\u0131r\u0131n dercesine yay\u0131nlar yapmaya ba\u015flad\u0131lar. H\u0131zlar\u0131n\u0131 alamay\u0131nca oy vermekten bahsettiler, hep birden partilerini sat\u0131p ter\u00f6r \u00f6rg\u00fct\u00fcn\u00fcn partisine oy verdiler. H\u0131rslar\u0131 ve kinleri o kadar ileri boyutlara vard\u0131 ki, oy verdiklerini a\u00e7\u0131klamaktan \u00e7ekinmedikleri gibi yine vereceklerini de deklare ettiler. <\/span><\/p>\n<p class=\"ecxMsoNormal\" style=\"text-align: justify\"><span style=\"line-height: 115%;font-family: 'Palatino Linotype','serif';font-size: 12pt\">\u015eimdi ad\u0131n\u0131 yukar\u0131da sayd\u0131\u011f\u0131m\u0131z bela \u00e7e\u015fitlerini bu topraklara bula\u015ft\u0131ranlar, onlar\u0131 pazarlayanlar k\u0131s k\u0131s g\u00fclmektedirler. <b>\u201cVay be biz sadece K\u00fcrtleri ayart\u0131r\u0131z zannetmi\u015ftik, me\u011fer bize te\u015fne olan nekadar da \u00e7ok beyaz T\u00fcrk varm\u0131\u015f.\u201d <\/b>demekten kendilerini alamad\u0131lar.<b> <\/b>Aynen Timur\u2019un ikici fili gibi. Hani Nasreddin Hoca belan\u0131n di\u015fisi demi\u015fti ya, aynen \u00f6yle. Beyaz T\u00fcrklerin, \u015ferefsiz T\u00fcrklerin, Hoca\u2019n\u0131n tabiriyle kanc\u0131k T\u00fcrklerin sayesinde bu topra\u011f\u0131n belas\u0131 eksik olmayacakt\u0131r. Zaten bat\u0131l da bela de\u011fil midir, kanc\u0131k de\u011fil midir, hain de\u011fil midir. <\/span><\/p>\n<p class=\"ecxMsoNormal\" style=\"text-align: justify\"><span style=\"line-height: 115%;font-family: 'Palatino Linotype','serif';font-size: 12pt\">\u00a0<\/span><\/p>\n<p class=\"ecxMsoNormal\" style=\"text-align: justify\"><span style=\"line-height: 115%;font-family: 'Palatino Linotype','serif';font-size: 12pt\">Belalar var diye, hainler var diye, sat\u0131lm\u0131\u015flar var diye, kahpeler var diye, s\u00f6m\u00fcrge valisi gibi siyaset\u00e7iler var diye biz davam\u0131zdan vazm\u0131 ge\u00e7ece\u011fiz. Elbette hay\u0131r. <b>Vakti \u015ferifler hayrolana kadar, hay\u0131rlar fetholana kadar, \u015ferler def olana kadar, niyazlar\u0131m\u0131z kabul olana kadar m\u00fccadeleye devam edece\u011fiz. <\/b>Bu dava \u0130slam topra\u011f\u0131 k\u0131lanan ve \u00fcmmetin \u00fcmidi olan Anadolu\u2019nun \u0130slam topra\u011f\u0131 olarak kalmas\u0131 davas\u0131d\u0131r. Abd\u00fclhamit\u2019in b\u0131rakt\u0131\u011f\u0131 yerden devam etme davas\u0131d\u0131r ve bu bir gaza harek\u00e2t\u0131d\u0131r. Gazam\u0131z m\u00fcbarek olsun.<\/span><\/p>\n<p class=\"ecxMsoNormal\" style=\"text-align: justify\"><span style=\"line-height: 115%;font-family: 'Tahoma','sans-serif';font-size: 20pt\">\u00a0<\/span><\/p>\n<p class=\"ecxMsoNormal\" style=\"text-align: justify\"><b><span style=\"line-height: 115%;font-family: 'Tahoma','sans-serif';font-size: 20pt\">\u00d6mer Naci YILMAZ<\/span><\/b><\/p>\n","protected":false},"excerpt":{"rendered":"<p>Ankara Sava\u015f\u0131\u2019n\u0131n akt\u00f6rlerinden olan Timur ile al\u00e2kal\u0131 olarak anlat\u0131lan hikayeler, f\u0131kralar olduk\u00e7a yayg\u0131nd\u0131r. \u0130\u015fin i\u00e7erisine bir de Nasreddin Hoca kat\u0131l\u0131nca f\u0131kralara olan ilgi daha da artmaktad\u0131r. \u0130\u015fte bu f\u0131kralardan bir tanesi. Ak\u015fehir \u00e7evresini mesken tutmu\u015f olan Timur bu b\u00f6lgeye beraberinde bir de fil getirmi\u015f. Ba\u015f\u0131bo\u015f b\u0131rak\u0131lan fil ba\u011flara, bah\u00e7elere ve ekili t\u00fcm alanlara zarar vermeye &hellip;<\/p>\n","protected":false},"author":26,"featured_media":48521,"comment_status":"open","ping_status":"open","sticky":false,"template":"","format":"standard","meta":{"om_disable_all_campaigns":false,"_themeisle_gutenberg_block_has_review":false,"_joinchat":[],"footnotes":""},"categories":[38,54,43],"tags":[],"class_list":["post-7991","post","type-post","status-publish","format-standard","has-post-thumbnail","","category-guncel","category-omer","category-yazarlar"],"_links":{"self":[{"href":"https:\/\/akincilardergisi.com\/tr\/wp-json\/wp\/v2\/posts\/7991","targetHints":{"allow":["GET"]}}],"collection":[{"href":"https:\/\/akincilardergisi.com\/tr\/wp-json\/wp\/v2\/posts"}],"about":[{"href":"https:\/\/akincilardergisi.com\/tr\/wp-json\/wp\/v2\/types\/post"}],"author":[{"embeddable":true,"href":"https:\/\/akincilardergisi.com\/tr\/wp-json\/wp\/v2\/users\/26"}],"replies":[{"embeddable":true,"href":"https:\/\/akincilardergisi.com\/tr\/wp-json\/wp\/v2\/comments?post=7991"}],"version-history":[{"count":0,"href":"https:\/\/akincilardergisi.com\/tr\/wp-json\/wp\/v2\/posts\/7991\/revisions"}],"wp:featuredmedia":[{"embeddable":true,"href":"https:\/\/akincilardergisi.com\/tr\/wp-json\/wp\/v2\/media\/48521"}],"wp:attachment":[{"href":"https:\/\/akincilardergisi.com\/tr\/wp-json\/wp\/v2\/media?parent=7991"}],"wp:term":[{"taxonomy":"category","embeddable":true,"href":"https:\/\/akincilardergisi.com\/tr\/wp-json\/wp\/v2\/categories?post=7991"},{"taxonomy":"post_tag","embeddable":true,"href":"https:\/\/akincilardergisi.com\/tr\/wp-json\/wp\/v2\/tags?post=7991"}],"curies":[{"name":"wp","href":"https:\/\/api.w.org\/{rel}","templated":true}]}}