{"id":7942,"date":"2015-10-15T07:01:49","date_gmt":"2015-10-15T04:01:49","guid":{"rendered":"http:\/\/akincilardergisi.com\/dergi\/?p=7942"},"modified":"2023-11-07T11:29:41","modified_gmt":"2023-11-07T08:29:41","slug":"istihbarat-mi-yoksa-insanlik-zaafiyeti-mi","status":"publish","type":"post","link":"https:\/\/akincilardergisi.com\/tr\/istihbarat-mi-yoksa-insanlik-zaafiyeti-mi\/","title":{"rendered":"\u0130ST\u0130HBARAT MI, YOKSA \u0130NSANLIK ZAAF\u0130YET\u0130 M\u0130?"},"content":{"rendered":"<div dir=\"ltr\"><span style=\"line-height: 115%;font-family: 'Palatino Linotype', serif;font-size: 12pt\">10 Ekim 2015 Cumartesi g\u00fcn\u00fc Ankara\u2019da meydana gelen katliam\u0131n ard\u0131ndan tart\u0131\u015fmalar \u00f6n\u00fcm\u00fczdeki 1 Kas\u0131m 2015 se\u00e7imlerini unutturdu. Katil devlettir diye h\u00f6yk\u00fcrenler bir yana, devleti direkt olarak su\u00e7layamayanlar bir istihbarat zaafiyeti tart\u0131\u015fmas\u0131 ba\u015flatm\u0131\u015f bulunmaktad\u0131rlar. Genelde her patlaman\u0131n ard\u0131ndan bu t\u00fcrden tart\u0131\u015fmalar ya\u015fan\u0131r. Bu kez yap\u0131lan tart\u0131\u015fmalar daha sistematik ve bilin\u00e7li yap\u0131lmaktad\u0131r. Ama\u00e7 f\u0131rsat ele ge\u00e7irilmi\u015f iken bir alg\u0131 operasyonu olu\u015fturmakt\u0131r. Paralel\u00a0 medya \u00f6yle bir yay\u0131n anlay\u0131\u015f\u0131 izlemektedir ki \u0130srail bile <b>\u201cbu ne lan bizimkiler bizi ge\u00e7ti\u201d<\/b> diye hayretlerini ifade edecek duruma gelmektedir. Do\u011fan medyas\u0131 denilen y\u0131z\u0131l\u0131 ve g\u00f6rsel ter\u00f6r \u00f6rg\u00fct\u00fc i\u015fgalci bas\u0131n olsa ancak b\u00f6yle yay\u0131n yapabilirdi. <\/span><\/p>\n<p class=\"ecxMsoNormal\" style=\"text-align: justify\"><span style=\"line-height: 115%;font-family: 'Palatino Linotype', serif;font-size: 12pt\">Devletin g\u00fcvenlik g\u00fc\u00e7lerinin mitinglerinize kat\u0131lmas\u0131n\u0131 istemeyeceksin, biz kendi g\u00fcvenli\u011fimizi kendimiz sa\u011flar\u0131z diye devlete meydan okuyacaks\u0131n, toplant\u0131lar\u0131n\u0131za kat\u0131lanlara yap\u0131lacak \u00fcst aramas\u0131na kar\u015f\u0131 \u00e7\u0131kacaks\u0131n ondan sonra da \u00e7\u0131k\u0131p g\u00fcvenlik zaafiyeti, istihbarat zaafiyeti var diye ortal\u0131\u011f\u0131 birbirine katacaks\u0131n. Bombalar neden ter\u00f6r partisinin toplant\u0131lar\u0131nda patlat\u0131l\u0131yor? Patlamalar s\u0131ras\u0131nda bu partinin \u00fcst y\u00f6neticileri neden orada olmuyor? Onlar\u0131n oldu\u011fu toplant\u0131larda bombalar neden onlardan uzak yerde ve halk\u0131n aras\u0131nda patlat\u0131l\u0131yor? Di\u011fer partilerin toplant\u0131lar\u0131na kolay kolay giremeyen canl\u0131 bombalar, bunlar\u0131n toplant\u0131lar\u0131na nas\u0131l oluyor da ellerini kollar\u0131n\u0131 sallayarak girebiliyorlar? Bu t\u00fcrden toplant\u0131 alanlar\u0131na girmelerini kim sa\u011fl\u0131yor, kimler kolayla\u015ft\u0131r\u0131yor? Asfaltlara, yollara, k\u00f6pr\u00fc altlar\u0131na kim bomba yerle\u015ftiriyorsa ayn\u0131 eller Ankara\u2019daki bombalar\u0131 patlatm\u0131\u015ft\u0131r. Yalandan sa\u011fda solda, \u015furada burada aramaya gerek yok. \u015eu \u00f6rg\u00fct yapt\u0131 bu \u00f6rg\u00fct yapt\u0131 cinsinden tahmin y\u00fcr\u00fctmeye de gerek yoktur. Bu \u00fclkede bil umum T\u00fcrkiye d\u00fc\u015fmanlar\u0131n\u0131n g\u00f6n\u00fcll\u00fc ta\u015feronlu\u011funu kim yap\u0131yorsa bombalar\u0131 da onlar patlat\u0131yor. Birbirinden ba\u011f\u0131ms\u0131z \u00f6rg\u00fctlerin ismi an\u0131l\u0131yorsada, hi\u00e7 farketmez hepsi ayn\u0131 merkezden y\u00f6netilmekte ve ayn\u0131 el taraf\u0131ndan kullan\u0131lmaktad\u0131r. Ama\u00e7 T\u00fcrkiye\u2019yi Irak\u2019a, Suriye\u2019ye \u00e7evirmektir.\u00a0 Kendi i\u00e7 meseleleriyle u\u011fra\u015fan bir T\u00fcrkiye i\u015flerine gelmektedir. Zira b\u00f6lge \u00fczerindeki emellerine \u00e7ok daha rahat ula\u015fabilmenin yolu T\u00fcrkiye\u2019yi bertaraf etmekten ge\u00e7mektedir. Onlar\u0131n b\u00f6yle yapmak istemeleri gayet normaldir. \u00c7\u00fcnk\u00fc o bir d\u00fc\u015fmand\u0131r. Peki buna te\u015fne olan ahmaklara ne demelidir? Hdp bayra\u011f\u0131n\u0131n oldu\u011fu yerde hangi bar\u0131\u015ftan bahsediyorsun, Pkk bayraklar\u0131n\u0131n oldu\u011fu yerde hangi bar\u0131\u015ftan bahsediyorsun? Daha bir ay kadar \u00f6nce da\u011fdaki ter\u00f6ristlerin yan\u0131na gitmek i\u00e7in g\u00fcvenlik barikatlar\u0131n\u0131 zorlayanlar\u0131n oldu\u011fu meydanlar\u0131n, mitinglerin hangi bar\u0131\u015fa hizmet etti\u011fini zannediyorsunuz? \u00d6len insanlar\u0131n cenazelerinin bile bir alg\u0131 operasyonuna ve porapagandaya \u00e7evrildi\u011fini g\u00f6rm\u00fcyor muyuz? Cenazeleri ta\u015f\u0131yan malum belediyelerin ara\u00e7lar\u0131na as\u0131lan Pkk bayraklar\u0131n\u0131\/pa\u00e7avralar\u0131n\u0131 acaba beyaz ve \u015ferefli (!) T\u00fcrkler g\u00f6rm\u00fcyor mu? Tabutlar\u0131n \u00fczerine konulan Pkk pa\u00e7avralar\u0131n\u0131 g\u00f6rm\u00fcyorlar m\u0131?<\/span><\/p>\n<p class=\"ecxMsoNormal\" style=\"text-align: justify\"><span style=\"line-height: 115%;font-family: 'Palatino Linotype', serif;font-size: 12pt\">Kahrolsun Pkk diyemeyenler, Pkk bir ter\u00f6r \u00f6rg\u00fct\u00fcd\u00fcr diyemeyenler, Allah Pkk\u2019n\u0131n belas\u0131n\u0131 versin diyemeyenler, Polisimize, askerimize uzanan eller k\u0131r\u0131ls\u0131n diyemeyenler, hendek kazan roketatarl\u0131 ter\u00f6ristlere belediyenin ara\u00e7lar\u0131n\u0131 tahsis edenler hangi bar\u0131\u015ftan bahsediyorlar? Bunlar\u0131 g\u00f6rmezden gelip de biz bar\u0131\u015f istiyoruz diyenler katildir, ter\u00f6risttir, insanl\u0131\u011f\u0131n d\u00fc\u015fman\u0131d\u0131r. Utanmadan, s\u0131k\u0131lmadan da istihbarat zaafiyetinden bahsediyorlar. \u00d6nce insan olun, insanl\u0131k zaafiyetlerinize bir son verin de ondan sonra istihbarat zaafiyetinden bahsedin. <\/span><\/p>\n<p class=\"ecxMsoNormal\" style=\"text-align: justify\"><span style=\"line-height: 115%;font-family: 'Palatino Linotype', serif;font-size: 12pt\">Cumhurba\u015fkan\u0131n\u0131 ter\u00f6rist cenazesine kat\u0131lmaya \u00e7a\u011f\u0131ran ahmaklara sormak laz\u0131m: <b>\u201cSizler hangi polisimizin, hangi askerimizin cenazesine kat\u0131ld\u0131n\u0131z da devleti devletin d\u00fc\u015fman\u0131n\u0131n cenazesine \u00e7a\u011f\u0131r\u0131yorsunuz?\u201d <\/b>Siz provokasyonlar\u0131n\u0131zla insanlar\u0131 katledin, \u00f6l\u00fcmlerin ard\u0131ndan ellerinizi ovu\u015fturun, yine kazan\u00e7l\u0131 \u00e7\u0131kt\u0131k diye sevinin, katliam protestosunu se\u00e7im mitingine \u00e7evirip oy dev\u015firmeye \u00e7al\u0131\u015f\u0131n, sonrada bar\u0131\u015f edebiyat\u0131 yap\u0131n, \u00f6yle mi? Biz de yedik(!) Fakat bunu yiyen ahmak beyaz T\u00fcrklere de lanet olsun.<\/span><\/p>\n<p class=\"ecxMsoNormal\" style=\"text-align: justify\"><span style=\"line-height: 115%;font-family: 'Palatino Linotype', serif;font-size: 12pt\">Bu katiller, katil severler, milletin her t\u00fcrl\u00fc de\u011ferinin d\u00fc\u015fman\u0131 olanlar ve bunlar\u0131n partisi bu kafa ile devam etti\u011fi m\u00fcddet\u00e7e bar\u0131\u015f kelimesi t\u00fcketilen bir kavram olarak sadace t\u00fcrk\u00fclerde ve \u015fark\u0131larda kalmaya mahkum edilmi\u015f olacakt\u0131r. <\/span><\/p>\n<p class=\"ecxMsoNormal\" style=\"text-align: justify\"><span style=\"line-height: 115%;font-family: 'Palatino Linotype', serif;font-size: 12pt\">B\u00fct\u00fcn fitneciler gibi, b\u00fct\u00fcn fesat \u00e7\u0131karanlar gibi bunlarda biz iyilikten, insanl\u0131ktan ve bar\u0131\u015ftan yanay\u0131z diye nutuk atacaklard\u0131r. Aynen a\u011fababalar\u0131n\u0131n yapt\u0131\u011f\u0131 gibi: <b>\u201cOnlara, \u201cYery\u00fcz\u00fcnde bozgun \u00e7\u0131kartmay\u0131n\u201d dendi\u011finde, \u201cTam tersine, bizler bar\u0131\u015f ve esenlik getirenleriz\u201d demi\u015flerdir.\u201d <\/b>(2\/Bakara, 11)<\/span><\/p>\n<p class=\"ecxMsoNormal\" style=\"text-align: justify\"><span style=\"line-height: 115%;font-family: 'Palatino Linotype', serif;font-size: 12pt\">Her kim insanl\u0131\u011f\u0131n huzurunu bozuyorsa, bar\u0131\u015f deyip kan siyaseti yap\u0131yorsa Allah belas\u0131n\u0131 versin. B\u00fct\u00fcn bunlar\u0131 g\u00f6rd\u00fc\u011f\u00fc, bildi\u011fi, anlad\u0131\u011f\u0131 halde h\u00e2l\u00e2 bunlar\u0131n bar\u0131\u015ftan yana oldu\u011funu d\u00fc\u015f\u00fcnen ahmaklar ve beyaz T\u00fcrkler varsa Allah onlar\u0131nda belas\u0131n\u0131 versin. Milletimizi yakan her ne varsa ayn\u0131s\u0131yla Rabbim onlar\u0131 da yaks\u0131n.<\/span><\/p>\n<p class=\"ecxMsoNormal\" style=\"text-align: justify\"><b><span style=\"line-height: 115%;font-family: Tahoma, sans-serif;font-size: 20pt\">\u00d6mer Naci YILMAZ<\/span><\/b><\/p>\n<\/div>\n<p>&nbsp;<\/p>\n<div class=\"v-InboxFooterContainer\">\n<div class=\"c-PageFooter Unselectable\">\n<table class=\"uxp_ftr_control t_fbgc\" style=\"height: 45px\" width=\"9\" cellspacing=\"0\" cellpadding=\"0\">\n<tbody>\n<tr>\n<td class=\"uxp_ftr_left t_lnksi\"><span id=\"uxp_ftr_link_trademark\">t<\/span><\/td>\n<\/tr>\n<\/tbody>\n<\/table>\n<\/div>\n<\/div>\n","protected":false},"excerpt":{"rendered":"<p>10 Ekim 2015 Cumartesi g\u00fcn\u00fc Ankara\u2019da meydana gelen katliam\u0131n ard\u0131ndan tart\u0131\u015fmalar \u00f6n\u00fcm\u00fczdeki 1 Kas\u0131m 2015 se\u00e7imlerini unutturdu. Katil devlettir diye h\u00f6yk\u00fcrenler bir yana, devleti direkt olarak su\u00e7layamayanlar bir istihbarat zaafiyeti tart\u0131\u015fmas\u0131 ba\u015flatm\u0131\u015f bulunmaktad\u0131rlar. Genelde her patlaman\u0131n ard\u0131ndan bu t\u00fcrden tart\u0131\u015fmalar ya\u015fan\u0131r. Bu kez yap\u0131lan tart\u0131\u015fmalar daha sistematik ve bilin\u00e7li yap\u0131lmaktad\u0131r. Ama\u00e7 f\u0131rsat ele ge\u00e7irilmi\u015f iken &hellip;<\/p>\n","protected":false},"author":26,"featured_media":48521,"comment_status":"open","ping_status":"open","sticky":false,"template":"","format":"standard","meta":{"om_disable_all_campaigns":false,"_themeisle_gutenberg_block_has_review":false,"_joinchat":[],"footnotes":""},"categories":[1,54,43],"tags":[],"class_list":["post-7942","post","type-post","status-publish","format-standard","has-post-thumbnail","","category-genel","category-omer","category-yazarlar"],"_links":{"self":[{"href":"https:\/\/akincilardergisi.com\/tr\/wp-json\/wp\/v2\/posts\/7942","targetHints":{"allow":["GET"]}}],"collection":[{"href":"https:\/\/akincilardergisi.com\/tr\/wp-json\/wp\/v2\/posts"}],"about":[{"href":"https:\/\/akincilardergisi.com\/tr\/wp-json\/wp\/v2\/types\/post"}],"author":[{"embeddable":true,"href":"https:\/\/akincilardergisi.com\/tr\/wp-json\/wp\/v2\/users\/26"}],"replies":[{"embeddable":true,"href":"https:\/\/akincilardergisi.com\/tr\/wp-json\/wp\/v2\/comments?post=7942"}],"version-history":[{"count":0,"href":"https:\/\/akincilardergisi.com\/tr\/wp-json\/wp\/v2\/posts\/7942\/revisions"}],"wp:featuredmedia":[{"embeddable":true,"href":"https:\/\/akincilardergisi.com\/tr\/wp-json\/wp\/v2\/media\/48521"}],"wp:attachment":[{"href":"https:\/\/akincilardergisi.com\/tr\/wp-json\/wp\/v2\/media?parent=7942"}],"wp:term":[{"taxonomy":"category","embeddable":true,"href":"https:\/\/akincilardergisi.com\/tr\/wp-json\/wp\/v2\/categories?post=7942"},{"taxonomy":"post_tag","embeddable":true,"href":"https:\/\/akincilardergisi.com\/tr\/wp-json\/wp\/v2\/tags?post=7942"}],"curies":[{"name":"wp","href":"https:\/\/api.w.org\/{rel}","templated":true}]}}