{"id":7876,"date":"2015-10-11T07:12:58","date_gmt":"2015-10-11T04:12:58","guid":{"rendered":"http:\/\/akincilardergisi.com\/dergi\/?p=7876"},"modified":"2023-11-05T21:26:29","modified_gmt":"2023-11-05T18:26:29","slug":"ak-partiyi-nicin-ve-kim-istemiyor","status":"publish","type":"post","link":"https:\/\/akincilardergisi.com\/tr\/ak-partiyi-nicin-ve-kim-istemiyor\/","title":{"rendered":"AK PART\u0130Y\u0130 N\u0130\u00c7\u0130N VE K\u0130M SEVM\u0130YOR?"},"content":{"rendered":"<p>Bu \u00fclkede iyi i\u015fleri yapanlar sevilmez. Ya Menderes gibi as\u0131l\u0131r, ya \u00d6zal gibi zehirlerler, Erbakan gibi Ba\u015fbakanl\u0131ktan d\u00fc\u015f\u00fcr\u00fcl\u00fcr, ya Tayyip Erdo\u011fan gibi diktat\u00f6r ilan edilir, ya AK Parti gibi yok edilmek i\u00e7in her t\u00fcrl\u00fc fitne f\u00fccur, anar\u015fi, i\u00e7 ve d\u0131\u015fta sald\u0131r\u0131lara maruz b\u0131rak\u0131l\u0131r.<\/p>\n<p>AK PART\u0130\u00a0\u00a0dindar ve muhafazak\u00e2r oldu\u011fu i\u00e7in ateistler, laikler ve din d\u00fc\u015fmanlar\u0131 sevmiyor.<\/p>\n<p>\u00d6zel muayenehanelerini kald\u0131rd\u0131\u011f\u0131, ek gelirlerini yok etti\u011fi i\u00e7in Kamuda \u00e7al\u0131\u015fan Doktorlar sevmiyor.<\/p>\n<p>Parayla ila\u00e7 satma d\u00f6nemi bitti\u011fi, vurgunlara son verdi\u011fi i\u00e7in Eczac\u0131lar sevmiyor.<\/p>\n<p>Her \u015feyi hukuki kurallara ba\u011flad\u0131\u011f\u0131 i\u00e7in Avukatlar ve \u00fclkede hukuku hukuksuz hale getirenler sevmiyor.<\/p>\n<p>Projelerden ald\u0131klar\u0131 % 2 zorunlu \u00fccreti kald\u0131r\u0131ld\u0131 diye. Mimarlar odas\u0131 (TMMOB) sevmiyor.<\/p>\n<p>Rotasyonu zorunlu hale getirdi, mesle\u011fine ba\u015flad\u0131\u011f\u0131 gibi, bulundu\u011fu masay\u0131 \u00f6zel i\u015f yeri gibi kullanan memurlar\u0131n devri bitti diye baz\u0131 memurlar sevmiyor.<\/p>\n<p>Faizleri d\u00fc\u015f\u00fcrd\u00fc, m\u00fc\u015fterilerden haks\u0131zca kesilen t\u00fcm masraflar\u0131 geri almak hakk\u0131n\u0131 verdi diye Banka ve para sekt\u00f6r\u00fc sevmiyor.<\/p>\n<p>\u00d6zelle\u015ftirmeleri yapt\u0131, ak\u015fama kadar at yar\u0131\u015f\u0131 oynay\u0131p, bira i\u00e7erek maa\u015f\u0131n\u0131n yatt\u0131\u011f\u0131 yerden ald\u0131\u011f\u0131 i\u00e7in kimi i\u015f\u00e7i kesimi sevmiyor.<\/p>\n<p>E-devlet \u00fczerinden fatura kesme zorunlulu\u011fu getirdi, k\u00e2\u011f\u0131t par\u00e7as\u0131ndan binlerce lira kazanma d\u00f6nemi bitti diye kimi g\u00f6z\u00fc a\u00e7\u0131k esnaf sevmiyor.<\/p>\n<p>Mazot, g\u00fcbre ve kredileri bor\u00e7lar\u0131n\u0131 devlet affetmedi\u011fi ve popilist politikalar izlemedi\u011fi i\u00e7in \u00e7ift\u00e7iler sevmiyor.<\/p>\n<p>Bu topraklarda \u0131rk ayr\u0131m\u0131 g\u00f6zetmeksizin vatanda\u015flar\u0131n karde\u015fli\u011fini sa\u011flamaya \u00e7al\u0131\u015ft\u0131\u011f\u0131 i\u00e7in \u015f\u00f6venistler, ulusalc\u0131lar ve \u0131rk\u00e7\u0131lar sevmiyor.<\/p>\n<p>Yapt\u0131\u011f\u0131 reformlarla, getirdi\u011fi \u00f6zg\u00fcrl\u00fcklerle, insan haklar\u0131 ile demokrasi ile t\u00fcm yalanlar\u0131 meydana \u00e7\u0131kt\u0131 diye Kemalistler sevmiyor.<\/p>\n<p>Ortado\u011fu\u2019ya kar\u0131\u015f\u0131yor, M\u00fcsl\u00fcman milletlere sahipleniyor diye Amerika, \u0130ngiltere, Fransa gibi s\u00f6m\u00fcrgeci ve i\u015fgalci devletler sevmiyor.<\/p>\n<p>K\u00fcresel projelerle Avrupa\u2019n\u0131n gelirlerini ellerinden al\u0131yor diye Avrupal\u0131lar sevmiyor.<\/p>\n<p>\u00c7\u00f6z\u00fcm s\u00fcreciyle vaad edilmi\u015f topraklar\u0131 risk alt\u0131na giriyor, T\u00fcrkiye b\u00f6lgede lider \u00fclke oluyor diye \u0130srail sevmiyor.<\/p>\n<p>Bulara Avrupal\u0131 bir solcu \u015fahit olsa, der ki; Bunlar ne kadar halktan yana, ne m\u00fckemmel bir sosyalistler, devrimci ve halk\u00e7\u0131ym\u0131\u015f b\u00f6yle \u2019\u2019 diye AK Partiye toz kondurmazd\u0131.<\/p>\n<p>Bizdeki solcular, milliyet\u00e7iler \u00fclkeye hizmet edenlere sade nefret etmesini ve onlar\u0131 tehdit, karalama ve d\u0131\u015flamas\u0131n\u0131 biliyor. Bizdeki solcular ve milliyet\u00e7iler ellerine f\u0131rsat ge\u00e7erse su\u00e7suz yere Menderes\u2019i ast\u0131klar\u0131 gibi asmay\u0131, \u00d6zal\u2019\u0131 zehirledikleri gibi zehirlemeyi, Erbakan\u2019\u0131 Ba\u015fbakanl\u0131ktan d\u00fc\u015f\u00fcrd\u00fckleri gibi darbe yapmay\u0131, Erdo\u011fan\u2019a kar\u015f\u0131 \u00e7\u0131kt\u0131klar\u0131 gibi anar\u015fi ve ter\u00f6r yapmas\u0131n\u0131 \u00fclkeye ellerinden geldi\u011fi kadar zarar vermesini biliyor.<\/p>\n<p>Ama Allah onlara f\u0131rsat vermiyor. Milletimiz her t\u00fcrl\u00fc \u015fartlarda bu \u015farlatanlara kar\u015f\u0131 vatana ve milletimize hizmet edenleri unutmuyor ve onlar\u0131 destekliyor, desteklemeye sahip \u00e7\u0131kmaya devam ediyor.<\/p>\n","protected":false},"excerpt":{"rendered":"<p>Bu \u00fclkede iyi i\u015fleri yapanlar sevilmez. Ya Menderes gibi as\u0131l\u0131r, ya \u00d6zal gibi zehirlerler, Erbakan gibi Ba\u015fbakanl\u0131ktan d\u00fc\u015f\u00fcr\u00fcl\u00fcr, ya Tayyip Erdo\u011fan gibi diktat\u00f6r ilan edilir, ya AK Parti gibi yok edilmek i\u00e7in her t\u00fcrl\u00fc fitne f\u00fccur, anar\u015fi, i\u00e7 ve d\u0131\u015fta sald\u0131r\u0131lara maruz b\u0131rak\u0131l\u0131r. AK PART\u0130\u00a0\u00a0dindar ve muhafazak\u00e2r oldu\u011fu i\u00e7in ateistler, laikler ve din d\u00fc\u015fmanlar\u0131 sevmiyor. &hellip;<\/p>\n","protected":false},"author":13,"featured_media":48521,"comment_status":"open","ping_status":"open","sticky":false,"template":"","format":"standard","meta":{"om_disable_all_campaigns":false,"_themeisle_gutenberg_block_has_review":false,"_joinchat":[],"footnotes":""},"categories":[38,43,59],"tags":[],"class_list":["post-7876","post","type-post","status-publish","format-standard","has-post-thumbnail","","category-guncel","category-yazarlar","category-zafer"],"_links":{"self":[{"href":"https:\/\/akincilardergisi.com\/tr\/wp-json\/wp\/v2\/posts\/7876","targetHints":{"allow":["GET"]}}],"collection":[{"href":"https:\/\/akincilardergisi.com\/tr\/wp-json\/wp\/v2\/posts"}],"about":[{"href":"https:\/\/akincilardergisi.com\/tr\/wp-json\/wp\/v2\/types\/post"}],"author":[{"embeddable":true,"href":"https:\/\/akincilardergisi.com\/tr\/wp-json\/wp\/v2\/users\/13"}],"replies":[{"embeddable":true,"href":"https:\/\/akincilardergisi.com\/tr\/wp-json\/wp\/v2\/comments?post=7876"}],"version-history":[{"count":0,"href":"https:\/\/akincilardergisi.com\/tr\/wp-json\/wp\/v2\/posts\/7876\/revisions"}],"wp:featuredmedia":[{"embeddable":true,"href":"https:\/\/akincilardergisi.com\/tr\/wp-json\/wp\/v2\/media\/48521"}],"wp:attachment":[{"href":"https:\/\/akincilardergisi.com\/tr\/wp-json\/wp\/v2\/media?parent=7876"}],"wp:term":[{"taxonomy":"category","embeddable":true,"href":"https:\/\/akincilardergisi.com\/tr\/wp-json\/wp\/v2\/categories?post=7876"},{"taxonomy":"post_tag","embeddable":true,"href":"https:\/\/akincilardergisi.com\/tr\/wp-json\/wp\/v2\/tags?post=7876"}],"curies":[{"name":"wp","href":"https:\/\/api.w.org\/{rel}","templated":true}]}}