{"id":7695,"date":"2015-09-29T19:44:10","date_gmt":"2015-09-29T16:44:10","guid":{"rendered":"http:\/\/akincilardergisi.com\/dergi\/?p=7695"},"modified":"2023-11-05T14:05:05","modified_gmt":"2023-11-05T11:05:05","slug":"modern-insanin-seruveni","status":"publish","type":"post","link":"https:\/\/akincilardergisi.com\/tr\/modern-insanin-seruveni\/","title":{"rendered":"Modern insan\u0131n ser\u00fcveni"},"content":{"rendered":"<p>&nbsp;<\/p>\n<div id=\"content\">\n<p style=\"font-size: 100%\">Asr\u0131m\u0131z; bat\u0131 medeniyeti taraf\u0131ndan insanl\u0131\u011f\u0131n ruh ve d\u00fc\u015f\u00fcnce olarak esir al\u0131nd\u0131\u011f\u0131, zihinlerinin ve ahlak\u0131n\u0131n kirletildi\u011fi, din ve vicdanlar\u0131n\u0131n bask\u0131 alt\u0131nda tutuldu\u011fu, \u00f6zg\u00fcrl\u00fcklerin k\u00f6lelikler kar\u015f\u0131l\u0131\u011f\u0131 sat\u0131ld\u0131\u011f\u0131 garip bir istila \u00e7a\u011f\u0131 olarak an\u0131lacakt\u0131r.<\/p>\n<p style=\"font-size: 100%\">\u0130deolojik istila, k\u00fclt\u00fcrel istila, askeri istila, hukuki istila, modernle\u015fme istilas\u0131, teknolojik istila, t\u00fcketim istilas\u0131 insanl\u0131\u011f\u0131n kan\u0131na kadar i\u015flemi\u015f ve insan\u0131n ruhunu, bedenini, akl\u0131n\u0131, d\u00fc\u015f\u00fcncesini, hayallerini, \u00f6zlemlerini ve b\u00fcsb\u00fct\u00fcn hayat\u0131n\u0131 i\u015fgal etmi\u015f durumda.<\/p>\n<p style=\"font-size: 100%\">Modern insan e\u015fyan\u0131n ve teknolojinin g\u00f6n\u00fcll\u00fc k\u00f6lesi olmu\u015f, t\u00fcketim end\u00fcstrisinin \u015fehvetine ma\u011flup olarak k\u00f6lele\u015ftik\u00e7e k\u00f6lele\u015fmi\u015f, kendi ellerine ve ayaklar\u0131na kendi elleriyle esaret zincirleri vurmu\u015ftur.<\/p>\n<p style=\"font-size: 100%\">\u00d6zg\u00fcrl\u00fck sava\u015f\u0131 veren insan kendi iradesiyle esareti se\u00e7mi\u015f, kendi iste\u011fiyle ba\u011f\u0131ms\u0131zl\u0131k u\u011fruna t\u00fcketim end\u00fcstrisine ba\u011f\u0131ml\u0131 olarak modern bir k\u00f6le olmu\u015ftur.<\/p>\n<p style=\"font-size: 100%\">\u0130nsanl\u0131\u011f\u0131n en y\u00fcksek zirvesine \u00e7\u0131kmak isteyen insan, kendi insanl\u0131\u011f\u0131ndan \u00e7\u0131karak a\u015fa\u011f\u0131lar\u0131n a\u015fa\u011f\u0131s\u0131na yuvarlanm\u0131\u015ft\u0131r.<br style=\"font-size: 100%\" \/> Kapitalizm, liberalizm, demokratikle\u015fmenin s\u0131n\u0131r tan\u0131mayan her t\u00fcr\u00fc ve cinsi asr\u0131m\u0131z\u0131n insan\u0131n\u0131 modern bir k\u00f6le haline getirmi\u015ftir. \u0130nsan s\u0131n\u0131rs\u0131z \u00f6zg\u00fcrl\u00fc\u011f\u00fcn\u00fcn esirdir. Modern insan kendi arzu ve isteklerinin ba\u011f\u0131ml\u0131s\u0131d\u0131r. Bu y\u00fczden ruhu ve d\u00fc\u015f\u00fcncesiyle zaman\u0131n ve imkanlar\u0131n ona sundu\u011fu f\u0131rsatlar\u0131n girdaplar\u0131nda kendi kendini zincirine vurmu\u015ftur.<\/p>\n<p style=\"font-size: 100%\">Zaman\u0131 ve elindeki imkanlar\u0131 en savruk ve hoyrat bir \u015fekilde harcayan insan \u00e7a\u011f\u0131m\u0131z\u0131n en modern insan\u0131 olarak tan\u0131mlanmaktad\u0131r.<br style=\"font-size: 100%\" \/> Modern insan\u0131n Allah ile olan ba\u011f\u0131 \u00f6yk\u00fcnd\u00fc\u011f\u00fc teknoloji ile olan ba\u011f\u0131ndan daha zay\u0131ft\u0131r. \u0130nternet, telefon, bilgisayar gibi ileti\u015fim ara\u00e7 ve gere\u00e7leri, t\u00fcketim sanayinin yenilikleri bir\u00e7ok insan i\u00e7in Allahtan daha \u00f6nde ve \u00f6nemli duruma ge\u00e7mi\u015f durumdad\u0131r.<\/p>\n<p style=\"font-size: 100%\">Zaman\u0131n ve teknolojinin ak\u0131\u015f\u0131na teslim olan insan asl\u0131nda ya\u015fam\u0131yor gibi, ya\u015fam\u0131yor gibi ya\u015famaktad\u0131r. Onu ya\u015f\u0131yor gibi g\u00f6steren onun ruh ve d\u00fc\u015f\u00fcncesini katleden t\u00fcm nedenlerdir.<\/p>\n<p style=\"font-size: 100%\">TV, \u0130nternet, Sosyal Medya ve di\u011fer teknoloji \u00fcr\u00fcnlerinin h\u0131z\u0131 insan\u0131n hazz\u0131n\u0131 kam\u00e7\u0131layan yak\u0131c\u0131 ve y\u0131k\u0131c\u0131 birer ara\u00e7 haline d\u00f6n\u00fc\u015fm\u00fc\u015ft\u00fcr. Ba\u015f d\u00f6nd\u00fcr\u00fcc\u00fc bir h\u0131zla geli\u015fen teknoloji insan\u0131n kendi hapishanesini ve kendi k\u0131yametini haz\u0131rlamaktad\u0131r.<\/p>\n<p style=\"font-size: 100%\">\u2018\u2019Zaman bizimdir ve bize emanettir\u2019\u2019 \u015fuuruyla hareket eden insan antik bir e\u015fya gibi \u00e7a\u011flar \u00f6ncesinde kalm\u0131\u015f, art\u0131k m\u00fczelerde aran\u0131r hale gelmi\u015ftir.<br style=\"font-size: 100%\" \/>\u0130nsan e\u015fyaya teslim olunca her \u015feyini yitirmi\u015f, yitik cennetini arar iken malum cehennemine kendisini kurban etmi\u015ftir. B\u00fct\u00fcn bat\u0131l\u0131 sistemler, ideoloji ve d\u00fc\u015f\u00fcnceler akl\u0131n \u00e7\u0131kmaz caddesinde \u015fa\u015f\u0131r\u0131p kalm\u0131\u015ft\u0131r. \u0130nsan\u0131n i\u00e7indeki insan deh\u015fetli bir bunal\u0131m\u0131n i\u00e7inde ya\u015famaktad\u0131r. \u00c7\u0131rp\u0131nd\u0131k\u00e7a daha \u00e7ok batmakta, batt\u0131k\u00e7a daha \u00e7ok \u00e7\u0131rp\u0131nmaktad\u0131r.<\/p>\n<p style=\"font-size: 100%\">\u0130nsan kendi kuyusunu kendisi kazan, kendi zevalini kendisi veren bir katile d\u00f6n\u00fc\u015fm\u00fc\u015ft\u00fcr. Hak ve hakikatten ayr\u0131l\u0131nca kendine, \u00e7evresine ve insanl\u0131\u011fa zarar vermek i\u00e7in adeta \u015feytan ile yar\u0131\u015f\u0131r. Bu y\u00fczden de Kur\u2019anda \u2018\u2019Zalim ve cahil\u2019\u2019 * olarak nitelendirilmi\u015ftir.<\/p>\n<p style=\"font-size: 100%\">Dipnot;<\/p>\n<p style=\"font-size: 100%\">\u0625\u0650\u0646\u0651\u064e\u0627 \u0639\u064e\u0631\u064e\u0636\u0652\u0646\u064e\u0627 \u0627\u0644\u0652\u0623\u064e\u0645\u064e\u0627\u0646\u064e\u0629\u064e \u0639\u064e\u0644\u064e\u0649 \u0627\u0644\u0633\u0651\u064e\u0645\u064e\u0627\u0648\u064e\u0627\u062a\u0650 \u0648\u064e\u0627\u0644\u0652\u0623\u064e\u0631\u0652\u0636\u0650 \u0648\u064e\u0627\u0644\u0652\u062c\u0650\u0628\u064e\u0627\u0644\u0650 \u0641\u064e\u0623\u064e\u0628\u064e\u064a\u0652\u0646\u064e \u0623\u064e\u0646 \u064a\u064e\u062d\u0652\u0645\u0650\u0644\u0652\u0646\u064e\u0647\u064e\u0627 \u0648\u064e\u0623\u064e\u0634\u0652\u0641\u064e\u0642\u0652\u0646\u064e \u0645\u0650\u0646\u0652\u0647\u064e\u0627 \u0648\u064e\u062d\u064e\u0645\u064e\u0644\u064e\u0647\u064e\u0627 \u0627\u0644\u0652\u0625\u0650\u0646\u0633\u064e\u0627\u0646\u064f \u0625\u0650\u0646\u0651\u064e\u0647\u064f \u0643\u064e\u0627\u0646\u064e \u0638\u064e\u0644\u064f\u0648\u0645\u064b\u0627 \u062c\u064e\u0647\u064f\u0648\u0644\u064b\u0627<\/p>\n<p style=\"font-size: 100%\">\u2018\u2019Evet, biz o emaneti g\u00f6klere, yere ve da\u011flara arzettik, onlar onu y\u00fcklenme\u011fe yana\u015fmad\u0131lar, ondan korktular da onu insan y\u00fcklendi, o cidden \u00e7ok zalim, \u00e7ok c\u00e2hil bulunuyor.\u2019\u2019 (Elmal\u0131) Ahzap;72<br style=\"font-size: 100%\" \/><br style=\"font-size: 100%\" \/><strong style=\"font-size: 100%\">arifaltunbas@hotmail.com\u00a0<br style=\"font-size: 100%\" \/> @arfaltunbas\u00a0<\/strong><\/p>\n<p style=\"font-size: 100%\">\n<\/div>\n","protected":false},"excerpt":{"rendered":"<p>&nbsp; Asr\u0131m\u0131z; bat\u0131 medeniyeti taraf\u0131ndan insanl\u0131\u011f\u0131n ruh ve d\u00fc\u015f\u00fcnce olarak esir al\u0131nd\u0131\u011f\u0131, zihinlerinin ve ahlak\u0131n\u0131n kirletildi\u011fi, din ve vicdanlar\u0131n\u0131n bask\u0131 alt\u0131nda tutuldu\u011fu, \u00f6zg\u00fcrl\u00fcklerin k\u00f6lelikler kar\u015f\u0131l\u0131\u011f\u0131 sat\u0131ld\u0131\u011f\u0131 garip bir istila \u00e7a\u011f\u0131 olarak an\u0131lacakt\u0131r. \u0130deolojik istila, k\u00fclt\u00fcrel istila, askeri istila, hukuki istila, modernle\u015fme istilas\u0131, teknolojik istila, t\u00fcketim istilas\u0131 insanl\u0131\u011f\u0131n kan\u0131na kadar i\u015flemi\u015f ve insan\u0131n ruhunu, bedenini, akl\u0131n\u0131, &hellip;<\/p>\n","protected":false},"author":2,"featured_media":48521,"comment_status":"open","ping_status":"open","sticky":false,"template":"","format":"standard","meta":{"om_disable_all_campaigns":false,"_themeisle_gutenberg_block_has_review":false,"_joinchat":[],"footnotes":""},"categories":[49,38,43],"tags":[],"class_list":["post-7695","post","type-post","status-publish","format-standard","has-post-thumbnail","","category-arif","category-guncel","category-yazarlar"],"_links":{"self":[{"href":"https:\/\/akincilardergisi.com\/tr\/wp-json\/wp\/v2\/posts\/7695","targetHints":{"allow":["GET"]}}],"collection":[{"href":"https:\/\/akincilardergisi.com\/tr\/wp-json\/wp\/v2\/posts"}],"about":[{"href":"https:\/\/akincilardergisi.com\/tr\/wp-json\/wp\/v2\/types\/post"}],"author":[{"embeddable":true,"href":"https:\/\/akincilardergisi.com\/tr\/wp-json\/wp\/v2\/users\/2"}],"replies":[{"embeddable":true,"href":"https:\/\/akincilardergisi.com\/tr\/wp-json\/wp\/v2\/comments?post=7695"}],"version-history":[{"count":0,"href":"https:\/\/akincilardergisi.com\/tr\/wp-json\/wp\/v2\/posts\/7695\/revisions"}],"wp:featuredmedia":[{"embeddable":true,"href":"https:\/\/akincilardergisi.com\/tr\/wp-json\/wp\/v2\/media\/48521"}],"wp:attachment":[{"href":"https:\/\/akincilardergisi.com\/tr\/wp-json\/wp\/v2\/media?parent=7695"}],"wp:term":[{"taxonomy":"category","embeddable":true,"href":"https:\/\/akincilardergisi.com\/tr\/wp-json\/wp\/v2\/categories?post=7695"},{"taxonomy":"post_tag","embeddable":true,"href":"https:\/\/akincilardergisi.com\/tr\/wp-json\/wp\/v2\/tags?post=7695"}],"curies":[{"name":"wp","href":"https:\/\/api.w.org\/{rel}","templated":true}]}}