{"id":7612,"date":"2015-09-21T06:34:26","date_gmt":"2015-09-21T03:34:26","guid":{"rendered":"http:\/\/akincilardergisi.com\/dergi\/?p=7612"},"modified":"2023-11-07T11:29:41","modified_gmt":"2023-11-07T08:29:41","slug":"akil-hocalar-neredesiniz","status":"publish","type":"post","link":"https:\/\/akincilardergisi.com\/tr\/akil-hocalar-neredesiniz\/","title":{"rendered":"AK\u0130L HOCALAR (!)  NEREDES\u0130N\u0130Z?"},"content":{"rendered":"<p><span style=\"font-family: 'Palatino Linotype', serif;font-size: 14pt\">\u00dc\u00e7\u00fcnc\u00fc defa soruyoruz \u201cNeredesiniz?\u201d diye. \u0130lk sorumuzu \u0130stanbul Allameleri\u2019ne sormu\u015ftuk. Soruyu sorma gerek\u00e7emiz \u00fclke kan g\u00f6l\u00fcne \u00e7evrilirken, i\u00e7eriden ve d\u0131\u015far\u0131dan hainlerin ve \u00f6zellikle de bizim mahallenin beyinsizlerinin ihanetine maruz kal\u0131rken \u0130stanbul\u2019u mesken tutmu\u015f \u0130slamc\u0131, yazar-\u00e7izer tak\u0131m\u0131na sormu\u015ftuk. Neredesiniz? Bir\u00e7ok olayda i\u00e7 ve d\u0131\u015f meselede Fatih Camii\u2019ni g\u00f6steri alan\u0131na \u00e7evirenlerin bu kez de T\u00fcrkiye\u2019ye y\u00f6nelik b\u00fcy\u00fck oyunun fark\u0131na var\u0131p gerekli uyar\u0131lar\u0131 yapmalar\u0131n\u0131 beklerdik. Fatih Camii avlusunda ve Beyaz\u0131t Meydan\u0131\u2019n\u0131n da k\u00fcrs\u00fcye \u00e7\u0131kanlar\u0131n, televizyonlar\u0131 aya\u011fa kald\u0131ranlar\u0131n ayn\u0131 \u015feyi T\u00fcrkiye i\u00e7in yapmalar\u0131n\u0131 bekledik, ama g\u00f6remedik.<\/span><\/p>\n<p class=\"ecxMsoNormal\" style=\"background: white;text-align: justify\"><span style=\"color: #111111;font-family: 'Palatino Linotype','serif';font-size: 14pt\">\u0130kinci sorumuzu Mustafa Kemal\u2019in Askerleri\u2019ne sormu\u015ftuk, \u201cNeredesiniz?\u201d diye. Bu g\u00fcruhu sadece \u0130slami geli\u015fmelere kar\u015f\u0131 \u00e7\u0131karken, sokaklarda nara atarken g\u00f6rm\u00fc\u015ft\u00fck. \u201cOrdu G\u00f6reve\u201d pankartlar\u0131n\u0131 kankalar\u0131 Apo\u2019nun posterleriyle birlikte ta\u015f\u0131yorlard\u0131. \u00c7ankaya\u2019n\u0131n ve Laik T\u00fcrkiye\u2019nin muhaf\u0131z alay\u0131 rol\u00fcn\u00fc \u00fcstlenmi\u015flerdi. \u0130slami hassasiyeti olan her hangi bir ismin devlet y\u00f6netiminde g\u00f6reve gelmesine kar\u015f\u0131 \u00e7\u0131k\u0131yorlar, T\u00fcrkiye\u2019yi sallamaya devam ediyorlard\u0131. Ve az\u0131l\u0131 ba\u015f\u00f6rt\u00fc d\u00fc\u015fman\u0131 olmalar\u0131 en b\u00fcy\u00fck \u00f6zellikleriydi. Bunlar\u0131 T\u00fcrkiye\u2019ye y\u00f6nelik i\u00e7 ve d\u0131\u015f sald\u0131r\u0131lar kar\u015f\u0131s\u0131nda yine sessiz g\u00f6r\u00fcyoruz. H\u00fck\u00fcmetin zaafa u\u011framas\u0131 ad\u0131na birileri bu \u00fclkeyi i\u015fgale yeltense yerli i\u015fbirlik\u00e7iler olarak ilk \u00f6nce onlar harekete ge\u00e7eceklermi\u015f gibi seyretmeye ve beklemeye devam ediyorlar. Son zamanlarda \u00fclkemize y\u00f6nelik sald\u0131r\u0131lar kar\u015f\u0131s\u0131nda bunlar\u0131 ne neydanlarda, ne televizyonlarda g\u00f6rm\u00fcyoruz, seslerini duymuyoruz.<\/span><\/p>\n<p class=\"ecxMsoNormal\" style=\"background: white;text-align: justify\"><span style=\"color: #111111;font-family: 'Palatino Linotype','serif';font-size: 14pt\">\u00dc\u00e7\u00fcnc\u00fc sorumuzu ise kendilerini akil hocalar (!) olarak nitelendiren baz\u0131 \u0130slamc\u0131 yazarlara soruyoruz. Neredesiniz? Bunlar\u0131n bir k\u0131sm\u0131n\u0131 yak\u0131ndan tan\u0131ma imk\u00e2n\u0131m\u0131z oldu. Allah i\u00e7in kendilerini seviyoruz. Bir k\u0131sm\u0131n\u0131 ise medya \u00fczerinden tan\u0131d\u0131\u011f\u0131m\u0131z i\u00e7in yak\u0131ndan tan\u0131mam\u0131za gerek yok. Sevdiklerimizi sevdiren, sevmediklerimizi de sevdirmeyen Rabbimize hamdolsun. Onlar\u0131n bir k\u0131sm\u0131n\u0131n \u00e7ok sevdikleri Pensilvanya sakinini biz hi\u00e7bir zaman sevmemi\u015ftik. Anadolu\u2019nun ta\u015fras\u0131ndaki biz onun ne mal oldu\u011funu anlam\u0131\u015ft\u0131k da kendilerini \u00e7okbilmi\u015f g\u00f6ren bu adamlar\u0131n baz\u0131lar\u0131 anlayamam\u0131\u015ft\u0131. Kendilerini akil olarak g\u00f6renlerin bir k\u0131sm\u0131n\u0131 zaten sevemeyiz. Bizim karde\u015flik anlay\u0131\u015f\u0131m\u0131zda ve sevgimizde baz\u0131lar\u0131 k\u0131zsa da m\u00fc\u015frik kafal\u0131lara yer yoktur. Zorla de\u011fil ya sevmiyoruz, sevemiyoruz. M\u00fcsl\u00fcman olduklar\u0131n\u0131 s\u00f6yleseler de duru\u015flar\u0131yla, s\u00f6ylemleriyle Mekke m\u00fc\u015friklerine \u015fapka \u00e7\u0131kartan bu adamlar\u0131 (!) niye sevelim ki? Zaten gerek te yok. Onlar birbirlerini sevmeye, kucaklamaya devam etsinler.<\/span><\/p>\n<p class=\"ecxMsoNormal\" style=\"background: white;text-align: justify\"><span style=\"color: #111111;font-family: 'Palatino Linotype','serif';font-size: 14pt\">Duay\u0131 ya\u015famay\u0131 de\u011fil de yazmay\u0131 iyi beceren akiller acaba son zamanlarda meydana gelen ter\u00f6r olaylar\u0131yla alakal\u0131 ne diyorlar? \u0130stanbul\u2019da bu olaylarla alakal\u0131 olarak \u201cAkil Hocalar Bulu\u015fmas\u0131\u201d ger\u00e7ekle\u015ftirdiler mi? Ger\u00e7ekle\u015ftirdiler de biz mi duymad\u0131k, g\u00f6rmedik. Zihinlerinde ve y\u00fcreklerinde tevhid anlay\u0131\u015f\u0131n\u0131 zedelemi\u015f isimleri, ak\u0131ll\u0131 adam dediklerimizle yan yana g\u00f6rmek bizi sevindirmez. O geni\u015f me\u015freplilerin i\u015fidir. Bu manada m\u00fc\u015frik kafal\u0131larla yetinmeyip baz\u0131 laikleri de yan\u0131n\u0131za alabilirsiniz. Madem her telden \u00e7al\u0131yorsunuz tam olsun. \u00a0Yeni bir \u015fey s\u00f6ylemeyin, s\u00f6ylemeye korkun, yaz\u0131lm\u0131\u015f olanlar\u0131 da pazarlamaya devam edin. Ondan sonra biz d\u00fc\u015f\u00fcn\u00fcr\u00fcz, biz yazar\u0131z, biz akiliz, \u00f6yle mi? Tabi yersek. <\/span><\/p>\n<p class=\"ecxMsoNormal\" style=\"background: white;text-align: justify\"><span style=\"color: #111111;font-family: 'Palatino Linotype','serif';font-size: 14pt\">T\u00fcrkiye\u2019ye oynanan oyunu siz g\u00f6rm\u00fcyor musunuz? 1915 Osmanl\u0131s\u0131na ya\u015fat\u0131lanlar\u0131n ayn\u0131s\u0131 T\u00fcrkiye\u2019ye ya\u015fat\u0131lmak isteniyor, anlam\u0131yor musunuz? Seyirci kalman\u0131zla T\u00fcrkiye zaafa u\u011frarsa sevmedi\u011fimiz laiklikten, Kemalistlikten ve bu sistemden kurtulaca\u011f\u0131m\u0131z\u0131 m\u0131 zannediyorsunuz? Gelecek olanlar \u00e7ok arzulad\u0131\u011f\u0131n\u0131z T\u00fcrkiye\u2019yi kuca\u011f\u0131n\u0131za m\u0131 koyacaklar? Baz\u0131 M\u00fcsl\u00fcman yazarlar Abd\u00fclhamit\u2019e d\u00fc\u015fmanl\u0131k yaparken \u00fcmmetin ana oca\u011f\u0131 Osmanl\u0131ya d\u00fc\u015fmanl\u0131k yapt\u0131klar\u0131n\u0131 anlamad\u0131lar. Anlad\u0131klar\u0131nda ise i\u015f i\u015ften ge\u00e7mi\u015fti. Bir n\u00f6bet de\u011fi\u015fimi s\u0131ras\u0131nda \u00fclkeyi kapt\u0131rm\u0131\u015ft\u0131k. Doksan y\u0131l sonra uyan\u0131nca akl\u0131m\u0131z ba\u015f\u0131m\u0131za geldi de n\u00f6bette uyumad\u0131k ve \u00fclkeyi kapt\u0131rmad\u0131k. Bu uyan\u0131kl\u0131k bu kadar k\u0131sam\u0131 s\u00fcrecekti?<\/span><\/p>\n<p class=\"ecxMsoNormal\" style=\"background: white;text-align: justify\"><span style=\"color: #111111;font-family: 'Palatino Linotype','serif';font-size: 14pt\">Y\u0131llarca Laik ter\u00f6r\u00fc yaz\u0131p durdunuz ve anlatt\u0131n\u0131z. Laiklik y\u00fcreklerimize ve zihinlerimize sald\u0131rm\u0131\u015ft\u0131. G\u00f6n\u00fclleri tarumar etmi\u015f, imanlara darbe vurmu\u015ftu. Sizin be\u011fenmezliklerinize, \u00fcstten bakmalar\u0131n\u0131za, dudak b\u00fckmelerinize ra\u011fmen siyaset kurumu Laik ter\u00f6r\u00fcn a\u00e7t\u0131\u011f\u0131 t\u00fcm yaralar\u0131 sarmak i\u00e7in can\u0131n\u0131 siper etti. Ve bug\u00fcn siz bu \u00fclkede cirit atabiliyorsan\u0131z bu tamamen Allah\u2019\u0131n bir l\u00fctfu ve siyaset kurumu sayesindedir. \u00dcmmetin ufkunu a\u00e7acak s\u00f6ylemler geli\u015ftirme noktas\u0131nda da siyaset kurumunun gerisinde kald\u0131\u011f\u0131n\u0131z\u0131 maalesef g\u00f6remiyorsunuz. Etliye s\u00fctl\u00fcye kar\u0131\u015fmayan bir din anlay\u0131\u015f\u0131n\u0131zla \u00fcmmetin gelece\u011fini okuyamazs\u0131n\u0131z, \u00f6n\u00fcn\u00fc de a\u00e7amazs\u0131n\u0131z. <\/span><\/p>\n<p class=\"ecxMsoNormal\" style=\"background: white;text-align: justify\"><span style=\"color: #111111;font-family: 'Palatino Linotype','serif';font-size: 14pt\">\u00dc\u00e7 ki\u015finin bir araya gelip \u00e7ay dahi i\u00e7emedi\u011fi g\u00fcnlerden \u201cakil hocalar bulu\u015fmas\u0131\u201d dedi\u011finiz g\u00fcnlere acaba nas\u0131l geldiniz? O bulu\u015fmalar\u0131n\u0131z\u0131 yiyorsa giden de Mescid-i Nebevi\u2019de, Mescid-i Haram\u2019da, Mescid-i Aksa\u2019da, \u015eam Camii Kebir\u2019inde ve Ezher Cami\u2019inde yap\u0131n da g\u00f6relim. Daha \u00f6nce demi\u015ftim: <b>\u201c\u00c7ok sevdi\u011finiz o mek\u00e2nlarda size \u00e7ay bile i\u00e7irmezler.\u201d<\/b> Her t\u00fcrl\u00fc ter\u00f6r\u00fc, \u00f6zellikle PKK ter\u00f6r\u00fcn\u00fc niye konu\u015fmuyorsunuz? K\u00fcrt karde\u015flerimiz dar\u0131l\u0131r diye mi ter\u00f6r\u00fc konu\u015fmaktan \u00e7ekiniyorsunuz? M\u00fcsl\u00fcman K\u00fcrt karde\u015flerimizin uyanmas\u0131 i\u00e7in harekete ge\u00e7seniz ne olur? PKK\u2019n\u0131n kafir bir \u00f6rg\u00fct oldu\u011funu ve bu oyuna gelmemeleri gerekti\u011fi konusunda onlar\u0131 uyarsan\u0131z ne kaybedersiniz? Amalar, fakatlar, lakinlerle olmayaca\u011f\u0131n\u0131 da bilmelisiniz.<\/span><\/p>\n<p class=\"ecxMsoNormal\" style=\"background: white;text-align: justify\"><span style=\"color: #111111;font-family: 'Palatino Linotype','serif';font-size: 14pt\">Her t\u00fcrl\u00fc eksikliklerine ra\u011fmen bu \u00fclkenin ve ya\u015fad\u0131\u011f\u0131n\u0131z \u00f6zg\u00fcrl\u00fc\u011f\u00fcn k\u0131ymetini ne zaman bileceksiniz?<\/span><\/p>\n<p class=\"ecxMsoNormal\" style=\"background: white;text-align: justify;line-height: 29.3pt\"><span style=\"color: #111111;font-family: 'Palatino Linotype','serif';font-size: 14pt\">\u00a0<\/span><\/p>\n<p class=\"ecxMsoNormal\" style=\"background: white;text-align: justify;line-height: 29.3pt\"><b><span style=\"color: red;font-family: 'Tahoma','sans-serif';font-size: 20pt\">\u00d6mer Naci YILMAZ\u00a0<\/span><\/b><\/p>\n","protected":false},"excerpt":{"rendered":"<p>\u00dc\u00e7\u00fcnc\u00fc defa soruyoruz \u201cNeredesiniz?\u201d diye. \u0130lk sorumuzu \u0130stanbul Allameleri\u2019ne sormu\u015ftuk. Soruyu sorma gerek\u00e7emiz \u00fclke kan g\u00f6l\u00fcne \u00e7evrilirken, i\u00e7eriden ve d\u0131\u015far\u0131dan hainlerin ve \u00f6zellikle de bizim mahallenin beyinsizlerinin ihanetine maruz kal\u0131rken \u0130stanbul\u2019u mesken tutmu\u015f \u0130slamc\u0131, yazar-\u00e7izer tak\u0131m\u0131na sormu\u015ftuk. Neredesiniz? Bir\u00e7ok olayda i\u00e7 ve d\u0131\u015f meselede Fatih Camii\u2019ni g\u00f6steri alan\u0131na \u00e7evirenlerin bu kez de T\u00fcrkiye\u2019ye y\u00f6nelik b\u00fcy\u00fck &hellip;<\/p>\n","protected":false},"author":26,"featured_media":48521,"comment_status":"open","ping_status":"open","sticky":false,"template":"","format":"standard","meta":{"om_disable_all_campaigns":false,"_themeisle_gutenberg_block_has_review":false,"_joinchat":[],"footnotes":""},"categories":[38,54,43],"tags":[],"class_list":["post-7612","post","type-post","status-publish","format-standard","has-post-thumbnail","","category-guncel","category-omer","category-yazarlar"],"_links":{"self":[{"href":"https:\/\/akincilardergisi.com\/tr\/wp-json\/wp\/v2\/posts\/7612","targetHints":{"allow":["GET"]}}],"collection":[{"href":"https:\/\/akincilardergisi.com\/tr\/wp-json\/wp\/v2\/posts"}],"about":[{"href":"https:\/\/akincilardergisi.com\/tr\/wp-json\/wp\/v2\/types\/post"}],"author":[{"embeddable":true,"href":"https:\/\/akincilardergisi.com\/tr\/wp-json\/wp\/v2\/users\/26"}],"replies":[{"embeddable":true,"href":"https:\/\/akincilardergisi.com\/tr\/wp-json\/wp\/v2\/comments?post=7612"}],"version-history":[{"count":0,"href":"https:\/\/akincilardergisi.com\/tr\/wp-json\/wp\/v2\/posts\/7612\/revisions"}],"wp:featuredmedia":[{"embeddable":true,"href":"https:\/\/akincilardergisi.com\/tr\/wp-json\/wp\/v2\/media\/48521"}],"wp:attachment":[{"href":"https:\/\/akincilardergisi.com\/tr\/wp-json\/wp\/v2\/media?parent=7612"}],"wp:term":[{"taxonomy":"category","embeddable":true,"href":"https:\/\/akincilardergisi.com\/tr\/wp-json\/wp\/v2\/categories?post=7612"},{"taxonomy":"post_tag","embeddable":true,"href":"https:\/\/akincilardergisi.com\/tr\/wp-json\/wp\/v2\/tags?post=7612"}],"curies":[{"name":"wp","href":"https:\/\/api.w.org\/{rel}","templated":true}]}}