{"id":7559,"date":"2015-09-15T22:06:49","date_gmt":"2015-09-15T19:06:49","guid":{"rendered":"http:\/\/akincilardergisi.com\/dergi\/?p=7559"},"modified":"2023-11-05T14:05:06","modified_gmt":"2023-11-05T11:05:06","slug":"jon-kurtlerin-ihaneti","status":"publish","type":"post","link":"https:\/\/akincilardergisi.com\/tr\/jon-kurtlerin-ihaneti\/","title":{"rendered":"J\u00f6n K\u00fcrtlerin ihaneti"},"content":{"rendered":"<p>&nbsp;<\/p>\n<p><span class=\"columnist\">Arif Altunba\u015f<\/span><\/p>\n<div id=\"content\">\n<p style=\"font-size: 100%\">Bar\u0131\u015f g\u00f6r\u00fc\u015fmelerinde PKK\u2019n\u0131n bar\u0131\u015f istemedi\u011fini, sava\u015f taraftar\u0131 oldu\u011funu bu m\u00fczakereyi s\u00fcrd\u00fcren her iki tarafta biliyordu.<\/p>\n<p style=\"font-size: 100%\">Oslo g\u00f6r\u00fc\u015fmelerinden bu yana &#8221;Analar a\u011flamas\u0131n&#8221;, &#8221;Kan akmas\u0131n&#8221;, &#8221;T\u00fcrkiye\u2019ye Bar\u0131\u015f gelsin&#8221; diye elinden gelen her giri\u015fimi yapan Cumhurba\u015fkan\u0131n\u0131 Tayyip Erdo\u011fan ve AK Parti h\u00fck\u00fcmetlerini ter\u00f6r konusunda pasif davrand\u0131 diye su\u00e7layanlar \u015fimdi de Erdo\u011fan&#8217;\u0131; diktat\u00f6r,\u00a0 sald\u0131rgan ve bar\u0131\u015f\u0131 bozan insan olarak su\u00e7luyorlar.<\/p>\n<p style=\"font-size: 100%\">Bunlar ideolojik veya parti taassubu g\u00f6zlerini, ve basiretlerini k\u00f6r etmi\u015f olanlar ile bilerek bilmeyerek ihanet odaklar\u0131yla ayn\u0131 su alan gemide seyahat edenlerdir.<\/p>\n<p style=\"font-size: 100%\">Bir m\u00fcsl\u00fcman inan\u00e7 ve iman\u0131n\u0131n gere\u011fi olarak bat\u0131l\u0131lar\u0131n ta\u015feronlu\u011funu yapan \u00fclkemize, milletimize sava\u015f a\u00e7m\u0131\u015f bu ihanet gemisinde yer alamaz. Bu ahmaklar, hainler ve ter\u00f6ristlerle birlikte olamaz. Bunlar hem Allah cc, hem mer&#8217;i hukuk kar\u015f\u0131s\u0131nda, hem de toplumun vicdan\u0131nda ter\u00f6ristlerle ayn\u0131 su\u00e7u i\u015fledikleri i\u00e7in Bar\u0131\u015f\u0131n d\u00fc\u015fman\u0131 sava\u015f\u0131n tetikleyicileri olan J\u00f6n K\u00fcrtlerle ayn\u0131 su\u00e7u i\u015flemektedirler.<\/p>\n<p style=\"font-size: 100%\">Her ne sebeple olursa olsun dinimiz, milletimiz ve \u00fclkemiz d\u00fc\u015fmanlar\u0131yla birlikte olmak, onlara &#8211; oy da dahil- yard\u0131m ve yatakl\u0131k etmek en b\u00fcy\u00fck ihanettir. Bu ihaneti i\u015fleyenleri ne a\u011fabeyleri, ne hocalar\u0131, ne cemaatleri ve ne de bahaneleri bu g\u00fcnah, su\u00e7 ve sorumluluktan kurtaramaz.<\/p>\n<p style=\"font-size: 100%\">Bar\u0131\u015f g\u00f6r\u00fc\u015fmelerinde PKK\u2019n\u0131n bar\u0131\u015f istemedi\u011fini, sava\u015f taraftar\u0131 oldu\u011funu bu m\u00fczakereyi s\u00fcrd\u00fcren her iki tarafta biliyordu<strong style=\"font-size: 100%\">. <\/strong>Buna ra\u011fmen devlet akl\u0131 ve mant\u0131\u011f\u0131 vatanda\u015f\u0131yla sava\u015f\u0131 de\u011fil, bar\u0131\u015f yapmay\u0131 her zaman en \u00f6nde tutar. \u00c7\u00fcnk\u00fc devletin bakas\u0131 bu insanlarla birlikte olmay\u0131 \u00f6ng\u00f6r\u00fcr.<\/p>\n<p style=\"font-size: 100%\">Halk\u0131yla sava\u015fan bir devlet d\u00fcnyan\u0131n neresinde olursa olsun -hakl\u0131 da olsa- sevimli ve makbul bir devlet de\u011fildir. Bunu devleti y\u00f6netenler herkesten daha iyi bilirler.<\/p>\n<p style=\"font-size: 100%\">Bir \u00fclkenin kalk\u0131nmas\u0131, huzur ve refah i\u00e7inde olmas\u0131 o \u00fclke insanlar\u0131n\u0131n karde\u015f\u00e7e birlikte ya\u015famas\u0131 ve i\u00e7 bar\u0131\u015f\u0131yla m\u00fcmk\u00fcnd\u00fcr. Evinizde s\u00fcrekli bir kavga varsa yapt\u0131\u011f\u0131n\u0131z her i\u015fte o huzursuzlu\u011funuzun olumsuz etkileri vard\u0131r.<\/p>\n<p style=\"font-size: 100%\">Do\u011funun ve G\u00fcney Do\u011funu geri kalm\u0131\u015fl\u0131\u011f\u0131nda \u2018\u2019evet\u2019\u2019 bir maduriyet s\u00f6z konusudur. Ama 80 y\u0131lda olu\u015fan bu a\u00e7\u0131k 13 y\u0131ll\u0131k AK Parti iktidarlar\u0131nda pozitif ayr\u0131mc\u0131l\u0131k politikas\u0131yla ortadan kald\u0131r\u0131lmaya \u00e7al\u0131\u015f\u0131ld\u0131. B\u00f6lge kalk\u0131nd\u0131k\u00e7a PKK ter\u00f6r\u00fc hortlat\u0131lm\u0131\u015f, sava\u015f ve gerilim siyaseti b\u00f6lgeye hakim olmu\u015ftur. PKK ve payda\u015flar\u0131 b\u00f6lgenin kalk\u0131nmas\u0131n\u0131 istememi\u015flerdir.<\/p>\n<p style=\"font-size: 100%\">B\u00fct\u00fcn iyi niyetlere, toleranslara, tavizlere, yaralar\u0131 sarmaya d\u00f6n\u00fck ad\u0131mlara ra\u011fmen a\u00e7\u0131k ve net olarak anla\u015f\u0131lm\u0131\u015ft\u0131r ki, PKK asla bar\u0131\u015f\u0131n taraftar\u0131 olmam\u0131\u015f aksine sava\u015f\u0131n tek sorumlusu olarak hep en \u00f6ne \u00e7\u0131km\u0131\u015ft\u0131r.<\/p>\n<p style=\"font-size: 100%\">PKK T\u00fcrkiye olarak birlikte ya\u015famak, g\u00fc\u00e7l\u00fc bir devlet olmak taraftar\u0131 de\u011fil, T\u00fcrkiye\u2019den toprak kopararak ayr\u0131lman\u0131n ve ayr\u0131 bir devlet olman\u0131n sava\u015f\u0131n\u0131 vermektedir.<\/p>\n<p style=\"font-size: 100%\">Silah\u0131n\u0131 b\u0131rakmayan, Bar\u0131\u015f masas\u0131n\u0131 deviren, halk\u0131m\u0131z\u0131 ve b\u00f6lgemizi silah ve \u00f6l\u00fcmle tehdit ederek ama\u00e7lar\u0131na ula\u015fmak isteyen ter\u00f6rist bir \u00f6rg\u00fctle bar\u0131\u015f yapmak ne yaz\u0131k ki m\u00fcmk\u00fcn olmam\u0131\u015ft\u0131r. Bundan sonra da m\u00fcmk\u00fcn g\u00f6r\u00fcnmemektedir.<\/p>\n<p style=\"font-size: 100%\">Bar\u0131\u015f s\u00fcrecinde sava\u015f \u00e7\u0131\u011f\u0131rtkanl\u0131\u011f\u0131 yapanlar bug\u00fcn ne hikmetse bar\u0131\u015f\u0131n borazanc\u0131l\u0131\u011f\u0131na soyunmu\u015f durumdalar, T\u00fcrkiye\u2019yi bat\u0131 \u00fclkelerine \u015fikayet etmede s\u0131raya girmi\u015f yar\u0131\u015f\u0131yorlar.<\/p>\n<p style=\"font-size: 100%\">PKK silahlar\u0131 b\u0131rak\u0131p teslim olmad\u0131k\u00e7a bundan sonra da kimse bar\u0131\u015ftan bahsememelidir. Netice olarak; PKK her ne pahas\u0131na olursa olsun T\u00fcrkiye d\u0131\u015f\u0131na s\u00fcr\u00fclmelidir. Yurt i\u00e7indeki b\u00fct\u00fcn yanda\u015f ve payda\u015flar\u0131 legal ve siyasi \u00e7\u00f6z\u00fcm alan\u0131na d\u00f6nmelidir.<\/p>\n<p style=\"font-size: 100%\">Size eli silahl\u0131 ve sava\u015f a\u00e7anlara siz bar\u0131\u015f teklifiyle giderseniz bu sava\u015f\u0131 kaybetmi\u015finiz demektir. \u2018\u2019\u0130lle de ayr\u0131laca\u011f\u0131m\u2019\u2019 deyip silaha sar\u0131lanlara f\u0131rsat verirseniz vatan\u0131n\u0131z\u0131n bir k\u0131sm\u0131n\u0131 J\u00f6n K\u00fcrtlere hediye etmi\u015f olursunuz anlam\u0131 \u00e7\u0131kar.<\/p>\n<p style=\"font-size: 100%\">Millet olarak bu sava\u015f\u0131 biz ba\u015flatmad\u0131k, biz s\u00fcrd\u00fcrmedik, biz s\u00fcrmesini de istemedik. Ama \u00fclkemizde din, vatan, millet, namus, \u015feref huzur ve bar\u0131\u015f s\u00f6z konusu olunca d\u00fcnyan\u0131n her yerinde oldu\u011fu gibi \u00f6lmek ve \u00f6ld\u00fcrmekte me\u015frula\u015f\u0131r. Herkesin kendi vatan\u0131n\u0131 ve topraklar\u0131n\u0131 korumas\u0131 ve savunmas\u0131 en tabi hakk\u0131d\u0131r.<\/p>\n<p style=\"font-size: 100%\">Ben bu milletin bir g\u00fcn sabr\u0131n\u0131n ta\u015faca\u011f\u0131ndan, aya\u011fa kalkarak bu i\u015fi kendi elleriyle bitirmeye kalkmas\u0131ndan korkuyorum. Zaten i\u00e7 ve d\u0131\u015f d\u00fc\u015fmanlar\u0131m\u0131z da bunun i\u00e7in u\u011fra\u015f\u0131yorlar.<\/p>\n<p style=\"font-size: 100%\">Biz bu Filmi, \u00a0bir as\u0131r \u00f6nce Avrupal\u0131lar\u0131n J\u00f6n T\u00fcrklere nas\u0131l oynatt\u0131\u011f\u0131n\u0131 g\u00f6rm\u00fc\u015f, koskoca imparatorlu\u011fu 11 y\u0131lda nas\u0131l parampar\u00e7a yapt\u0131klar\u0131na \u015fahit olmu\u015ftuk.Anadolunun i\u015fgali ve daha sonra verilen \u0130stiklal sava\u015f\u0131yla bu oyunu nas\u0131l bozdu\u011funu bizzat millet olarak ya\u015fam\u0131\u015ft\u0131k. Allah cc o g\u00fcnleri bir daha ya\u015fatmas\u0131n.<\/p>\n<p style=\"font-size: 100%\">\n<p style=\"font-size: 100%\"><a style=\"font-size: 100%\" href=\"http:\/\/www.haber7.com\/etiket\/arif+altunba%C5%9F+-+haber7\" target=\"_blank\" rel=\"noopener\"><strong style=\"font-size: 100%\">Arif Altunba\u015f &#8211; Haber7<\/strong><\/a><\/p>\n<p style=\"font-size: 100%\"><strong style=\"font-size: 100%\">Facebook; arifaltunbas@hotmail.com<\/strong><\/p>\n<p style=\"font-size: 100%\"><strong style=\"font-size: 100%\">Twitter @arfaltunbas<\/strong><\/p>\n<p style=\"font-size: 100%\">\n<\/div>\n","protected":false},"excerpt":{"rendered":"<p>&nbsp; Arif Altunba\u015f Bar\u0131\u015f g\u00f6r\u00fc\u015fmelerinde PKK\u2019n\u0131n bar\u0131\u015f istemedi\u011fini, sava\u015f taraftar\u0131 oldu\u011funu bu m\u00fczakereyi s\u00fcrd\u00fcren her iki tarafta biliyordu. Oslo g\u00f6r\u00fc\u015fmelerinden bu yana &#8221;Analar a\u011flamas\u0131n&#8221;, &#8221;Kan akmas\u0131n&#8221;, &#8221;T\u00fcrkiye\u2019ye Bar\u0131\u015f gelsin&#8221; diye elinden gelen her giri\u015fimi yapan Cumhurba\u015fkan\u0131n\u0131 Tayyip Erdo\u011fan ve AK Parti h\u00fck\u00fcmetlerini ter\u00f6r konusunda pasif davrand\u0131 diye su\u00e7layanlar \u015fimdi de Erdo\u011fan&#8217;\u0131; diktat\u00f6r,\u00a0 sald\u0131rgan ve bar\u0131\u015f\u0131 &hellip;<\/p>\n","protected":false},"author":2,"featured_media":48521,"comment_status":"open","ping_status":"open","sticky":false,"template":"","format":"standard","meta":{"om_disable_all_campaigns":false,"_themeisle_gutenberg_block_has_review":false,"_joinchat":[],"footnotes":""},"categories":[49,38,43],"tags":[],"class_list":["post-7559","post","type-post","status-publish","format-standard","has-post-thumbnail","","category-arif","category-guncel","category-yazarlar"],"_links":{"self":[{"href":"https:\/\/akincilardergisi.com\/tr\/wp-json\/wp\/v2\/posts\/7559","targetHints":{"allow":["GET"]}}],"collection":[{"href":"https:\/\/akincilardergisi.com\/tr\/wp-json\/wp\/v2\/posts"}],"about":[{"href":"https:\/\/akincilardergisi.com\/tr\/wp-json\/wp\/v2\/types\/post"}],"author":[{"embeddable":true,"href":"https:\/\/akincilardergisi.com\/tr\/wp-json\/wp\/v2\/users\/2"}],"replies":[{"embeddable":true,"href":"https:\/\/akincilardergisi.com\/tr\/wp-json\/wp\/v2\/comments?post=7559"}],"version-history":[{"count":0,"href":"https:\/\/akincilardergisi.com\/tr\/wp-json\/wp\/v2\/posts\/7559\/revisions"}],"wp:featuredmedia":[{"embeddable":true,"href":"https:\/\/akincilardergisi.com\/tr\/wp-json\/wp\/v2\/media\/48521"}],"wp:attachment":[{"href":"https:\/\/akincilardergisi.com\/tr\/wp-json\/wp\/v2\/media?parent=7559"}],"wp:term":[{"taxonomy":"category","embeddable":true,"href":"https:\/\/akincilardergisi.com\/tr\/wp-json\/wp\/v2\/categories?post=7559"},{"taxonomy":"post_tag","embeddable":true,"href":"https:\/\/akincilardergisi.com\/tr\/wp-json\/wp\/v2\/tags?post=7559"}],"curies":[{"name":"wp","href":"https:\/\/api.w.org\/{rel}","templated":true}]}}