{"id":7523,"date":"2015-09-11T00:27:32","date_gmt":"2015-09-10T21:27:32","guid":{"rendered":"http:\/\/akincilardergisi.com\/dergi\/?p=7523"},"modified":"2023-11-05T14:05:07","modified_gmt":"2023-11-05T11:05:07","slug":"operasyonlara-devam","status":"publish","type":"post","link":"https:\/\/akincilardergisi.com\/tr\/operasyonlara-devam\/","title":{"rendered":"OPERASYONLARA DEVAM&#8230;"},"content":{"rendered":"<div id=\"id_55f1f3f9e27d95178095726\" class=\"text_exposed_root text_exposed\">\n<p>&nbsp;<\/p>\n<p>Daha d\u00fcn; &#8221;Erdo\u011fan T\u00fcrkiyeyi PKK&#8217;l \u0131lara satt\u0131&#8221;, &#8221;Bar\u0131\u015f s\u00fcrecine son verin&#8221;, &#8221; Kandili yerle bir edelim&#8221;&#8230; diyen baz\u0131 uzaktan kumandal\u0131 beyinsiz beyinler bug\u00fcn; Ordumuzun ve Emniyet g\u00fc\u00e7lerimizin ba\u015far\u0131l\u0131 operasyonlar\u0131ndan rahats\u0131z olup \u015fimdi de; &#8221;Derhal Bar\u0131\u015f yap\u0131ls\u0131n&#8221;, &#8221;Bar\u0131\u015f, Bar\u0131\u015f, Bar\u0131\u015f&#8221;, &#8221;Silahlar terkedilsin&#8221; diye bir yerlerini y\u0131rtarcas\u0131na bas bas ba\u011f\u0131r\u0131yorlar.<\/p>\n<p>Ba\u011f\u0131rs\u0131nlar, y\u0131rt\u0131ns\u0131nlar,beter olsunlar!<\/p>\n<div class=\"text_exposed_show\">\n<p>Bu \u00fclke iki y\u00fczl\u00fc m\u00fcnaf\u0131klardan, Allah, Kitap, Peygamber, din, iman tan\u0131mayan \u015ferefsizlerden \u00e7ok \u00e7ekti.<\/p>\n<p>Bakmay\u0131n onlar\u0131n \u015fimdi bar\u0131\u015f diye ba\u011f\u0131rmalar\u0131na.Bitmeye ve t\u00fckenmeye ba\u015flad\u0131lar. S\u0131k\u0131\u015ft\u0131lar. Ma\u011faralar\u0131 ba\u015flar\u0131na y\u0131k\u0131l\u0131nca \u015fimdi fare gibi ka\u00e7acak delik ar\u0131yorlar.<\/p>\n<p>Bundan sonra Askerin operasyonlar\u0131n\u0131 durdurmak bir bak\u0131ma ahmakl\u0131k, bir bak\u0131ma ihanet, bir bak\u0131ma milletimiz i\u00e7in b\u00fcy\u00fck bir felaket olur. Milletimiz PKK haydutlar\u0131na y\u0131llarca sabretti. B\u00fct\u00fcn iyi niyet ve samimi yakla\u015f\u0131m\u0131 g\u00f6sterdi. Kar\u015f\u0131m\u0131zda laf anlamayan, s\u00f6z dinlemeyen, ku\u015f beyinli bir ihanet \u015febekesi var.her ne pahas\u0131na olursa olsun bunlar bitirilinceye kadar operasyonlar kesintisiz<br \/>\ndevam etmelidir.<br \/>\nEvet. \u015eehitler veriyoruz. Sava\u015f\u0131yoruz. Sava\u015fta \u00f6ld\u00fcrmek kadar \u00f6lmekte var. Ke\u015fke ikisi de olmasayd\u0131. Sava\u015f\u0131n ger\u00e7ek y\u00fcz\u00fc bu&#8230;<\/p>\n<p>Sava\u015f\u0131n neticesini ke\u015fkeler, a\u011f\u0131tlar, korkular, vehimler, teredd\u00fctler de\u011fil, vatan, millet, din ve namusu i\u00e7in \u015fehadeti g\u00f6ze alanlar belirler.<\/p>\n<p>Otuz-K\u0131rk y\u0131ld\u0131r milletimizin \u00f6n\u00fcnde b\u00fcy\u00fck bir engel ve fitne olarak duran bu PKK belas\u0131na art\u0131k bir sona verilmelidir. Ba\u015flam\u0131\u015fken \u015fimdi tam zaman\u0131d\u0131r. Durmak yok yola devam&#8230; PKK bitirilmelidir vesselam!<\/p>\n<\/div>\n<\/div>\n","protected":false},"excerpt":{"rendered":"<p>&nbsp; Daha d\u00fcn; &#8221;Erdo\u011fan T\u00fcrkiyeyi PKK&#8217;l \u0131lara satt\u0131&#8221;, &#8221;Bar\u0131\u015f s\u00fcrecine son verin&#8221;, &#8221; Kandili yerle bir edelim&#8221;&#8230; diyen baz\u0131 uzaktan kumandal\u0131 beyinsiz beyinler bug\u00fcn; Ordumuzun ve Emniyet g\u00fc\u00e7lerimizin ba\u015far\u0131l\u0131 operasyonlar\u0131ndan rahats\u0131z olup \u015fimdi de; &#8221;Derhal Bar\u0131\u015f yap\u0131ls\u0131n&#8221;, &#8221;Bar\u0131\u015f, Bar\u0131\u015f, Bar\u0131\u015f&#8221;, &#8221;Silahlar terkedilsin&#8221; diye bir yerlerini y\u0131rtarcas\u0131na bas bas ba\u011f\u0131r\u0131yorlar. Ba\u011f\u0131rs\u0131nlar, y\u0131rt\u0131ns\u0131nlar,beter olsunlar! Bu \u00fclke iki &hellip;<\/p>\n","protected":false},"author":2,"featured_media":48521,"comment_status":"open","ping_status":"open","sticky":false,"template":"","format":"standard","meta":{"om_disable_all_campaigns":false,"_themeisle_gutenberg_block_has_review":false,"_joinchat":[],"footnotes":""},"categories":[49,38,43],"tags":[],"class_list":["post-7523","post","type-post","status-publish","format-standard","has-post-thumbnail","","category-arif","category-guncel","category-yazarlar"],"_links":{"self":[{"href":"https:\/\/akincilardergisi.com\/tr\/wp-json\/wp\/v2\/posts\/7523","targetHints":{"allow":["GET"]}}],"collection":[{"href":"https:\/\/akincilardergisi.com\/tr\/wp-json\/wp\/v2\/posts"}],"about":[{"href":"https:\/\/akincilardergisi.com\/tr\/wp-json\/wp\/v2\/types\/post"}],"author":[{"embeddable":true,"href":"https:\/\/akincilardergisi.com\/tr\/wp-json\/wp\/v2\/users\/2"}],"replies":[{"embeddable":true,"href":"https:\/\/akincilardergisi.com\/tr\/wp-json\/wp\/v2\/comments?post=7523"}],"version-history":[{"count":0,"href":"https:\/\/akincilardergisi.com\/tr\/wp-json\/wp\/v2\/posts\/7523\/revisions"}],"wp:featuredmedia":[{"embeddable":true,"href":"https:\/\/akincilardergisi.com\/tr\/wp-json\/wp\/v2\/media\/48521"}],"wp:attachment":[{"href":"https:\/\/akincilardergisi.com\/tr\/wp-json\/wp\/v2\/media?parent=7523"}],"wp:term":[{"taxonomy":"category","embeddable":true,"href":"https:\/\/akincilardergisi.com\/tr\/wp-json\/wp\/v2\/categories?post=7523"},{"taxonomy":"post_tag","embeddable":true,"href":"https:\/\/akincilardergisi.com\/tr\/wp-json\/wp\/v2\/tags?post=7523"}],"curies":[{"name":"wp","href":"https:\/\/api.w.org\/{rel}","templated":true}]}}