{"id":7488,"date":"2015-09-08T14:45:46","date_gmt":"2015-09-08T11:45:46","guid":{"rendered":"http:\/\/akincilardergisi.com\/dergi\/?p=7488"},"modified":"2023-11-07T11:29:42","modified_gmt":"2023-11-07T08:29:42","slug":"7488-2","status":"publish","type":"post","link":"https:\/\/akincilardergisi.com\/tr\/7488-2\/","title":{"rendered":"\u0130STANBUL ALLAMELER\u0130 Y\u0130NE \u00c7AKTINIZ!"},"content":{"rendered":"<p><span style=\"line-height: 115%;font-family: 'Palatino Linotype','serif';font-size: 12pt\">Hayat bo\u015fluk kabul etmez ya birileri hemen durumdan vazife \u00e7\u0131kartmaya ba\u015flad\u0131. Paralel yap\u0131dan kurtulal\u0131m derken ondan do\u011facak bo\u015flu\u011fu doldurmak i\u00e7in m\u00fcthi\u015f bir yar\u0131\u015f ba\u015flad\u0131. T\u00fcrkiye\u2019deki \u0130slami yap\u0131lar\u0131n b\u00fcy\u00fck bir k\u0131sm\u0131 bu yar\u0131\u015fta yerini ald\u0131. Yeter ki i\u015fin ucunda pasta olsun. Bu yap\u0131lar her \u015feyi konu\u015furlar, imani olsun olmas\u0131n her konuda haz\u0131r fetvalar\u0131 vard\u0131r. Sinekten ya\u011f nas\u0131l \u00e7\u0131kart\u0131l\u0131r\u0131n form\u00fcl\u00fc dahi bunlardad\u0131r. Sizin okudu\u011funuz, anlatt\u0131\u011f\u0131n\u0131z Kur\u2019an \u00f6zg\u00fcrce ya\u015fad\u0131\u011f\u0131n\u0131z bu topraklar tehlikeye girerse al\u0131n p\u0131l\u0131n\u0131z\u0131 p\u0131ht\u0131n\u0131z\u0131 M\u0131s\u0131r\u2019a ka\u00e7\u0131n m\u0131 diyor. \u00d6zg\u00fcrce ya\u015fad\u0131\u011f\u0131n\u0131z topraklar i\u015fgal edilirse, her a\u00e7\u0131dan tehlikeye d\u00fc\u015ferse siz yine ayn\u0131 kafada m\u0131 olacaks\u0131n\u0131z. \u0130stanbul\u2019un fethinde H\u0131ristiyanlar meleklerin di\u015fi olup olmad\u0131\u011f\u0131n\u0131 tart\u0131\u015f\u0131yordu. Yar\u0131n ki nesiller bug\u00fcnler i\u00e7in sizden acaba nas\u0131l bahsedecek? \u00dclke yang\u0131n yerine d\u00f6nm\u00fc\u015fken bizim alimlerimiz, <b>\u201cKur\u2019an\u2019a abdestsiz dokunulur mu, peygamberimizin sakal\u0131n\u0131 \u00f6p\u00fcnce cennete girilir mi, kabir azab\u0131 \u00e7ektirmeyen kefen caiz mi, evlerin bereket putu, \u00c7in yap\u0131m\u0131 peygamberimizin terli\u011fini sat\u0131n almak cenneten k\u00f6\u015fk almak gibidir\u201d <\/b>i tart\u0131\u015f\u0131yordu diyecekler. \u00a0\u0130nsan\u0131m\u0131z\u0131n ve m\u00fcsl\u00fcmanlar\u0131n bug\u00fcn\u00fcne ait hi\u00e7bir problemi \u00e7\u00f6zmede k\u0131llar\u0131n\u0131 dahi k\u0131p\u0131rdatmazlar. M\u0131s\u0131r\u2019da g\u00fcvercin \u00f6lse \u00fcmmeti aya\u011fa kald\u0131r\u0131rlar. Beyaz\u0131t Meydan\u0131\u2019nda, Fatih Camii avlusunda mitingler yapar protesto g\u00f6sterileri d\u00fczenlerler. Gazze i\u00e7in k\u0131yameti kopar\u0131rlar, Filistin i\u00e7in a\u011f\u0131tlar yakarlar. Eyvallah. Bunlar\u0131n hepsinde biz de vard\u0131k, yine var\u0131z. Fakat siz bu \u00fclke i\u00e7in, T\u00fcrkiye i\u00e7in hi\u00e7bir\u015fey yapamaz m\u0131s\u0131n\u0131z? \u00a0Klimal\u0131 odalar\u0131n\u0131zda ahkam kesersiniz, bizim gibi Anadol\u2019nun saflar\u0131n\u0131 arada bir \u00e7a\u011f\u0131r\u0131r, kendinizce format atars\u0131n\u0131z, ayar \u00e7ekersiniz. Tabi ki yerse. <\/span><\/p>\n<p class=\"ecxMsoNormal\" style=\"text-align: justify\"><span style=\"line-height: 115%;font-family: 'Palatino Linotype','serif';font-size: 12pt\">M\u00fcsl\u00fcmanlar\u0131 konformist olmakla su\u00e7layan allameler siz ne oldunuz? Biz konu\u015furuz, biz yazar\u0131z. Eeee siz de yap\u0131n. Olur, \u00e7ay da verem mi? Roboski i\u00e7in a\u011flayan, a\u011f\u0131t yakan \u0130stanbul allameleri Da\u011fl\u0131ca i\u00e7in de a\u011flayabilecek, a\u011f\u0131t yakabilecek misiniz? G\u00fcney ve do\u011fudakiler dar\u0131l\u0131r diye ter\u00f6r olaylar\u0131 kar\u015f\u0131s\u0131nda \u00e7\u0131k\u0131p mert bir a\u00e7\u0131klama dahi yapm\u0131yor, yapam\u0131yorsunuz. Bo\u015falt\u0131n \u0130stanbul\u2019u, gidin o \u00e7ok sevdiklerinizin yan\u0131na. Vak\u0131flar\u0131n\u0131z\u0131, derneklerinizi, yap\u0131lar\u0131n\u0131z\u0131 ta\u015f\u0131y\u0131n Hakkari\u2019ye Van\u2019a, Mardin\u2019e \u015e\u0131rnak\u2019a. D\u00fc\u015f\u00fcn yakam\u0131zdan.<\/span><\/p>\n<p class=\"ecxMsoNormal\" style=\"text-align: justify\"><span style=\"line-height: 115%;font-family: 'Palatino Linotype','serif';font-size: 12pt\">Abd\u00fclhamit\u2019i satan M\u00fcsl\u00fcmanlar, h\u0131rslar\u0131ndan ve hasetliklerinden \u00fclkeyi satt\u0131klar\u0131n\u0131 dahi anlamaktan aciz idiler. \u00a0Sistemi savunun, sahip \u00e7\u0131k\u0131n demedik, \u00fclkeye sahip \u00e7\u0131k\u0131n. T\u00fcrkiye zaafa u\u011frarsa \u00f6ncelikle sizin yerinizden yeller esecektir. Kendinizce yapt\u0131\u011f\u0131n\u0131z o \u00e7al\u0131\u015fmalar\u0131n\u0131z\u0131 \u00e7ok sevdi\u011finiz \u0130ran\u2019da \u00a0m\u0131, Arabistan\u2019da m\u0131, Suriye\u2019de mi, M\u0131s\u0131r\u2019da m\u0131 yapacaks\u0131n\u0131z? O \u00e7ok sevdi\u011finiz \u00fclkelerde size \u00e7ay bile i\u00e7irmezler. Bunu dahi anlamaktan acizsiniz. <\/span><\/p>\n<p class=\"ecxMsoNormal\" style=\"text-align: justify\"><span style=\"line-height: 115%;font-family: 'Palatino Linotype','serif';font-size: 12pt\">Bu \u00fclkenin ayd\u0131nlar\u0131 T\u00fcrkiye\u2019li olmad\u0131. Bu \u00fclkenin allameleri de T\u00fcrkiye\u2019li olamad\u0131. Ama, fakat, lakinli c\u00fcmleleriniz sizin olsun. \u00c7ok dinledik, \u00e7ok okuduk. Me\u011fer hepsi hikaye imi\u015f. Sessizli\u011finiz, suskunlu\u011funuz alimli\u011finizden midir, acizli\u011finizden midir, g\u00fctt\u00fc\u011f\u00fcn\u00fcz maslahattan m\u0131d\u0131r? Bizi uyuttu\u011funuzu mu zannediyorsunuz? Sayenizde uyand\u0131k, biz uyand\u0131k da siz hala niye uyanm\u0131yorsunuz? <\/span><\/p>\n<p class=\"ecxMsoNormal\" style=\"text-align: justify\"><span style=\"line-height: 115%;font-family: 'Palatino Linotype','serif';font-size: 12pt\">Peygamberimiz sizin kadar bilmiyordu. Hz. Ebubekir, \u00d6mer, Ali, Osman, Hamza ve di\u011ferleri. Hi\u00e7biri sizin kadar bilmiyordu. Siz \u00e7ok \u015fey biliyorsunuz(!). Ama onlar\u0131n bildi\u011fi bir \u015fey vard\u0131.\u00a0 <b>\u201cAdam gibi ya\u015fmak.\u201d<\/b> <\/span><\/p>\n<p class=\"ecxMsoNormal\" style=\"text-align: justify\"><span style=\"line-height: 115%;font-family: 'Palatino Linotype','serif';font-size: 12pt\">Ele k\u0131l\u0131\u00e7 al\u0131nacaksa teredd\u00fct yok, <\/span><\/p>\n<p class=\"ecxMsoNormal\" style=\"text-align: justify\"><span style=\"line-height: 115%;font-family: 'Palatino Linotype','serif';font-size: 12pt\">Ok at\u0131lacaksa teredd\u00fct yok, <\/span><\/p>\n<p class=\"ecxMsoNormal\" style=\"text-align: justify\"><span style=\"line-height: 115%;font-family: 'Palatino Linotype','serif';font-size: 12pt\">At binilecekse teredd\u00fct yok. <\/span><\/p>\n<p class=\"ecxMsoNormal\" style=\"text-align: justify\"><span style=\"line-height: 115%;font-family: 'Palatino Linotype','serif';font-size: 12pt\">Kan d\u00f6k\u00fclecek, can verilecekse yine teredd\u00fct yok. Sizin yapt\u0131\u011f\u0131n\u0131z\u0131n, sabahtan ak\u015fama kadar s\u00f6vd\u00fc\u011f\u00fcn\u00fcz \u0130srailo\u011fullar\u0131\u2019n\u0131n Hz. Musa\u2019ya dedikleri gibi <b>\u201cSen git Rabbinle birlikte sava\u015f, biz burada bekliyoruz.\u201d<\/b> mant\u0131\u011f\u0131ndan ne fark\u0131 var? \u00a0<\/span><\/p>\n<p class=\"ecxMsoNormal\" style=\"text-align: justify\"><span style=\"line-height: 115%;font-family: 'Palatino Linotype','serif';font-size: 12pt\">\u00a0<\/span><\/p>\n<p class=\"ecxMsoNormal\" style=\"text-align: justify\"><span style=\"line-height: 115%;font-family: 'Palatino Linotype','serif';font-size: 12pt\">M\u0131s\u0131r i\u00e7in,<\/span><\/p>\n<p class=\"ecxMsoNormal\" style=\"text-align: justify\"><span style=\"line-height: 115%;font-family: 'Palatino Linotype','serif';font-size: 12pt\">Suriye i\u00e7in,<\/span><\/p>\n<p class=\"ecxMsoNormal\" style=\"text-align: justify\"><span style=\"line-height: 115%;font-family: 'Palatino Linotype','serif';font-size: 12pt\">Gazze i\u00e7in,<\/span><\/p>\n<p class=\"ecxMsoNormal\" style=\"text-align: justify\"><span style=\"line-height: 115%;font-family: 'Palatino Linotype','serif';font-size: 12pt\">Filistin i\u00e7in,<\/span><\/p>\n<p class=\"ecxMsoNormal\" style=\"text-align: justify\"><span style=\"line-height: 115%;font-family: 'Palatino Linotype','serif';font-size: 12pt\">Yemen i\u00e7in,<\/span><\/p>\n<p class=\"ecxMsoNormal\" style=\"text-align: justify\"><span style=\"line-height: 115%;font-family: 'Palatino Linotype','serif';font-size: 12pt\">Sudan i\u00e7in,<\/span><\/p>\n<p class=\"ecxMsoNormal\" style=\"text-align: justify\"><span style=\"line-height: 115%;font-family: 'Palatino Linotype','serif';font-size: 12pt\">Irak i\u00e7in, <\/span><\/p>\n<p class=\"ecxMsoNormal\" style=\"text-align: justify\"><span style=\"line-height: 115%;font-family: 'Palatino Linotype','serif';font-size: 12pt\">\u0130ran i\u00e7in,<\/span><\/p>\n<p class=\"ecxMsoNormal\" style=\"text-align: justify\"><span style=\"line-height: 115%;font-family: 'Palatino Linotype','serif';font-size: 12pt\">\u00c7e\u00e7enistan i\u00e7in,<\/span><\/p>\n<p class=\"ecxMsoNormal\" style=\"text-align: justify\"><span style=\"line-height: 115%;font-family: 'Palatino Linotype','serif';font-size: 12pt\">Arakan i\u00e7in, <\/span><\/p>\n<p class=\"ecxMsoNormal\" style=\"text-align: justify\"><span style=\"line-height: 115%;font-family: 'Palatino Linotype','serif';font-size: 12pt\">Somali i\u00e7in,<\/span><\/p>\n<p class=\"ecxMsoNormal\" style=\"text-align: justify\"><span style=\"line-height: 115%;font-family: 'Palatino Linotype','serif';font-size: 12pt\">Nijerya i\u00e7in,<\/span><\/p>\n<p class=\"ecxMsoNormal\" style=\"text-align: justify\"><span style=\"line-height: 115%;font-family: 'Palatino Linotype','serif';font-size: 12pt\">Kenya i\u00e7in ve di\u011ferleri i\u00e7in aya\u011fa kalkan, \u00e7ekmecelerinden o \u00fclkelerin bayra\u011f\u0131n\u0131 al\u0131p Fatih Camii\u2019ine ko\u015fanlar, bir kez olsun T\u00fcrkiye i\u00e7in ko\u015fsan\u0131z ne olur? Suriye meselesini i\u00e7selle\u015fti\u011fdi\u011finizin y\u00fczde biri kadar T\u00fcrkiye\u2019yi de i\u00e7selle\u015ftirseniz birileri size k\u0131zar m\u0131, dar\u0131l\u0131r m\u0131, sizi okumaz m\u0131, dinlemez mi? T\u00fcrkeye\u2019nin d\u0131\u015f\u0131ndaki her olay\u0131 \u00fcmmetin problemi olarak g\u00f6rd\u00fcn\u00fcz ve sar\u0131ld\u0131n\u0131z. T\u00fcrkiye\u2019yi ne olarak g\u00f6r\u00fcyorsunuz? Yaz\u0131k, \u00e7ok yaz\u0131k. Her yeri sevdiniz de bir t\u00fcrl\u00fc T\u00fcrkiye\u2019yi sevemediniz ya. Kadir k\u0131ymet bilmek de bir nasip i\u015fidir. S\u00f6ylemekle olacak \u015fey de\u011fildir.<\/span><\/p>\n<p class=\"ecxMsoNormal\" style=\"text-align: justify\"><span style=\"line-height: 115%;font-family: 'Palatino Linotype','serif';font-size: 12pt\">Duygusal bir yaz\u0131 m\u0131 oldu? Sizin gibi duygusuz olmaktansa vars\u0131n b\u00f6yle olsun. \u0130stisnalar\u0131n\u0131za selam olsun.<\/span><\/p>\n<p class=\"ecxMsoNormal\" style=\"text-align: justify\"><span style=\"line-height: 115%;font-family: 'Palatino Linotype','serif';font-size: 12pt\">Ey Rabbim!<\/span><\/p>\n<p class=\"ecxMsoNormal\" style=\"text-align: justify\"><span style=\"line-height: 115%;font-family: 'Palatino Linotype','serif';font-size: 12pt\">T\u00fcrkiye\u2019de alimler varm\u0131\u015f diyece\u011fimiz g\u00fcnlere kavu\u015fmay\u0131 nasip eyle. <\/span><\/p>\n<p class=\"ecxMsoNormal\" style=\"text-align: justify\"><span style=\"line-height: 115%;font-family: 'Palatino Linotype','serif';font-size: 12pt\">\u00a0<\/span><\/p>\n<p class=\"ecxMsoNormal\" style=\"text-align: justify\"><b><span style=\"color: red;line-height: 115%;font-family: 'Tahoma','sans-serif';font-size: 20pt\">\u00d6mer Naci YILMAZ<\/span><\/b><\/p>\n","protected":false},"excerpt":{"rendered":"<p>Hayat bo\u015fluk kabul etmez ya birileri hemen durumdan vazife \u00e7\u0131kartmaya ba\u015flad\u0131. Paralel yap\u0131dan kurtulal\u0131m derken ondan do\u011facak bo\u015flu\u011fu doldurmak i\u00e7in m\u00fcthi\u015f bir yar\u0131\u015f ba\u015flad\u0131. T\u00fcrkiye\u2019deki \u0130slami yap\u0131lar\u0131n b\u00fcy\u00fck bir k\u0131sm\u0131 bu yar\u0131\u015fta yerini ald\u0131. Yeter ki i\u015fin ucunda pasta olsun. Bu yap\u0131lar her \u015feyi konu\u015furlar, imani olsun olmas\u0131n her konuda haz\u0131r fetvalar\u0131 vard\u0131r. Sinekten ya\u011f &hellip;<\/p>\n","protected":false},"author":26,"featured_media":48521,"comment_status":"open","ping_status":"open","sticky":false,"template":"","format":"standard","meta":{"om_disable_all_campaigns":false,"_themeisle_gutenberg_block_has_review":false,"_joinchat":[],"footnotes":""},"categories":[1,54,43],"tags":[],"class_list":["post-7488","post","type-post","status-publish","format-standard","has-post-thumbnail","","category-genel","category-omer","category-yazarlar"],"_links":{"self":[{"href":"https:\/\/akincilardergisi.com\/tr\/wp-json\/wp\/v2\/posts\/7488","targetHints":{"allow":["GET"]}}],"collection":[{"href":"https:\/\/akincilardergisi.com\/tr\/wp-json\/wp\/v2\/posts"}],"about":[{"href":"https:\/\/akincilardergisi.com\/tr\/wp-json\/wp\/v2\/types\/post"}],"author":[{"embeddable":true,"href":"https:\/\/akincilardergisi.com\/tr\/wp-json\/wp\/v2\/users\/26"}],"replies":[{"embeddable":true,"href":"https:\/\/akincilardergisi.com\/tr\/wp-json\/wp\/v2\/comments?post=7488"}],"version-history":[{"count":0,"href":"https:\/\/akincilardergisi.com\/tr\/wp-json\/wp\/v2\/posts\/7488\/revisions"}],"wp:featuredmedia":[{"embeddable":true,"href":"https:\/\/akincilardergisi.com\/tr\/wp-json\/wp\/v2\/media\/48521"}],"wp:attachment":[{"href":"https:\/\/akincilardergisi.com\/tr\/wp-json\/wp\/v2\/media?parent=7488"}],"wp:term":[{"taxonomy":"category","embeddable":true,"href":"https:\/\/akincilardergisi.com\/tr\/wp-json\/wp\/v2\/categories?post=7488"},{"taxonomy":"post_tag","embeddable":true,"href":"https:\/\/akincilardergisi.com\/tr\/wp-json\/wp\/v2\/tags?post=7488"}],"curies":[{"name":"wp","href":"https:\/\/api.w.org\/{rel}","templated":true}]}}