{"id":6962,"date":"2015-08-09T10:38:04","date_gmt":"2015-08-09T07:38:04","guid":{"rendered":"http:\/\/akincilardergisi.com\/dergi\/?p=6962"},"modified":"2023-11-07T11:29:42","modified_gmt":"2023-11-07T08:29:42","slug":"bitirin-artik-bu-teroru","status":"publish","type":"post","link":"https:\/\/akincilardergisi.com\/tr\/bitirin-artik-bu-teroru\/","title":{"rendered":"B\u0130T\u0130R\u0130N ARTIK BU TER\u00d6R\u00dc!"},"content":{"rendered":"<p><span style=\"line-height: 115%;font-family: 'Palatino Linotype','serif';font-size: 12pt\">7 Haziran 2015 Genel Se\u00e7imlerinden sonra \u00fclkemizde ter\u00f6r olaylar\u0131 artm\u0131\u015f ve bir\u00e7ok g\u00fcvenlik g\u00f6revlimiz \u015fehit olmu\u015ftur. Y\u00fcce Rabbimiz \u015fehadetlerini kabul buyursun. <\/span><\/p>\n<p class=\"ecxMsoNormal\" style=\"text-align: justify\"><span style=\"line-height: 115%;font-family: 'Palatino Linotype','serif';font-size: 12pt\">7 Hazirandan sonra ya\u015fanan ter\u00f6r olaylar\u0131n\u0131 daha \u00f6ncekiler gibi g\u00f6remeyiz. Aradaki fark ise \u00e7\u00f6z\u00fcm s\u00fcrece ad\u0131na yap\u0131lan fedakarl\u0131klard\u0131r, bir \u00e7ok \u015feyi sineye \u00e7ekmeler, yutmalar, yutkunmalar ve g\u00f6rmezden gelmelerdir. Devlet iyi niyet ad\u0131na ne yapt\u0131ysa, neleri yuttuysa \u00f6rg\u00fct taraf\u0131ndan yok h\u00fckm\u00fcnde say\u0131lm\u0131\u015ft\u0131r. Zaten bir ter\u00f6r \u00f6rg\u00fct\u00fcnden ba\u015fka ne beklenebilir? B\u00fct\u00fcn olumsuzluklar\u0131 sineye \u00e7ekmeye ra\u011fmen, yutmaya ra\u011fmen, g\u00f6rmezden gelmeye ra\u011fmen, milletimizin bu sefer bitecek gibi inanc\u0131na ra\u011fmen 7 Haziran sonras\u0131nda ya\u015fananlar bu \u00fclkeye ve bu \u00fclke insan\u0131na bir sava\u015f ilan\u0131ndan ba\u015fka bir \u015fey de\u011fildir. Kim ne derse desin, nas\u0131l derse desin bu bir sava\u015f a\u00e7ma, taarruza ge\u00e7me giri\u015fimidir. \u00d6rg\u00fct ve yanda\u015flar\u0131, partisi, sempatizanlara, onlar\u0131 meclise sokmak i\u00e7in \u00e7\u0131rp\u0131nan beyaz T\u00fcrkler ve medyadaki pazarlamac\u0131lar\u0131, kendisi se\u00e7im kaybetti\u011fi halde ter\u00f6r \u00f6rg\u00fct\u00fc partisinin meclise girmesini demokrasinin zaferi olarak g\u00f6ren ahmak siyaset\u00e7iler bu \u00fclkede iyili\u011fi ve iyi niyeti \u00f6ld\u00fcrm\u00fc\u015flerdir. Kimse bize demokrasinin faziletinden bahsetmesin. \u0130nand\u0131\u011f\u0131n\u0131z demokrasi silahs\u0131z ter\u00f6ristleri meclise ta\u015f\u0131mad\u0131 m\u0131? Yar\u0131n da iktidara ta\u015f\u0131rsa \u015fa\u015f\u0131rmayal\u0131m. <\/span><\/p>\n<p class=\"ecxMsoNormal\" style=\"text-align: justify\"><span style=\"line-height: 115%;font-family: 'Palatino Linotype','serif';font-size: 12pt\">Demokrasi bu \u00fclkeyi b\u00f6lmek isteyenlerin, ter\u00f6ristlerin, hainlerin, onlara yard\u0131m ve yatakl\u0131k yapanlar\u0131n siyaset yapmas\u0131na m\u00fcsaade ediyorsa, bu aziz milletin paralar\u0131n\u0131n bu hainlere maa\u015f olarak verilmesine sebep oluyorsa b\u00f6yle demokrasiye lanet olsun. Ne hikmetse demokrasi bizim \u00fclkemizde ter\u00f6ristleri, hainleri ve kahpeleri koruyor. D\u00fcnyan\u0131n hangi demokratik \u00fclkesinde ter\u00f6r bizdeki gibi kabul g\u00f6r\u00fcyor, sahipleneni \u00e7\u0131k\u0131yor. D\u00fcnyan\u0131n neresinde ter\u00f6r \u00f6rgt\u00fc olarak tescillenmi\u015f bir \u00f6rg\u00fcte ter\u00f6r \u00f6rg\u00fct\u00fc diyemeyen medya var, gazeteci var?<\/span><\/p>\n<p class=\"ecxMsoNormal\" style=\"text-align: justify\"><span style=\"line-height: 115%;font-family: 'Palatino Linotype','serif';font-size: 12pt\">Ter\u00f6r iyi niyetle, sineye \u00e7ekmeyle, yutmayla, g\u00f6rmezden gelmeyle bitmez. \u00dclkenin her t\u00fcrl\u00fc mahremiyetine ve toprak par\u00e7as\u0131na tasallut eden ne varsa yerinde ve an\u0131nda m\u00fcdahale edeceksin, k\u00f6k\u00fcn\u00fc kaz\u0131yacaks\u0131n. Baz\u0131 ahmaklar bu \u00fclkenin m\u00fcsl\u00fcmanlar\u0131n\u0131 habis ura benzetirken bu b\u00f6l\u00fcc\u00fcler i\u00e7in a\u011f\u0131zlar\u0131n\u0131 dahi a\u00e7mad\u0131lar. Sessizlikleriyle de onlara destek verdiler. H\u00fck\u00fcmet y\u0131prans\u0131nda ne olursa olsun hainli\u011fini bile g\u00f6sterdiler. Hele hele d\u00fcnyan\u0131n hi\u00e7bir yerinde \u00fclkesine y\u00f6nelik ter\u00f6r faaliyetlerini ter\u00f6r \u00f6rg\u00fct\u00fc hakl\u0131 diye destekleyen, pazarlayan ve \u00f6rg\u00fct\u00fc daha ho\u015fg\u00f6r\u00fcl\u00fc bulan sat\u0131l\u0131k bir medya bulamazs\u0131n\u0131z. U\u00e7aklar\u0131m\u0131z kandili bombalarken, savc\u0131lar\u0131m\u0131z da sat\u0131l\u0131m\u0131\u015f medyay\u0131 hukuken bombalamal\u0131d\u0131rlar. Ter\u00f6rle topyek\u00fcn m\u00fccadelenin olmazsa olmaz ayaklar\u0131ndan biri olan bas\u0131n maalesef kendi aya\u011f\u0131na kur\u015fun s\u0131kmaktad\u0131r. Kendinize gelin diye ikaz edildi\u011finde \u00f6zg\u00fcr bas\u0131na m\u00fcdahale diye bas bas ba\u011f\u0131rmaktad\u0131rlar. Bir emniyet g\u00f6revlimiz bas\u0131n kart\u0131n\u0131z\u0131 g\u00f6sterin dese k\u0131yameti kopar\u0131rlar, \u00f6rg\u00fct elemanlar\u0131 donlar\u0131na kadar arasa seslerini \u00e7\u0131kartmazlar. \u00d6rg\u00fcte kuzu, devletine ve onun g\u00fcvenlik g\u00f6revlilerine kurt kesilirler. <\/span><\/p>\n<p class=\"ecxMsoNormal\" style=\"text-align: justify\"><span style=\"line-height: 115%;font-family: 'Palatino Linotype','serif';font-size: 12pt\">Bu \u00fclke ilk defa hain g\u00f6rm\u00fcyor, bu \u00fclke ilk defa sat\u0131l\u0131k bas\u0131na \u015fahit olmuyor. Neler g\u00f6rd\u00fc neler? Kimler geldi, kimler ge\u00e7ti? \u00a0Abd\u00fclhamit suikast\u0131nin faillerine \u015fiir yazanlar da bu \u00fclkenin sat\u0131lm\u0131\u015f bas\u0131n\u0131yd\u0131. Ve bug\u00fcnk\u00fcler gibi onlar da Ermeni severdi. Ter\u00f6r \u00f6rg\u00fct\u00fcnden \u00f6nce onun medya aya\u011f\u0131n\u0131n k\u0131r\u0131lmas\u0131 laz\u0131m. Tav\u015fana ka\u00e7, taz\u0131ya tut y\u00f6ntemiyle ter\u00f6rle m\u00fccadelede ba\u015far\u0131 zor g\u00f6r\u00fclmektedir. Misliyle kar\u015f\u0131l\u0131k vereceksin, hi\u00e7kimsenin y\u00fcz\u00fcn\u00fc bu \u00fclkeye d\u00f6n\u00fcp de havlamas\u0131na m\u00fcsaade etmeyeceksin, havlamay\u0131 akl\u0131ndan bile ge\u00e7irtmeyeceksin. Onlar\u0131 hayallerinde bo\u011facaks\u0131n. Ba\u015fka t\u00fcrl\u00fc olmaz. Olsayd\u0131 zaten \u015fimdiye kadar ba\u015far\u0131l\u0131rd\u0131. <\/span><\/p>\n<p class=\"ecxMsoNormal\" style=\"text-align: justify\"><span style=\"line-height: 115%;font-family: 'Palatino Linotype','serif';font-size: 12pt\">Yollar yapt\u0131n\u0131z, \u00fcniversiteler kurdunuz, hastaneler yapt\u0131n\u0131z, bir\u00e7ok alandaki ba\u015far\u0131lara ve geli\u015fmelere \u015fahit olduk. Art\u0131k yeter! \u015eimdide ter\u00f6rle m\u00fccadelede ba\u015far\u0131 ve geli\u015fme bekliyoruz. <b>B<\/b><\/span><\/p>\n<p class=\"ecxMsoNormal\" style=\"text-align: justify\"><span style=\"line-height: 115%;font-family: 'Palatino Linotype','serif';font-size: 12pt\"><b>\u0130T\u0130R\u0130N ARTIK BU TER\u00d6R\u00dc!<\/b><\/span><\/p>\n<p class=\"ecxMsoNormal\" style=\"text-align: justify\"><span style=\"line-height: 115%;font-family: 'Palatino Linotype','serif';font-size: 12pt\">\u00a0<\/span><\/p>\n<p class=\"ecxMsoNormal\" style=\"text-align: justify\"><span style=\"line-height: 115%;font-family: 'Tahoma','sans-serif';font-size: 12pt\">\u00a0<\/span><\/p>\n<p class=\"ecxMsoNormal\" style=\"text-align: justify\"><b><span style=\"line-height: 115%;font-family: 'Tahoma','sans-serif';font-size: 20pt\">\u00d6mer Naci YILMAZ<\/span><\/b><\/p>\n","protected":false},"excerpt":{"rendered":"<p>7 Haziran 2015 Genel Se\u00e7imlerinden sonra \u00fclkemizde ter\u00f6r olaylar\u0131 artm\u0131\u015f ve bir\u00e7ok g\u00fcvenlik g\u00f6revlimiz \u015fehit olmu\u015ftur. Y\u00fcce Rabbimiz \u015fehadetlerini kabul buyursun. 7 Hazirandan sonra ya\u015fanan ter\u00f6r olaylar\u0131n\u0131 daha \u00f6ncekiler gibi g\u00f6remeyiz. Aradaki fark ise \u00e7\u00f6z\u00fcm s\u00fcrece ad\u0131na yap\u0131lan fedakarl\u0131klard\u0131r, bir \u00e7ok \u015feyi sineye \u00e7ekmeler, yutmalar, yutkunmalar ve g\u00f6rmezden gelmelerdir. Devlet iyi niyet ad\u0131na ne yapt\u0131ysa, &hellip;<\/p>\n","protected":false},"author":26,"featured_media":48521,"comment_status":"open","ping_status":"open","sticky":false,"template":"","format":"standard","meta":{"om_disable_all_campaigns":false,"_themeisle_gutenberg_block_has_review":false,"_joinchat":[],"footnotes":""},"categories":[38,54,43],"tags":[],"class_list":["post-6962","post","type-post","status-publish","format-standard","has-post-thumbnail","","category-guncel","category-omer","category-yazarlar"],"_links":{"self":[{"href":"https:\/\/akincilardergisi.com\/tr\/wp-json\/wp\/v2\/posts\/6962","targetHints":{"allow":["GET"]}}],"collection":[{"href":"https:\/\/akincilardergisi.com\/tr\/wp-json\/wp\/v2\/posts"}],"about":[{"href":"https:\/\/akincilardergisi.com\/tr\/wp-json\/wp\/v2\/types\/post"}],"author":[{"embeddable":true,"href":"https:\/\/akincilardergisi.com\/tr\/wp-json\/wp\/v2\/users\/26"}],"replies":[{"embeddable":true,"href":"https:\/\/akincilardergisi.com\/tr\/wp-json\/wp\/v2\/comments?post=6962"}],"version-history":[{"count":0,"href":"https:\/\/akincilardergisi.com\/tr\/wp-json\/wp\/v2\/posts\/6962\/revisions"}],"wp:featuredmedia":[{"embeddable":true,"href":"https:\/\/akincilardergisi.com\/tr\/wp-json\/wp\/v2\/media\/48521"}],"wp:attachment":[{"href":"https:\/\/akincilardergisi.com\/tr\/wp-json\/wp\/v2\/media?parent=6962"}],"wp:term":[{"taxonomy":"category","embeddable":true,"href":"https:\/\/akincilardergisi.com\/tr\/wp-json\/wp\/v2\/categories?post=6962"},{"taxonomy":"post_tag","embeddable":true,"href":"https:\/\/akincilardergisi.com\/tr\/wp-json\/wp\/v2\/tags?post=6962"}],"curies":[{"name":"wp","href":"https:\/\/api.w.org\/{rel}","templated":true}]}}