{"id":6855,"date":"2015-08-03T12:47:43","date_gmt":"2015-08-03T09:47:43","guid":{"rendered":"http:\/\/akincilardergisi.com\/dergi\/?p=6855"},"modified":"2023-11-05T14:05:11","modified_gmt":"2023-11-05T11:05:11","slug":"neden-bazi-kurt-muslumanlar","status":"publish","type":"post","link":"https:\/\/akincilardergisi.com\/tr\/neden-bazi-kurt-muslumanlar\/","title":{"rendered":"NEDEN BAZI K\u00dcRT M\u00dcSL\u00dcMANLAR ?"},"content":{"rendered":"<p>B\u00f6yle bir yaz\u0131 yazmaya beni siz zorlad\u0131n\u0131z. Yoksa benim dinimde, d\u00fcnya g\u00f6r\u00fc\u015f\u00fcmde, anlay\u0131\u015f ve ya\u015fay\u0131\u015f\u0131mda K\u00fcrt, T\u00fcrk, Arap \u0131rk\u00e7\u0131l\u0131\u011f\u0131, milliyet\u00e7ili\u011fi, ulusalc\u0131l\u0131\u011f\u0131 gibi bir hassasiyet yok. Ben \u0130slamc\u0131y\u0131m. \u0130slam \u00fcmmetinin birlik ve beraberli\u011fine inanm\u0131\u015f\u0131m.<\/p>\n<p>Tan\u0131d\u0131\u011f\u0131m, bildi\u011fim, sayg\u0131 duydu\u011fum, sevdi\u011fim bir\u00e7ok M\u00fcsl\u00fcman K\u00fcrt arkada\u015f\u0131mda a\u00e7\u0131k olmasa da gizli bir K\u00fcrt\u00e7\u00fcl\u00fc\u011f\u00fcn i\u00e7lerini kemirip durdu\u011funu g\u00f6r\u00fcyorum. Bu kurt T\u00fcrklerin i\u00e7inde\u00a0yok mu derseniz. T\u00fcrkler bu co\u011frafyada \u0131rk\u00e7\u0131l\u0131\u011f\u0131n piri olmu\u015flar ve koskoca Osmanl\u0131y\u0131 bu y\u00fczden par\u00e7alay\u0131p T\u00fcrkiye&#8217;yi de ahmakl\u0131klar\u0131 y\u00fcz\u00fcnden \u00a0bu g\u00fcnlere getirmi\u015flerdir.<\/p>\n<p>\u00d6n\u00fcm\u00fczde koskoca ac\u0131 bir Osmanl\u0131 tecr\u00fcbesi varken baz\u0131 K\u00fcrt M\u00fcsl\u00fcmanlar\u0131n duygu ve hislerine kap\u0131l\u0131p, devletin \u015fimdiye kadar yapt\u0131\u011f\u0131 yanl\u0131\u015flar\u0131\u00a0sebep g\u00f6stererek\u00a0 veya K\u00fcrt devleti kurma hevesine kap\u0131larak PKK &#8216;n\u0131n politikalar\u0131na yak\u0131n olmaya \u00e7al\u0131\u015ft\u0131klar\u0131n\u0131 g\u00f6zlemliyor, utanmasalar, s\u0131k\u0131lmasalar &#8221;Biji Apo&#8221;diye ba\u011f\u0131racaklar\u0131na \u015fahit oluyoruz.\u00a0Bunu\u00a0hayk\u0131rmaya kimilerinin imanlar\u0131 m\u00fcsaade etmiyor. Kimileri \u00e7evresinden ve\u00a0 \u0130slamc\u0131, muhafazakar arkada\u015flar\u0131ndan utand\u0131\u011f\u0131ndan diyemiyor. Kimileri mal, m\u00fclk, evlat kayg\u0131s\u0131ndan, kimileri de de\u011fi\u015fik nedenlerden&#8230;<\/p>\n<p>Bunlar\u0131n i\u00e7inde AK Parti Milletvekili aday adaylar\u0131 ve bir\u00e7ok \u00fcst d\u00fczey b\u00fcrokratlar da var. Hem AK partinin politikalar\u0131n\u0131 benimsemiyorlar. Hem aday olma s\u0131ras\u0131 gelince solu\u011fu aday adayl\u0131\u011f\u0131n\u0131n en \u00f6n\u00fcnde s\u0131ra almak i\u00e7in kimseye f\u0131rsat vermiyorlar.<\/p>\n<p>Halbuki duru\u015fu e\u011fri, ilkesiz, itikadi, siyasi, stratejik sapk\u0131nl\u0131\u011f\u0131 belli , ne yapt\u0131\u011f\u0131n\u0131 bilmeyen bu insanlar PKK&#8217; ya da kat\u0131lsa, oradan milletvekili de olsa oraya y\u00fck olmaktan ba\u015fka bir i\u015fe yaramazlar.<\/p>\n<p>S\u00f6zlerim \u0130slam akidesine ba\u011fl\u0131 olduklar\u0131n\u0131 s\u00f6yleyen, iddia eden, bunu savunan, ona inanan M\u00fcsl\u00fcmanlara&#8230; Kominist, K\u00fcrt\u00e7\u00fc Fa\u015fist, liberal, Ataist ve Zerd\u00fc\u015ftlere, Nusayri\u00a0ve Ermenilere de\u011fil.<\/p>\n<p>PKK din tan\u0131maz, ataist, sosyalist bir \u00f6rg\u00fct de\u011fil midir?<\/p>\n<p>PKK K\u00fcrt \u0131rk\u00e7\u0131s\u0131, \u0130slam d\u00fc\u015fman\u0131 bir hareket\u00a0 de\u011fil midir?<\/p>\n<p>PKK ba\u015fta K\u00fcrtlere ve daha sonra hakim oldu\u011fu alanlarda herkese nefes ald\u0131rmayan, zulmeden bir zul\u00fcm ve katliam aparat\u0131 de\u011fil midir?<\/p>\n<p>PKK apa\u00e7\u0131k birilerinin ta\u015feronu olmad\u0131\u011f\u0131n\u0131 kim iddia edebilir? Ve ve ve&#8230;<\/p>\n<p>PKK 30 y\u0131ld\u0131r bu \u00fclkede belirli hedeflere ula\u015fmak i\u00e7in kan d\u00f6ken , yol kesen, kamu ve vatanda\u015f\u0131n mallar\u0131na zarar veren\u00a0 ve hala vermekte olan\u00a0anar\u015fistler \u00e7etesi de\u011fil midir?<\/p>\n<p>Bar\u0131\u015f\u0131 bozan,\u00a0her zaman\u00a0\u00fclkeyi ve insan\u0131m\u0131z\u0131 tehdit eden, her yer ve herkese sald\u0131r\u0131lar d\u00fczenleyen, g\u00fcvenli\u011fimizi tehdit eden d\u0131\u015f mihrakl\u0131 bir ter\u00f6r \u00f6rg\u00fct\u00fc de\u011fil midir?<\/p>\n<p>Ve ve ve&#8230;<\/p>\n<p>Ey anl\u0131 secdeye gelen M\u00fcsl\u00fcman! Senin PKK ile hangi ortak noktan var\u00a0ki ona yana\u015f\u0131yor, sempati duyuyorsun?<\/p>\n<p>&#8221;T\u00fcrkiye PKK kamplar\u0131n\u0131 ve Kandili bombalamas\u0131n&#8221;, siviller \u00f6l\u00fcyor vs.\u00a0diye mazeret \u00f6ne s\u00fcrenler var.<\/p>\n<p>Peki Bar\u0131\u015f s\u00fcreci ba\u015flad\u0131ktan sonra T\u00fcrkiye PKK mevzilerini\u00a0hi\u00e7 bombalad\u0131 m\u0131?<\/p>\n<p>Bar\u0131\u015f\u00a0 s\u00fcrecinden bu zamana kadar 600 kadar olay \u00e7\u0131karan PKK &#8216;l\u0131lara&#8221; aman bar\u0131\u015f s\u00fcrecine zarar gelmesin&#8221; diye bir ses \u00e7\u0131karmayan askeri, polisi siz ensesinden, ailesi ve \u00e7ocu\u011funun yan\u0131nda arkas\u0131ndan kur\u015funlar, masum insanlar\u0131 katleder\u00a0ve \u00fclkeyi bir sava\u015f alan\u0131na \u00e7evirmeye \u00e7al\u0131\u015f\u0131rsan\u0131z. Elbette, devlet askerini, polisini, vatanda\u015f\u0131n\u0131\u00a0vuranlardan hesap soracakt\u0131r.<\/p>\n<p>Ne yaps\u0131n yani? Kandile giden sava\u015f u\u00e7aklar\u0131 bomba yerine\u00a0kamplara\u00a0karpuz mu yoksa\u00a0g\u00fcl m\u00fc atacakt\u0131?<\/p>\n<p>PKK&#8217;l\u0131lar\u0131n canice \u00f6ld\u00fcrd\u00fckleri\u00a0H\u00dcDA PAR &#8216;l\u0131 M\u00fcsl\u00fcmanlar i\u00e7in g\u0131k&#8217;\u0131 \u00e7\u0131kmayan baz\u0131 K\u00fcrt M\u00fcsl\u00fcmanlar\u0131n \u015fimdi kalk\u0131p PKK ter\u00f6ristleri\u00a0\u00fczerine bomba ya\u011fd\u0131r\u0131lmas\u0131n\u0131 &#8221;zul\u00fcm, canilik ve devlet ter\u00f6r\u00fc&#8221; olarak g\u00f6rmeye ve g\u00f6stermeye \u00e7al\u0131\u015fmalar\u0131 kendi duru\u015flar\u0131n\u0131n yamuk, e\u011fri ve sakatl\u0131\u011f\u0131ndan ileri gelmektedir.<\/p>\n<p>Hangi \u0131rktan olursak olal\u0131m M\u00fcsl\u00fcman olarak bizim \u00e7izgimiz Hakk\u0131n, hakikatin, Adalet ve Bar\u0131\u015f\u0131n yan\u0131nda olmakt\u0131r. Ama Bar\u0131\u015f\u0131n, adalet ve hakikatin katilleri ve Hakk\u0131n d\u00fc\u015fmanlar\u0131 olan \u015f\u0131mar\u0131k da\u011f ve sokak e\u015fk\u0131yalar\u0131na haddini bildirerek, hak etti\u011fi cezay\u0131 vererek&#8230;<\/p>\n<p>NOT; \u0130stikameti islami, d\u00fczg\u00fcn ve sa\u011flam M\u00fcsl\u00fcman K\u00fcrt karde\u015flerimi b\u00f6yle bir duru\u015f ve\u00a0tutumdan ayr\u0131 tutuyor ve tenzih ediyorum.<\/p>\n","protected":false},"excerpt":{"rendered":"<p>B\u00f6yle bir yaz\u0131 yazmaya beni siz zorlad\u0131n\u0131z. Yoksa benim dinimde, d\u00fcnya g\u00f6r\u00fc\u015f\u00fcmde, anlay\u0131\u015f ve ya\u015fay\u0131\u015f\u0131mda K\u00fcrt, T\u00fcrk, Arap \u0131rk\u00e7\u0131l\u0131\u011f\u0131, milliyet\u00e7ili\u011fi, ulusalc\u0131l\u0131\u011f\u0131 gibi bir hassasiyet yok. Ben \u0130slamc\u0131y\u0131m. \u0130slam \u00fcmmetinin birlik ve beraberli\u011fine inanm\u0131\u015f\u0131m. Tan\u0131d\u0131\u011f\u0131m, bildi\u011fim, sayg\u0131 duydu\u011fum, sevdi\u011fim bir\u00e7ok M\u00fcsl\u00fcman K\u00fcrt arkada\u015f\u0131mda a\u00e7\u0131k olmasa da gizli bir K\u00fcrt\u00e7\u00fcl\u00fc\u011f\u00fcn i\u00e7lerini kemirip durdu\u011funu g\u00f6r\u00fcyorum. Bu kurt T\u00fcrklerin &hellip;<\/p>\n","protected":false},"author":2,"featured_media":48521,"comment_status":"open","ping_status":"open","sticky":false,"template":"","format":"standard","meta":{"om_disable_all_campaigns":false,"_themeisle_gutenberg_block_has_review":false,"_joinchat":[],"footnotes":""},"categories":[49,38,43],"tags":[],"class_list":["post-6855","post","type-post","status-publish","format-standard","has-post-thumbnail","","category-arif","category-guncel","category-yazarlar"],"_links":{"self":[{"href":"https:\/\/akincilardergisi.com\/tr\/wp-json\/wp\/v2\/posts\/6855","targetHints":{"allow":["GET"]}}],"collection":[{"href":"https:\/\/akincilardergisi.com\/tr\/wp-json\/wp\/v2\/posts"}],"about":[{"href":"https:\/\/akincilardergisi.com\/tr\/wp-json\/wp\/v2\/types\/post"}],"author":[{"embeddable":true,"href":"https:\/\/akincilardergisi.com\/tr\/wp-json\/wp\/v2\/users\/2"}],"replies":[{"embeddable":true,"href":"https:\/\/akincilardergisi.com\/tr\/wp-json\/wp\/v2\/comments?post=6855"}],"version-history":[{"count":0,"href":"https:\/\/akincilardergisi.com\/tr\/wp-json\/wp\/v2\/posts\/6855\/revisions"}],"wp:featuredmedia":[{"embeddable":true,"href":"https:\/\/akincilardergisi.com\/tr\/wp-json\/wp\/v2\/media\/48521"}],"wp:attachment":[{"href":"https:\/\/akincilardergisi.com\/tr\/wp-json\/wp\/v2\/media?parent=6855"}],"wp:term":[{"taxonomy":"category","embeddable":true,"href":"https:\/\/akincilardergisi.com\/tr\/wp-json\/wp\/v2\/categories?post=6855"},{"taxonomy":"post_tag","embeddable":true,"href":"https:\/\/akincilardergisi.com\/tr\/wp-json\/wp\/v2\/tags?post=6855"}],"curies":[{"name":"wp","href":"https:\/\/api.w.org\/{rel}","templated":true}]}}