{"id":6834,"date":"2015-07-11T09:03:14","date_gmt":"2015-07-11T06:03:14","guid":{"rendered":"http:\/\/akincilardergisi.com\/dergi\/?p=6834"},"modified":"2024-02-22T23:16:25","modified_gmt":"2024-02-22T20:16:25","slug":"yakin-tarih","status":"publish","type":"post","link":"https:\/\/akincilardergisi.com\/tr\/yakin-tarih\/","title":{"rendered":"YAKIN TAR\u0130H"},"content":{"rendered":"<table border=\"0\" width=\"625\" cellspacing=\"0\" cellpadding=\"0\">\n<tbody>\n<tr>\n<td align=\"left\" valign=\"top\" bgcolor=\"#ffffff\" height=\"618\">\n<div align=\"center\">\n<table border=\"0\" width=\"432\" cellspacing=\"0\" cellpadding=\"2\">\n<tbody>\n<tr>\n<td width=\"428\">\n<h6 align=\"center\"><span style=\"color: #800000;font-family: Tahoma;font-size: 300%\"><big><big><big><big><big><strong>YAKIN TARiH<\/strong><\/big><\/big><\/big><\/big><\/big><\/span><\/h6>\n<p><small><span style=\"font-family: Tahoma;font-size: small\"><strong>1. Milli M\u00fccadele (Istikl\u00e2l savasi) d\u00f6nemi<\/strong><\/span><\/small><\/p>\n<ul>\n<li><small><span style=\"color: #000080;font-family: Tahoma;font-size: small\"><a href=\"http:\/\/www.enfal.de\/tarih10.htm\">Patrikhane fitnesi ve &#8220;Pontus Rum devleti&#8221;<\/a><\/span><\/small><\/li>\n<li><small><span style=\"font-family: Tahoma;font-size: small\"><a href=\"http:\/\/www.enfal.de\/tarih37.htm\">Cumhuriyeti Teskilat-i Mahsusa kurdu<\/a><\/span><\/small><\/li>\n<li><small><span style=\"color: #000080;font-family: Tahoma;font-size: small\"><a href=\"http:\/\/www.enfal.de\/tarih32.htm\">Duyarli bir y\u00fcrek: S\u00fct\u00e7\u00fc Imam<\/a><\/span><\/small><\/li>\n<li><small><span style=\"color: #000080;font-family: Tahoma;font-size: small\"><a href=\"http:\/\/www.enfal.de\/tarih13.htm\">Maresal Fevzi Pasa&#8217;nin sirri<\/a><\/span><\/small><\/li>\n<li><small><span style=\"color: #000080;font-family: Tahoma;font-size: small\"><a href=\"http:\/\/www.enfal.de\/tarih16.htm\">Mustafa Kemal&#8217;le Sultan Vahdettin diz dize<\/a><\/span><\/small><\/li>\n<li><small><span style=\"color: #000080;font-family: Tahoma;font-size: small\"><a href=\"http:\/\/www.enfal.de\/tarih14.htm\">Krali \u00d6ld\u00fcren Maymun<\/a><\/span><\/small><\/li>\n<li><small><span style=\"font-family: Tahoma;font-size: small\"><a href=\"http:\/\/www.enfal.de\/tarih40.html\">Ismet In\u00f6n\u00fc ve Altintas bozgunu<\/a><\/span><\/small><\/li>\n<li><small><span style=\"font-family: Tahoma;font-size: small\"><a href=\"http:\/\/www.enfal.de\/tarih42.htm\">30 Agustos 1922 harekatina kim karsi geldi ?<\/a><\/span><\/small><\/li>\n<li><small><span style=\"color: #000080;font-family: Tahoma\"><a href=\"http:\/\/www.enfal.de\/yak04.htm\"><span style=\"font-size: small\">Meclis-i Meb\u2019\u00fbs\u00e2n\u2019in M\u00ees\u00e2k-i Mill\u00ee\u2019yi kabul\u00fc<\/span><\/a><\/span><\/small><\/li>\n<li><small><span style=\"color: #000080;font-family: Tahoma;font-size: small\"><a href=\"http:\/\/www.enfal.de\/yak09.htm\">CHP&#8217;nin kurulusu hakkinda<\/a><\/span><\/small><\/li>\n<li><small><span style=\"font-family: Tahoma;font-size: small\"><a href=\"http:\/\/www.enfal.de\/yak10.htm\">TBMM nasil a\u00e7ildi ?<\/a><\/span><\/small><\/li>\n<\/ul>\n<p><small><span style=\"font-family: Tahoma;font-size: small\"><strong>2. Tek Parti (CHP) d\u00f6nemi<\/strong><\/span><\/small><\/p>\n<ul>\n<li><small><span style=\"color: #000080;font-family: Tahoma;font-size: small\"><a href=\"http:\/\/www.enfal.de\/tarih6.htm\">Levhalar disariya \u00e7ikartilamadi<\/a><\/span><\/small><\/li>\n<li><small><span style=\"color: #000080;font-family: Tahoma;font-size: small\"><a href=\"http:\/\/www.enfal.de\/tarih8.htm\">K\u00fct\u00fcbhaneleri yakmaya gerek kalmadi<\/a><\/span><\/small><\/li>\n<li><small><span style=\"color: #000080;font-family: Tahoma;font-size: small\"><a href=\"http:\/\/www.enfal.de\/tarih9.htm\">Vur Osmanli&#8217;ya<\/a><\/span><\/small><\/li>\n<li><small><span style=\"color: #000080;font-family: Tahoma;font-size: small\"><a href=\"http:\/\/www.enfal.de\/tarih29.htm\">CHP&#8217;nin alti oku anayasaya nasil girdi ?<\/a><\/span><\/small><\/li>\n<li><small><span style=\"font-family: Tahoma;font-size: small\"><a href=\"http:\/\/www.enfal.de\/tarih38.htm\">(Ismet In\u00f6n\u00fc&#8217;ye) Ni\u00e7in maas baglanmis ?<\/a><\/span><\/small><\/li>\n<li><small><span style=\"font-family: Tahoma;font-size: small\"><a href=\"http:\/\/www.enfal.de\/tarih41.htm\">Sapka kanunun getirdikleri<\/a><\/span><\/small><\/li>\n<li><small><span style=\"font-family: Tahoma;font-size: small\"><a href=\"http:\/\/www.enfal.de\/yak05.htm\">Cumhuriyet d\u00f6neminde din devlet iliskisi<\/a><\/span><\/small><\/li>\n<li><a href=\"http:\/\/www.enfal.de\/yak07.htm\"><small><span style=\"font-family: Tahoma;font-size: small\">Kili\u00e7 Ali&#8217;nin bir marifeti<\/span><\/small><\/a><\/li>\n<li><a href=\"http:\/\/www.enfal.de\/yak13.htm\"><small><span style=\"font-family: Tahoma;font-size: small\">Kemalizm ve kadin<\/span><\/small><\/a><\/li>\n<li><a href=\"http:\/\/www.enfal.de\/yak12.htm\"><small><span style=\"font-family: Tahoma;font-size: small\">Tek parti d\u00f6neminin sonu<\/span><\/small><\/a><\/li>\n<\/ul>\n<p><small><span style=\"font-family: Tahoma;font-size: small\"><strong>3. Tek Parti d\u00f6neminin bitmesinden sonra<\/strong><\/span><\/small><\/p>\n<ul>\n<li><span style=\"color: #000080;font-family: Tahoma;font-size: small\"><small><a href=\"http:\/\/www.enfal.de\/tarih7.htm\">Menderes&#8217;in son mektubu<\/a><\/small><\/span><\/li>\n<li><span style=\"color: #000080;font-family: Tahoma;font-size: small\"><small><a href=\"http:\/\/www.enfal.de\/tarih23.htm\">Tarihte tesett\u00fcr d\u00fcsmanligi<\/a><\/small><\/span><\/li>\n<li><span style=\"font-family: Tahoma\"><a href=\"http:\/\/www.enfal.de\/tarih33.htm\"><span style=\"color: #0000ff;font-size: small\">T\u00fcrk Demokrasi Tarihi<\/span><small><span style=\"font-size: small\"> ya da Darbeler Tarihi<\/span><\/small><\/a><\/span><\/li>\n<li><small><span style=\"font-family: Tahoma;font-size: small\"><a href=\"http:\/\/www.enfal.de\/tarih36.htm\">\u00dcniversiteli m\u00fcsl\u00fcman gen\u00e7lerin 30 yillik y\u00fcr\u00fcy\u00fcs\u00fc<\/a><\/span><\/small><\/li>\n<li><span style=\"font-family: Tahoma\"><small><a href=\"http:\/\/www.enfal.de\/yak08.htm\"><span style=\"font-size: small\">Cevdet Sunay&#8217;in Cumhurbaskanligi hakkinda<\/span><\/a><small><\/small><\/small><\/span><span style=\"font-family: Tahoma;font-size: xx-small\">\u00a0<\/span><b><span style=\"font-family: Tahoma\">\u00a0<\/span><\/b><\/li>\n<\/ul>\n<p><b><span style=\"font-family: Tahoma\">\u00a0<\/span><\/b><\/p>\n<form action=\"tarih.htm\" name=\"Islam tarihi\">\n<div align=\"center\"><span style=\"font-family: Tahoma\">\u00a0<\/span><\/p>\n<\/div>\n<\/form>\n<\/td>\n<\/tr>\n<tr>\n<td align=\"left\" valign=\"top\" width=\"428\">\n<p align=\"center\"><span style=\"font-family: Tahoma;font-size: xx-small\">\u00a0<\/span><\/p>\n<\/td>\n<\/tr>\n<\/tbody>\n<\/table>\n<\/div>\n<\/td>\n<td align=\"center\" valign=\"top\" width=\"50\" height=\"618\"><span style=\"color: #ffffff\">.<\/span><\/td>\n<\/tr>\n<tr align=\"center\">\n<td align=\"middle\" valign=\"top\" width=\"50\" height=\"48\"><img loading=\"lazy\" decoding=\"async\" src=\"http:\/\/www.enfal.de\/pattern_b_l.gif\" alt=\"\" width=\"50\" height=\"50\" border=\"0\" \/><\/td>\n<\/tr>\n<\/tbody>\n<\/table>\n","protected":false},"excerpt":{"rendered":"<p>YAKIN TARiH 1. Milli M\u00fccadele (Istikl\u00e2l savasi) d\u00f6nemi Patrikhane fitnesi ve &#8220;Pontus Rum devleti&#8221; Cumhuriyeti Teskilat-i Mahsusa kurdu Duyarli bir y\u00fcrek: S\u00fct\u00e7\u00fc Imam Maresal Fevzi Pasa&#8217;nin sirri Mustafa Kemal&#8217;le Sultan Vahdettin diz dize Krali \u00d6ld\u00fcren Maymun Ismet In\u00f6n\u00fc ve Altintas bozgunu 30 Agustos 1922 harekatina kim karsi geldi ? Meclis-i Meb\u2019\u00fbs\u00e2n\u2019in M\u00ees\u00e2k-i Mill\u00ee\u2019yi kabul\u00fc CHP&#8217;nin &hellip;<\/p>\n","protected":false},"author":31,"featured_media":45738,"comment_status":"open","ping_status":"open","sticky":false,"template":"","format":"standard","meta":{"om_disable_all_campaigns":false,"_themeisle_gutenberg_block_has_review":false,"_joinchat":[],"footnotes":""},"categories":[44],"tags":[],"class_list":["post-6834","post","type-post","status-publish","format-standard","has-post-thumbnail","","category-egitim"],"_links":{"self":[{"href":"https:\/\/akincilardergisi.com\/tr\/wp-json\/wp\/v2\/posts\/6834","targetHints":{"allow":["GET"]}}],"collection":[{"href":"https:\/\/akincilardergisi.com\/tr\/wp-json\/wp\/v2\/posts"}],"about":[{"href":"https:\/\/akincilardergisi.com\/tr\/wp-json\/wp\/v2\/types\/post"}],"author":[{"embeddable":true,"href":"https:\/\/akincilardergisi.com\/tr\/wp-json\/wp\/v2\/users\/31"}],"replies":[{"embeddable":true,"href":"https:\/\/akincilardergisi.com\/tr\/wp-json\/wp\/v2\/comments?post=6834"}],"version-history":[{"count":0,"href":"https:\/\/akincilardergisi.com\/tr\/wp-json\/wp\/v2\/posts\/6834\/revisions"}],"wp:featuredmedia":[{"embeddable":true,"href":"https:\/\/akincilardergisi.com\/tr\/wp-json\/wp\/v2\/media\/45738"}],"wp:attachment":[{"href":"https:\/\/akincilardergisi.com\/tr\/wp-json\/wp\/v2\/media?parent=6834"}],"wp:term":[{"taxonomy":"category","embeddable":true,"href":"https:\/\/akincilardergisi.com\/tr\/wp-json\/wp\/v2\/categories?post=6834"},{"taxonomy":"post_tag","embeddable":true,"href":"https:\/\/akincilardergisi.com\/tr\/wp-json\/wp\/v2\/tags?post=6834"}],"curies":[{"name":"wp","href":"https:\/\/api.w.org\/{rel}","templated":true}]}}