{"id":6676,"date":"2015-07-28T09:44:50","date_gmt":"2015-07-28T06:44:50","guid":{"rendered":"http:\/\/akincilardergisi.com\/dergi\/?p=6676"},"modified":"2023-11-07T11:29:42","modified_gmt":"2023-11-07T08:29:42","slug":"turkiye-buyuyor","status":"publish","type":"post","link":"https:\/\/akincilardergisi.com\/tr\/turkiye-buyuyor\/","title":{"rendered":"T\u00dcRK\u0130YE B\u00dcY\u00dcYOR, D\u00dc\u015eMANLAR \u00c7O\u011eALIYOR"},"content":{"rendered":"<p><span style=\"line-height: 115%;font-family: 'Palatino Linotype','serif';font-size: 12pt\">Son zamanlarda ya\u015fad\u0131\u011f\u0131m\u0131z i\u00e7 ve d\u0131\u015f olaylar T\u00fcrkiye\u2019nin \u00f6neminin birilerince iyi anla\u015f\u0131ld\u0131\u011f\u0131 anlam\u0131na geliyor. Kendi ba\u015f\u0131na b\u0131rak\u0131rsak al\u0131p ba\u015f\u0131n\u0131 gidecek, ondan sonra da tut tutabilirsen. B\u00f6yle bir \u00fclke ile ba\u015f etmek, b\u00f6yle bir \u00fclkeye emretmek kolay olmayacak. Onlar a\u00e7\u0131s\u0131ndan bak\u0131ld\u0131\u011f\u0131nda hakl\u0131lar. Kap\u0131lar\u0131n\u0131 \u00e7almayan, e\u015fiklerinde yatmayan ve yalvarmayan bir T\u00fcrkiye elbette i\u015flerine gelmeyecektir. \u0130\u015fte bunun i\u00e7in eski T\u00fcrkiye\u2019yi aramaktad\u0131rlar.<\/span><\/p>\n<p><span style=\"line-height: 115%;font-family: 'Palatino Linotype','serif';font-size: 12pt\"> Her zaman kendilerine muhta\u00e7 bir T\u00fcrkiye daima istedikleri bir T\u00fcrkiye\u2019dir. Onlar i\u00e7in en iyi T\u00fcrkiye, kendilerine hep yalvaran, hep isteyen T\u00fcrkiye\u2019dir. M\u00fcsl\u00fcman \u00fclkeler i\u00e7erisinde her alandaki geli\u015fmi\u015fli\u011fi ile \u00f6ne ge\u00e7en bir T\u00fcrkiye, d\u00fc\u015fmanlar\u0131n\u0131n da say\u0131s\u0131n\u0131 art\u0131rm\u0131\u015ft\u0131r. Bu d\u00fc\u015fmanlar kategorisi sadece gavur devletlerden m\u00fcte\u015fekkil de\u011fildir. Halk\u0131 m\u00fcsl\u00fcman olan ba\u015f\u0131ndakilerin gavur u\u015fa\u011f\u0131 oldu\u011fu bir k\u0131s\u0131m \u0130slam \u00fclkelerini de bu d\u00fc\u015fmanlar kategorisine yerle\u015ftirmek gerekir. Tabi birileri bu ifadeden raats\u0131z olacakt\u0131r; fakat durum bundan ibarettir. <\/span><\/p>\n<p class=\"ecxMsoNormal\" style=\"text-align: justify\"><span style=\"line-height: 115%;font-family: 'Palatino Linotype','serif';font-size: 12pt\">\u00c7ok bilmi\u015f m\u00fcsl\u00fcman yazarlar <b>\u201cD\u00fcnyada iki bu\u00e7uk islam \u00fclkesi vard\u0131r.\u201d <\/b>derlerdi. Biri T\u00fcrkiye, biri \u0130ran, di\u011feri ise yani bu\u00e7uk olan ise M\u0131s\u0131r imi\u015f. M\u0131s\u0131r y\u00f6netimi itibariyle ne zaman islam \u00fclkesi olmu\u015f ki? Nas\u0131r zaman\u0131da m\u0131? Enver Sedat zaman\u0131nda m\u0131? H\u00fcsn\u00fc M\u00fcbrek zaman\u0131nda m\u0131? Firavun Sisi zaman\u0131nda m\u0131? Aynen bizim birilerinin zamanlar\u0131nda islam \u00fclkesi olmad\u0131\u011f\u0131m\u0131z gibi. On y\u0131ld\u0131r \u0130slam \u00fclkesi denilebilecek bir vaziyete geldiysek bunun bu iktidar zaman\u0131nda oldu\u011funu da unutmayal\u0131m. Siyasete yamuk bakan m\u00fcsl\u00fcman d\u00fc\u015f\u00fcn\u00fcr ve yazarlara ra\u011fmen \u0130slam ard\u0131na hangi bir geli\u015fmi\u015flik varsa bu g\u00fcruhun be\u011fenmedi\u011fi Ak Parti iktidar\u0131 zaman\u0131nda ger\u00e7ekle\u015fmi\u015ftir. Bunlar so\u011fana sarm\u0131sa\u011fa hamdederler de bu \u00fclkede ya\u015fad\u0131klar\u0131 i\u00e7in bir t\u00fcrl\u00fc hamd edemezler.<\/span><\/p>\n<p class=\"ecxMsoNormal\" style=\"text-align: justify\"><span style=\"line-height: 115%;font-family: 'Palatino Linotype','serif';font-size: 12pt\">Merhum Sultan Abd\u00fclhamit Han y\u0131llar \u00f6nce s\u00f6ylemi\u015fti: <b>Bu co\u011frafyan\u0131n haini bitmez, biz Japonya\u2019n\u0131n yan\u0131nda bir yerde olsayd\u0131k bize kimseler ili\u015fmezdi.\u201d <\/b>El hak do\u011frudur. D\u0131\u015far\u0131dakilerden dostluk beklenmez, hainlik mayalar\u0131nda var. \u0130\u00e7erdekilere gelince hain o\u011flu haindirler. Hainlikte a\u011fababalar\u0131na bile ta\u015f \u00e7\u0131kart\u0131rlar. <\/span><\/p>\n<p class=\"ecxMsoNormal\" style=\"text-align: justify\"><span style=\"line-height: 115%;font-family: 'Palatino Linotype','serif';font-size: 12pt\">Bu \u00fclkenin ve bu \u00fclke insan\u0131n\u0131n s\u0131k\u0131nt\u0131 \u00e7ekmesinden sevin\u00e7 duyan, haz alan hain de\u011fildir de nedir?<\/span><\/p>\n<p class=\"ecxMsoNormal\" style=\"text-align: justify\"><span style=\"line-height: 115%;font-family: 'Palatino Linotype','serif';font-size: 12pt\">Bu \u00fclkenin g\u00fcvenlik g\u00f6revlisi\u00a0 gen\u00e7 fidanlar\u0131na k\u0131yanlar\u0131 bir kez olsun k\u0131namayanlar, gavurluklar\u0131ndan k\u0131nayamayanlar hain de\u011fildir de nedir?<\/span><\/p>\n<p class=\"ecxMsoNormal\" style=\"text-align: justify\"><span style=\"line-height: 115%;font-family: 'Palatino Linotype','serif';font-size: 12pt\">HDP\u2019yi T\u00fcrkiye partisi yapmak i\u00e7in meclise ta\u015f\u0131yan beyaz \u00a0\u00a0\u00a0\u00a0\u00a0 T\u00fcrkler hain de\u011fildir de nedir?<\/span><\/p>\n<p class=\"ecxMsoNormal\" style=\"text-align: justify\"><span style=\"line-height: 115%;font-family: 'Palatino Linotype','serif';font-size: 12pt\">Y\u0131llarca \u0130srail zulm\u00fcne sessiz kalan ve onu otorite olarak g\u00f6ren, Gazze\u2019yi borbard\u0131mana tutanlar i\u00e7in ter\u00f6r odaklar\u0131n\u0131 vurdu diyen, \u0130\u015fid\u2019e ve Kuzey Irak\u2019a yap\u0131lan hava harekatlar\u0131 i\u00e7in TSK sivilleri vuruyor diye yaygara koparanlar hain de\u011fildir de nedir?<\/span><\/p>\n<p class=\"ecxMsoNormal\" style=\"text-align: justify\"><span style=\"line-height: 115%;font-family: 'Palatino Linotype','serif';font-size: 12pt\">Y\u0131llarca insan\u0131m\u0131za milliyet\u00e7i yazar diye pazarlanan gazeteci ve yazarlar\u0131n HDP avukatl\u0131\u011f\u0131na soyunmalar\u0131 hainlik de\u011fildir de nedir?<\/span><\/p>\n<p class=\"ecxMsoNormal\" style=\"text-align: justify\"><span style=\"line-height: 115%;font-family: 'Palatino Linotype','serif';font-size: 12pt\">\u0130ktidara olan d\u00fc\u015fmanl\u0131lar\u0131n\u0131 \u00fclke d\u00fc\u015fmanl\u0131\u011f\u0131na \u00e7evirenler hain de\u011fildir de nedir?<\/span><\/p>\n<p class=\"ecxMsoNormal\" style=\"text-align: justify\"><span style=\"line-height: 115%;font-family: 'Palatino Linotype','serif';font-size: 12pt\">HDP baraj\u0131 ge\u00e7iyor diye televizyonlarda zil tak\u0131p oynayan haberciler hain de\u011fildir de nedir?<\/span><\/p>\n<p class=\"ecxMsoNormal\" style=\"text-align: justify\"><span style=\"line-height: 115%;font-family: 'Palatino Linotype','serif';font-size: 12pt\">D\u00fcn insanlar\u0131 soka\u011fa d\u00f6k\u00fcp ortal\u0131\u011f\u0131 ate\u015fe verenler, bug\u00fcn sorunlar\u0131 konu\u015farak halledebiliriz diyenler hain de\u011fildir de nedir?<\/span><\/p>\n<p class=\"ecxMsoNormal\" style=\"text-align: justify\"><span style=\"line-height: 115%;font-family: 'Palatino Linotype','serif';font-size: 12pt\">Bu g\u00fczel \u00fclkenin insan\u0131na, bayra\u011f\u0131na, kopra\u011f\u0131na, \u00fcniter yap\u0131s\u0131na, k\u00fclt\u00fcr\u00fcne, de\u011ferlerine, iman\u0131na, ezan\u0131na yamuk bakanlar hain de\u011fildir de nedir?<\/span><\/p>\n<p class=\"ecxMsoNormal\" style=\"text-align: justify\"><span style=\"line-height: 115%;font-family: 'Palatino Linotype','serif';font-size: 12pt\">Bug\u00fcn fitnenin ba\u015f\u0131 Kuzey Irak\u2019t\u0131r, \u0130\u015fid\u2019dir. \u00dclkemizin gelece\u011fi i\u00e7in fitnenin ba\u015f\u0131 kopar\u0131lmal\u0131d\u0131r. Y\u00fcce Rabb\u2019imiz bu u\u011furda m\u00fccadele eden yi\u011fitlerimizin yar ve yard\u0131mc\u0131s\u0131 olsun.<\/span><\/p>\n<p class=\"ecxMsoNormal\" style=\"text-align: justify\"><span style=\"line-height: 115%;font-family: 'Palatino Linotype','serif';font-size: 12pt\">\u00a0<\/span><\/p>\n<p class=\"ecxMsoNormal\" style=\"text-align: justify\"><b><span style=\"line-height: 115%;font-family: 'Tahoma','sans-serif';font-size: 20pt\">\u00d6mer Naci Y\u0131lmaz<\/span><\/b><\/p>\n<p class=\"ecxMsoNormal\" style=\"text-align: justify\"><span style=\"line-height: 115%;font-family: 'Palatino Linotype','serif';font-size: 20pt\">\u00a0<b><\/b><\/span><\/p>\n","protected":false},"excerpt":{"rendered":"<p>Son zamanlarda ya\u015fad\u0131\u011f\u0131m\u0131z i\u00e7 ve d\u0131\u015f olaylar T\u00fcrkiye\u2019nin \u00f6neminin birilerince iyi anla\u015f\u0131ld\u0131\u011f\u0131 anlam\u0131na geliyor. Kendi ba\u015f\u0131na b\u0131rak\u0131rsak al\u0131p ba\u015f\u0131n\u0131 gidecek, ondan sonra da tut tutabilirsen. B\u00f6yle bir \u00fclke ile ba\u015f etmek, b\u00f6yle bir \u00fclkeye emretmek kolay olmayacak. Onlar a\u00e7\u0131s\u0131ndan bak\u0131ld\u0131\u011f\u0131nda hakl\u0131lar. Kap\u0131lar\u0131n\u0131 \u00e7almayan, e\u015fiklerinde yatmayan ve yalvarmayan bir T\u00fcrkiye elbette i\u015flerine gelmeyecektir. \u0130\u015fte bunun i\u00e7in &hellip;<\/p>\n","protected":false},"author":26,"featured_media":48521,"comment_status":"open","ping_status":"open","sticky":false,"template":"","format":"standard","meta":{"om_disable_all_campaigns":false,"_themeisle_gutenberg_block_has_review":false,"_joinchat":[],"footnotes":""},"categories":[38,54,43],"tags":[],"class_list":["post-6676","post","type-post","status-publish","format-standard","has-post-thumbnail","","category-guncel","category-omer","category-yazarlar"],"_links":{"self":[{"href":"https:\/\/akincilardergisi.com\/tr\/wp-json\/wp\/v2\/posts\/6676","targetHints":{"allow":["GET"]}}],"collection":[{"href":"https:\/\/akincilardergisi.com\/tr\/wp-json\/wp\/v2\/posts"}],"about":[{"href":"https:\/\/akincilardergisi.com\/tr\/wp-json\/wp\/v2\/types\/post"}],"author":[{"embeddable":true,"href":"https:\/\/akincilardergisi.com\/tr\/wp-json\/wp\/v2\/users\/26"}],"replies":[{"embeddable":true,"href":"https:\/\/akincilardergisi.com\/tr\/wp-json\/wp\/v2\/comments?post=6676"}],"version-history":[{"count":0,"href":"https:\/\/akincilardergisi.com\/tr\/wp-json\/wp\/v2\/posts\/6676\/revisions"}],"wp:featuredmedia":[{"embeddable":true,"href":"https:\/\/akincilardergisi.com\/tr\/wp-json\/wp\/v2\/media\/48521"}],"wp:attachment":[{"href":"https:\/\/akincilardergisi.com\/tr\/wp-json\/wp\/v2\/media?parent=6676"}],"wp:term":[{"taxonomy":"category","embeddable":true,"href":"https:\/\/akincilardergisi.com\/tr\/wp-json\/wp\/v2\/categories?post=6676"},{"taxonomy":"post_tag","embeddable":true,"href":"https:\/\/akincilardergisi.com\/tr\/wp-json\/wp\/v2\/tags?post=6676"}],"curies":[{"name":"wp","href":"https:\/\/api.w.org\/{rel}","templated":true}]}}