{"id":6328,"date":"2015-07-02T14:36:29","date_gmt":"2015-07-02T11:36:29","guid":{"rendered":"http:\/\/akincilardergisi.com\/dergi\/?p=6328"},"modified":"2023-11-04T20:12:22","modified_gmt":"2023-11-04T17:12:22","slug":"yeni-model-milliyetci-cehphe-ne-ise-yarar","status":"publish","type":"post","link":"https:\/\/akincilardergisi.com\/tr\/yeni-model-milliyetci-cehphe-ne-ise-yarar\/","title":{"rendered":"YEN\u0130 MODEL M\u0130LL\u0130YETC\u0130 CEHPHE NE \u0130\u015eE YARAR?"},"content":{"rendered":"<p>Bug\u00fcn itibariyle herkesin beklentisi yeni h\u00fck\u00fcmetin Akparti ile MHP taraf\u0131ndan kurulmas\u0131\u2026.<\/p>\n<p>Bana g\u00f6re de en kolay h\u00fck\u00fcmet \u015fekli bu\u2026 Akparti mademki \u201cTek ba\u015f\u0131na\u201d olam\u0131yor, o halde, ona en benzer olan bir ba\u015fka parti ile yolda\u015fl\u0131k sa\u011flamak ve h\u00fck\u00fcmeti birlikte kurmak\u2026 Her iki partinin ortak tabanlar\u0131 var ve halk tabanlar\u0131 hemen hemen ayn\u0131 ak\u0131l ve beklentideler\u2026<\/p>\n<p>Dedik ya\u2026 En kolay\u0131 bu\u2026. Sadece \u201ckurulu\u015f\u201d bak\u0131m\u0131ndan da de\u011fil \u201cH\u00fck\u00fcmet etmesi\u201d de en kolay olacak h\u00fck\u00fcmet bu h\u00fck\u00fcmet ile olur\u2026<\/p>\n<p>Nas\u0131l ve neden?<\/p>\n<p>S\u00f6zde, Akparti\u2019ye muhalif \u201cm\u00fcfrit\u201d bir CHP akl\u0131 muhalefette olacak\u2026 Ve, MHP\u2019ye muhalif \u201cm\u00fcfrit\u201d bir HDP akl\u0131 muhalefette olacak\u2026.<\/p>\n<p>Buna ra\u011fmen, her \u015fey nas\u0131l \u201cg\u00fczel\u201d olacak peki?<\/p>\n<p>Bak\u0131n\u0131z: \u015e\u00f6yle\u2026<\/p>\n<p>CHP eski CHP de\u011fil\u2026 kendileri de diyorlar ya \u201cBiz Eski CHP de\u011filiz\u201d diye\u2026 Ger\u00e7ekten, art\u0131k eski CHP de\u011filler\u2026 Ho\u015f, Akparti de eski Akparti de\u011fil\u2026 Ka\u00e7\u0131nc\u0131 g\u00f6mlek de\u011fi\u015fti\u2026 Bunu tesbit etmek bile art\u0131k zor.<\/p>\n<p>Hatta,Akparti ile CHP ortak gurup toplant\u0131s\u0131 yapsalar, kimin CHP\u2019li kimin Akparti\u2019li oldu\u011fu, belki sadece \u201cBa\u015f\u00f6rt\u00fcl\u00fc milletvekilleri\u201d sayesinde ay\u0131rd edilebilir. Yani, o kadar benzer zihniyetli ki\u015filer ve fakat ayr\u0131 partilerden milletvekili oldular.<\/p>\n<p>Akparti ve CHP zaviyesinden mesele bu kadar anla\u015f\u0131l\u0131r bir durum\u2026 Yani, Akparti\u2019nin h\u00fck\u00fcmete devam etmesi CHP a\u00e7\u0131s\u0131ndan hi\u00e7bir bak\u0131mdan sorun de\u011fil ve olmaz da\u2026 Ha Akparti\u00a0 ha da CHP iktidarda olmu\u015f\u2026 Gazeteciler ve amigolar d\u0131\u015f\u0131nda, kimin iktidarda oldu\u011funu \u201cderin devlet\u201d akl\u0131ndan hi\u00e7 kimse umursamaz.<\/p>\n<p>Ben diyeyim de\u2026 Siz nas\u0131l anlarsan\u0131z anlay\u0131n\u2026<\/p>\n<p>Gelelim MHP-HDP meselesine\u2026<\/p>\n<p>HDP diyor ya\u2026 \u201cSiz benim sayemde vars\u0131n\u0131z\u201ddiye\u2026 Evet, aynen \u00f6yle&#8230;<\/p>\n<p>Ve fakat, HDP ve PKK da en \u00e7ok MHP\u2019nin dilinden anl\u0131yor. Bu da ayr\u0131 bir ger\u00e7ek\u2026.\u00dcstelik, HDP ve PKK\u2019ya kar\u015f\u0131 \u201cen baba\u201d adam da Devlet Bah\u00e7eli\u2019dir.<\/p>\n<p>Apo\u2019nun idam dosyas\u0131, Bah\u00e7eli sayesinde \u201crafa\u201d kald\u0131r\u0131ld\u0131 ve Apo,\u015fimdiki konumuna da\u00a0 Bah\u00e7eli sayesinde geldi.<\/p>\n<p>HDP ve PKK en \u201cterbiyeli\u201d duru\u015flar\u0131n\u0131 MHP\u2019li H\u00fck\u00fcmet zaman\u0131nda g\u00f6sterdiler. \u201cTek \u00e7\u0131t\u201d bile \u00e7\u0131karmad\u0131lar. Bunu, \u201cApo yeni tutuklanm\u0131\u015ft\u0131\u2026 \u015eu idi\u2026Bu idi\u201d ile izah eden elbette olur ama, benim bildi\u011fim \u201cApo\u201d da, \u201cK\u00fcrtler\u201d de \u00f6l\u00fcmden falan korkmazlar.<\/p>\n<p>-Korkmazlar, de\u011fil mi?<\/p>\n<p>-Korkmazlar\u2026 Onlar, asland\u0131rlar\u2026 Kapland\u0131rlar ve hatta kurtturlar.<\/p>\n<p>\u201c\u00c7akald\u0131rlar\u201d diyenleriniz de olur ama, onlara kulak asmay\u0131n. Bu i\u015fte \u00e7akall\u0131k yok.<\/p>\n<p>Bunun ad\u0131 siyaset\u2026. \u00dcstelik, \u201cDerin\u201d siyaset\u2026.<\/p>\n<p>Akparti-MHP iktidar\u0131 kurulur ve b\u00f6ylece T\u00fcrkiye i\u00e7in \u201cBa\u015fkanl\u0131k Yolu\u201d a\u00e7\u0131l\u0131r.<\/p>\n<p>\u00c7\u00fcnk\u00fc, fiilen olu\u015facak \u201cMilliyetci Cephe\u201d ile, herkes i\u00e7in \u201c\u0130ki Partili Sistem\u201dden gayri yol kalmaz.<\/p>\n<p>Herkeslere kolay gelsin.<\/p>\n<p>&nbsp;<\/p>\n","protected":false},"excerpt":{"rendered":"<p>Bug\u00fcn itibariyle herkesin beklentisi yeni h\u00fck\u00fcmetin Akparti ile MHP taraf\u0131ndan kurulmas\u0131\u2026. Bana g\u00f6re de en kolay h\u00fck\u00fcmet \u015fekli bu\u2026 Akparti mademki \u201cTek ba\u015f\u0131na\u201d olam\u0131yor, o halde, ona en benzer olan bir ba\u015fka parti ile yolda\u015fl\u0131k sa\u011flamak ve h\u00fck\u00fcmeti birlikte kurmak\u2026 Her iki partinin ortak tabanlar\u0131 var ve halk tabanlar\u0131 hemen hemen ayn\u0131 ak\u0131l ve beklentideler\u2026 &hellip;<\/p>\n","protected":false},"author":17,"featured_media":48521,"comment_status":"open","ping_status":"open","sticky":false,"template":"","format":"standard","meta":{"om_disable_all_campaigns":false,"_themeisle_gutenberg_block_has_review":false,"_joinchat":[],"footnotes":""},"categories":[53,38,43],"tags":[],"class_list":["post-6328","post","type-post","status-publish","format-standard","has-post-thumbnail","","category-aydin","category-guncel","category-yazarlar"],"_links":{"self":[{"href":"https:\/\/akincilardergisi.com\/tr\/wp-json\/wp\/v2\/posts\/6328","targetHints":{"allow":["GET"]}}],"collection":[{"href":"https:\/\/akincilardergisi.com\/tr\/wp-json\/wp\/v2\/posts"}],"about":[{"href":"https:\/\/akincilardergisi.com\/tr\/wp-json\/wp\/v2\/types\/post"}],"author":[{"embeddable":true,"href":"https:\/\/akincilardergisi.com\/tr\/wp-json\/wp\/v2\/users\/17"}],"replies":[{"embeddable":true,"href":"https:\/\/akincilardergisi.com\/tr\/wp-json\/wp\/v2\/comments?post=6328"}],"version-history":[{"count":0,"href":"https:\/\/akincilardergisi.com\/tr\/wp-json\/wp\/v2\/posts\/6328\/revisions"}],"wp:featuredmedia":[{"embeddable":true,"href":"https:\/\/akincilardergisi.com\/tr\/wp-json\/wp\/v2\/media\/48521"}],"wp:attachment":[{"href":"https:\/\/akincilardergisi.com\/tr\/wp-json\/wp\/v2\/media?parent=6328"}],"wp:term":[{"taxonomy":"category","embeddable":true,"href":"https:\/\/akincilardergisi.com\/tr\/wp-json\/wp\/v2\/categories?post=6328"},{"taxonomy":"post_tag","embeddable":true,"href":"https:\/\/akincilardergisi.com\/tr\/wp-json\/wp\/v2\/tags?post=6328"}],"curies":[{"name":"wp","href":"https:\/\/api.w.org\/{rel}","templated":true}]}}