{"id":6184,"date":"2015-06-26T07:00:09","date_gmt":"2015-06-26T04:00:09","guid":{"rendered":"http:\/\/akincilardergisi.com\/dergi\/?p=6184"},"modified":"2023-11-07T16:00:29","modified_gmt":"2023-11-07T13:00:29","slug":"6-5-milyonluk-iftira-masasi","status":"publish","type":"post","link":"https:\/\/akincilardergisi.com\/tr\/6-5-milyonluk-iftira-masasi\/","title":{"rendered":"6.5 M\u0130LYONLUK \u0130FT\u0130RA MASASI"},"content":{"rendered":"<div id=\"id_558c9d67594309108274687\" class=\"text_exposed_root text_exposed\">\n<p>\u00dclkemizin nas\u0131l bir komplo ile kar\u015f\u0131 kar\u015f\u0131ya oldu\u011fu<br \/>\nson g\u00fcnlerde servis edilen \u0130FTAR masas\u0131 ile bir kez daha anlam\u0131\u015f olduk.<br \/>\nAyn\u0131 \u015fey ERBAKAN Hoca Ba\u015fbakan iken de yap\u0131lm\u0131\u015f ve netice al\u0131nm\u0131\u015ft\u0131.<span class=\"text_exposed_hide\">&#8230;<\/span><span class=\"text_exposed_show\"><br \/>\nZinde kuvvetler harekete ge\u00e7mi\u015f, me\u015fru h\u00fckumet ala\u015fa\u011f\u0131 edilmi\u015fti.<br \/>\n\u015eimdi ona g\u00fc\u00e7leri yetmiyor ba\u015fka bir y\u00f6ntem deniyorlar.<\/span><\/p>\n<div class=\"text_exposed_show\">\n<p>H\u0130PNOZ<br \/>\nBir daha anlad\u0131k ki, Medyan\u0131n H\u0130PNOZ g\u00fcc\u00fc var.<br \/>\nHaberin do\u011frulu\u011funu kafas\u0131nda tartmadan inanmaya haz\u0131r o kadar \u00e7ok ki\u015fi var ki&#8230;<br \/>\nBu insanlar \u015fu kadar\u0131n\u0131 bile akledemiyorlar:<br \/>\nHadi masay\u0131 g\u00f6rm\u00fcyoruz. Alt\u0131n kaplama falan olabilir.<br \/>\nAncak misafirleri g\u00f6r\u00fcyoruz. &#8221;30 ki\u015fiyi bulmayan misafirler ne yediler de 6.5 Milyon tuttu?&#8221;<br \/>\nDiye sormadan fas\u0131klar\u0131n getirdi\u011fi haber servis ediliyor.<\/p>\n<\/div>\n<\/div>\n","protected":false},"excerpt":{"rendered":"<p>\u00dclkemizin nas\u0131l bir komplo ile kar\u015f\u0131 kar\u015f\u0131ya oldu\u011fu son g\u00fcnlerde servis edilen \u0130FTAR masas\u0131 ile bir kez daha anlam\u0131\u015f olduk. Ayn\u0131 \u015fey ERBAKAN Hoca Ba\u015fbakan iken de yap\u0131lm\u0131\u015f ve netice al\u0131nm\u0131\u015ft\u0131.&#8230; Zinde kuvvetler harekete ge\u00e7mi\u015f, me\u015fru h\u00fckumet ala\u015fa\u011f\u0131 edilmi\u015fti. \u015eimdi ona g\u00fc\u00e7leri yetmiyor ba\u015fka bir y\u00f6ntem deniyorlar. H\u0130PNOZ Bir daha anlad\u0131k ki, Medyan\u0131n H\u0130PNOZ g\u00fcc\u00fc &hellip;<\/p>\n","protected":false},"author":14,"featured_media":48521,"comment_status":"open","ping_status":"open","sticky":false,"template":"","format":"standard","meta":{"om_disable_all_campaigns":false,"_themeisle_gutenberg_block_has_review":false,"_joinchat":[],"footnotes":""},"categories":[56,1,38,43],"tags":[],"class_list":["post-6184","post","type-post","status-publish","format-standard","has-post-thumbnail","","category-emin","category-genel","category-guncel","category-yazarlar"],"_links":{"self":[{"href":"https:\/\/akincilardergisi.com\/tr\/wp-json\/wp\/v2\/posts\/6184","targetHints":{"allow":["GET"]}}],"collection":[{"href":"https:\/\/akincilardergisi.com\/tr\/wp-json\/wp\/v2\/posts"}],"about":[{"href":"https:\/\/akincilardergisi.com\/tr\/wp-json\/wp\/v2\/types\/post"}],"author":[{"embeddable":true,"href":"https:\/\/akincilardergisi.com\/tr\/wp-json\/wp\/v2\/users\/14"}],"replies":[{"embeddable":true,"href":"https:\/\/akincilardergisi.com\/tr\/wp-json\/wp\/v2\/comments?post=6184"}],"version-history":[{"count":0,"href":"https:\/\/akincilardergisi.com\/tr\/wp-json\/wp\/v2\/posts\/6184\/revisions"}],"wp:featuredmedia":[{"embeddable":true,"href":"https:\/\/akincilardergisi.com\/tr\/wp-json\/wp\/v2\/media\/48521"}],"wp:attachment":[{"href":"https:\/\/akincilardergisi.com\/tr\/wp-json\/wp\/v2\/media?parent=6184"}],"wp:term":[{"taxonomy":"category","embeddable":true,"href":"https:\/\/akincilardergisi.com\/tr\/wp-json\/wp\/v2\/categories?post=6184"},{"taxonomy":"post_tag","embeddable":true,"href":"https:\/\/akincilardergisi.com\/tr\/wp-json\/wp\/v2\/tags?post=6184"}],"curies":[{"name":"wp","href":"https:\/\/api.w.org\/{rel}","templated":true}]}}