{"id":6162,"date":"2015-06-25T08:45:13","date_gmt":"2015-06-25T05:45:13","guid":{"rendered":"http:\/\/akincilardergisi.com\/dergi\/?p=6162"},"modified":"2023-11-07T11:29:43","modified_gmt":"2023-11-07T08:29:43","slug":"ahmet-sever-in-kitabi-ve-siyasal-fitne","status":"publish","type":"post","link":"https:\/\/akincilardergisi.com\/tr\/ahmet-sever-in-kitabi-ve-siyasal-fitne\/","title":{"rendered":"AHMET SEVER&#8217; \u0130N K\u0130TABI ve S\u0130YASAL F\u0130TNE"},"content":{"rendered":"<p><span style=\"font-family: Calibri\">11. Cumhurba\u015fkan\u0131 Say\u0131n Abdullah G\u00fcl\u2019\u00fcn bas\u0131n dan\u0131\u015fman\u0131 Say\u0131n Ahmet Sever\u2019in \u201cAbdullah G\u00fcl ile 12 Y\u0131l\u201d adl\u0131 kitab\u0131 se\u00e7im sonras\u0131 g\u00fcndemdeki yerini korumaktad\u0131r. T\u00fcrk siyasetinin gelene\u011fi olan bir durumla kar\u015f\u0131 kar\u015f\u0131yay\u0131z. \u00d6nemli ki\u015filerin g\u00f6rev s\u00fcreleri sona erdi\u011finde dan\u0131\u015fmanlar\u0131ndan birisi onunla ilgili kendince \u00e7arp\u0131c\u0131 konular\u0131 i\u00e7eren bir kitap yazar ve g\u00f6revi bitenin g\u00fcndemde kalmas\u0131n\u0131 bir \u015fekilde sa\u011flamaya \u00e7al\u0131\u015f\u0131rlar. Ve yine bu t\u00fcrden kitaplar z\u0131tl\u0131klar \u00fczerine kurgulan\u0131r. O olmasayd\u0131 \u015f\u00f6yle olacakt\u0131, e\u011fer m\u00fcdahale etmeseydi b\u00f6yle olacakt\u0131. Onun m\u00fcdahalesiyle s\u0131k\u0131nt\u0131 giderildi. Ben bu s\u0131k\u0131nt\u0131n\u0131n giderilmesinde \u00e7ok aktif bir rol \u00fcstlendim. Bir tak\u0131m geli\u015fmelerde inisiyatif tamamen bana aitti t\u00fcr\u00fcnden havalanmalar, efelenmeler&#8230; Bu t\u00fcrden \u00e7al\u0131\u015fmalarda yak\u0131n tarihimizle ilgili pek de bilmedi\u011fimiz konular tek tarafl\u0131 olarak sipari\u015f ve pazarlama kitaplar\u0131nda yer al\u0131r. Bu kitaplar\u0131n yay\u0131nlanma ama\u00e7lar\u0131n\u0131n bir alg\u0131 olu\u015fturma gayreti ve PR oldu\u011funu unutmayal\u0131m. Falih R\u0131fk\u0131 Atay\u2019\u0131n <b>\u201c\u00c7ANKAYA\u201d <\/b>kitab\u0131 bunun ilk \u00f6rneklerindendir.<\/span><\/p>\n<p class=\"ecxgvde\" style=\"background: white;text-align: justify;line-height: 15.95pt\"><span style=\"font-family: Calibri\">11. Cumhurba\u015fkan\u0131 Say\u0131n Abdullah G\u00fcl\u2019\u00fcn bas\u0131n dan\u0131\u015fman\u0131 olan Say\u0131n Ahmet Sever\u2019in kitab\u0131nda da benzer konular\u0131 g\u00f6rmek m\u00fcmk\u00fcnd\u00fcr. Yaz\u0131m\u0131z\u0131n giri\u015finde \u015f\u00f6yle bir c\u00fcmle kullanm\u0131\u015ft\u0131k. <b>\u201cVe yine bu t\u00fcrden kitaplar z\u0131tl\u0131klar \u00fczerine kurgulan\u0131r.\u201d <\/b>Say\u0131n Sever\u2019in kitab\u0131nda bu z\u0131tl\u0131\u011f\u0131 \u00e7ok a\u00e7\u0131k bir \u015fekilde g\u00f6rmekteyiz. Kitapta verilmek istenen ana tema a\u00e7\u0131k\u00e7a \u015fudur: <b>\u201cRecep Tayyip Erdo\u011fan despot ve diktat\u00f6r birisidir. Bizimki ise m\u00fclayim ve makul birisidir.\u201d <\/b>Anlatt\u0131\u011f\u0131 olaylar\u0131n varaca\u011f\u0131 sonu\u00e7 bu \u015fekilde \u00f6zetlenebilir. \u015eimdi bu durumu bizim Karadeniz jargonuyla de\u011ferlendirecek olursak evet biz yeri geldi\u011finde otoriter olan, masaya yumru\u011funu vurmas\u0131n\u0131, gerekti\u011finde kalkmas\u0131n\u0131 bilen bir lideri seviyoruz. Yine bizim tabirle \u201cFadime Hala\u201d tiplerden hi\u00e7bir halt olmaz ve o tipler de sevilmez.<\/span><span style=\"font-family: Calibri\"><br \/>\n<\/span><\/p>\n<p class=\"ecxgvde\" style=\"background: white;text-align: justify;line-height: 15.95pt\"><span style=\"font-family: Calibri\">Say\u0131n Ahmet Sever\u2019in kitab\u0131n\u0131n \u00f6z\u00fc ise, Say\u0131n Abdullah G\u00fcl daha makul, daha demokrat ve daha yap\u0131c\u0131d\u0131r. Say\u0131n Erdo\u011fan ise bunun tam aksidir. B\u00f6yle olunca Say\u0131n G\u00fcl, Say\u0131n Erdo\u011fan\u2019\u0131 hep frenleyen ve dizginleyen konumdad\u0131r. Devlet y\u00f6netiminde Say\u0131n G\u00fcl\u2019\u00fcn yapt\u0131\u011f\u0131 g\u00f6revlendirmelerin daha isabetli oldu\u011funu s\u00f6ylerken di\u011ferini ise okuyucuya s\u00f6yletmeye \u00e7al\u0131\u015fmaktad\u0131r. \u00d6yleyse biz de s\u00f6yleyelim. Say\u0131n G\u00fcl\u2019\u00fcn en isabetsiz g\u00f6revlendirmelerinin ba\u015f\u0131nda Say\u0131n Sever\u2019i bas\u0131n dan\u0131\u015fmas\u0131 yapmas\u0131 gelmektedir. <b>\u201cRecep Tayyip Erdo\u011fan despot ve diktat\u00f6r birisidir. Bizimki ise m\u00fclayim ve makul birisidir.\u201d <\/b>Havas\u0131 olu\u015fturmak siyasal fitneyi harlamaktan ba\u015fka ne i\u015fe yarayacakt\u0131r ki? Bir derdi olan\u0131n, bir davas\u0131 olan\u0131n en yak\u0131n\u0131ndaki isimlerin de ayn\u0131 \u015fekilde bir derdi ve davas\u0131 olmal\u0131d\u0131r. Olmal\u0131d\u0131r ki yar\u0131n konjonkt\u00fcr de\u011fi\u015fti\u011finde seni satmas\u0131n, bir kenara atmas\u0131n. Bu tiplerin \u00f6rneklerini \u00e7ok g\u00f6rd\u00fc\u011f\u00fcm\u00fcz i\u00e7in \u015fa\u015f\u0131rmay\u0131z. Kalpleri ayn\u0131 his ve heyecanla atmayan bir ismin hangi derdinden, hangi davas\u0131ndan s\u00f6z edilebilir ki? <\/span><\/p>\n<p class=\"ecxgvde\" style=\"background: white;text-align: justify;line-height: 15.95pt\"><span style=\"font-family: Calibri\">Say\u0131n Sever kitab\u0131nda Cengiz \u00c7andar\u2019dan bir nakil yaparak \u015f\u00f6yle der: Erdo\u011fan aras\u0131ndaki fark\u0131 soran bir Amerikal\u0131 gazeteciye \u00c7andar\u2019\u0131n \u201c\u2026bir sokakta iki ki\u015fi kavga ediyorsa Erdo\u011fan gider o kavgaya kar\u0131\u015f\u0131r; G\u00fcl ise kavgay\u0131 g\u00f6r\u00fcnce o soka\u011fa girmez ve yolunu de\u011fi\u015ftirir\u201d dedi\u011fini ve bu yan\u0131t\u0131 Sever\u2019in G\u00fcl\u2019e aktard\u0131\u011f\u0131nda onun \u201cHay\u0131r ben kavgay\u0131 g\u00f6r\u00fcnce sokak de\u011fi\u015ftirmem. O soka\u011fa girerim ve kavgay\u0131 ay\u0131rmaya \u00e7al\u0131\u015f\u0131r\u0131m\u201d dedi\u011fini nakletmektedir. Say\u0131n Sever bu anektodla \u015funu demek istiyor: \u201cSay\u0131n Erdo\u011fan kavgac\u0131 ve kavgalar\u0131 k\u00f6r\u00fckleyen birisi, G\u00fcl ise kavgalar\u0131 ay\u0131rmaya \u00e7al\u0131\u015fan bir isimdir. Ger\u00e7i biz Say\u0131n G\u00fcl\u2019\u00fcn yedi y\u0131l herhangi bir kavgay\u0131 ay\u0131rd\u0131\u011f\u0131n\u0131 da g\u00f6rmedik.<\/span><\/p>\n<p class=\"ecxgvde\" style=\"background: white;text-align: justify;line-height: 15.95pt\"><span style=\"font-family: Calibri\">\u00a0<\/span><\/p>\n<p class=\"ecxgvde\" style=\"background: white;text-align: justify;line-height: 15.95pt\"><span style=\"font-family: Calibri\">Bizim derdimizin, bizim davam\u0131z\u0131n ve bizim kavgam\u0131z\u0131n \u00e7\u00f6z\u00fcm\u00fc diye bir \u015fey yoktur. Bu bir <b>\u201cHak- Bat\u0131l M\u00fccadelesi\u201d<\/b>dir ve k\u0131yamete kadar da devam edecektir. Biz bu davay\u0131 etliye, s\u00fctl\u00fcye kar\u0131\u015fmayan Fadime Hala tiplerle hedefe ula\u015ft\u0131ramay\u0131z. Biz bunu bilir bunu s\u00f6yleriz de Say\u0131n Sever sen bunu anlamazs\u0131n. \u00c7\u00fcnk\u00fc bizim mahalleden de\u011filsin. Hasbelkader bizim mahalleyi mesken tutmu\u015fsun; fakat gidi\u015fin yak\u0131nd\u0131r.<\/span><\/p>\n<p class=\"ecxgvde\" style=\"background: white;text-align: justify\"><b><span style=\"color: red;font-family: Calibri;font-size: 20pt\">\u00d6mer Naci Y\u0131lmaz<\/span><\/b><\/p>\n<div class=\"v-InboxFooterContainer\">\n<div class=\"c-PageFooter Unselectable\">\n<table class=\"uxp_ftr_control t_fbgc\" style=\"height: 31px\" width=\"5\" cellspacing=\"0\" cellpadding=\"0\">\n<tbody>\n<tr>\n<td class=\"uxp_ftr_left t_lnksi\"><\/td>\n<\/tr>\n<\/tbody>\n<\/table>\n<\/div>\n<\/div>\n","protected":false},"excerpt":{"rendered":"<p>11. Cumhurba\u015fkan\u0131 Say\u0131n Abdullah G\u00fcl\u2019\u00fcn bas\u0131n dan\u0131\u015fman\u0131 Say\u0131n Ahmet Sever\u2019in \u201cAbdullah G\u00fcl ile 12 Y\u0131l\u201d adl\u0131 kitab\u0131 se\u00e7im sonras\u0131 g\u00fcndemdeki yerini korumaktad\u0131r. T\u00fcrk siyasetinin gelene\u011fi olan bir durumla kar\u015f\u0131 kar\u015f\u0131yay\u0131z. \u00d6nemli ki\u015filerin g\u00f6rev s\u00fcreleri sona erdi\u011finde dan\u0131\u015fmanlar\u0131ndan birisi onunla ilgili kendince \u00e7arp\u0131c\u0131 konular\u0131 i\u00e7eren bir kitap yazar ve g\u00f6revi bitenin g\u00fcndemde kalmas\u0131n\u0131 bir \u015fekilde sa\u011flamaya &hellip;<\/p>\n","protected":false},"author":26,"featured_media":48521,"comment_status":"open","ping_status":"open","sticky":false,"template":"","format":"standard","meta":{"om_disable_all_campaigns":false,"_themeisle_gutenberg_block_has_review":false,"_joinchat":[],"footnotes":""},"categories":[38,54,43],"tags":[],"class_list":["post-6162","post","type-post","status-publish","format-standard","has-post-thumbnail","","category-guncel","category-omer","category-yazarlar"],"_links":{"self":[{"href":"https:\/\/akincilardergisi.com\/tr\/wp-json\/wp\/v2\/posts\/6162","targetHints":{"allow":["GET"]}}],"collection":[{"href":"https:\/\/akincilardergisi.com\/tr\/wp-json\/wp\/v2\/posts"}],"about":[{"href":"https:\/\/akincilardergisi.com\/tr\/wp-json\/wp\/v2\/types\/post"}],"author":[{"embeddable":true,"href":"https:\/\/akincilardergisi.com\/tr\/wp-json\/wp\/v2\/users\/26"}],"replies":[{"embeddable":true,"href":"https:\/\/akincilardergisi.com\/tr\/wp-json\/wp\/v2\/comments?post=6162"}],"version-history":[{"count":0,"href":"https:\/\/akincilardergisi.com\/tr\/wp-json\/wp\/v2\/posts\/6162\/revisions"}],"wp:featuredmedia":[{"embeddable":true,"href":"https:\/\/akincilardergisi.com\/tr\/wp-json\/wp\/v2\/media\/48521"}],"wp:attachment":[{"href":"https:\/\/akincilardergisi.com\/tr\/wp-json\/wp\/v2\/media?parent=6162"}],"wp:term":[{"taxonomy":"category","embeddable":true,"href":"https:\/\/akincilardergisi.com\/tr\/wp-json\/wp\/v2\/categories?post=6162"},{"taxonomy":"post_tag","embeddable":true,"href":"https:\/\/akincilardergisi.com\/tr\/wp-json\/wp\/v2\/tags?post=6162"}],"curies":[{"name":"wp","href":"https:\/\/api.w.org\/{rel}","templated":true}]}}