{"id":5878,"date":"2015-06-13T11:13:50","date_gmt":"2015-06-13T08:13:50","guid":{"rendered":"http:\/\/akincilardergisi.com\/dergi\/?p=5878"},"modified":"2023-11-12T19:28:16","modified_gmt":"2023-11-12T16:28:16","slug":"estiriye-ozelestiri","status":"publish","type":"post","link":"https:\/\/akincilardergisi.com\/tr\/estiriye-ozelestiri\/","title":{"rendered":"Ele\u015ftiriye \u00f6zele\u015ftiri"},"content":{"rendered":"<div class=\"fsm fwn fcg UFICommentActions\"><strong><em>SORU;<\/em><\/strong><\/div>\n<div class=\"fsm fwn fcg UFICommentActions\"><\/div>\n<div class=\"fsm fwn fcg UFICommentActions\"><em>&#8216;T\u00fcrkiye, AK Parti&#8217;ye 13 y\u0131l gibi uzun bir zaman diliminde iktidar verdi. \u00d6mer ibn Abd\u00fclaziz (717 &#8211; 720) 3 y\u0131l, Yavuz Sultan Selim (1512 &#8211; 1520) 8 y\u0131l, Nureddin Mahmud Zengi (1128-1146) 18 y\u0131l, Selahaddin Eyyubi (1169-1193) 24 y\u0131l,iktidarda kald\u0131 ve tarihin alt\u0131n levhalar\u0131yla \u00e7er\u00e7evelediler h\u00fck\u00fcmranl\u0131klar\u0131n\u0131. AK Parti 13 y\u0131lda ne yapt\u0131? Medeniyet krizine \u00e7\u00f6z\u00fcm m\u00fc buldu? Sa\u011fl\u0131kl\u0131 toplum haline gelebildik mi? Recep Tayyip Erd\u011fan Cumhurba\u015fkan\u0131 olmasa da AK Parti gen<span class=\"text_exposed_hide\">&#8230;<\/span><\/em><span class=\"text_exposed_show\"><em>el ba\u015fkan\u0131 olarak se\u00e7imi kazansa ve iktidar s\u00fcresini 17 y\u0131la \u00e7\u0131karsayd\u0131 T\u00fcrkiye&#8217;de ne de\u011fi\u015fecekti?<\/em>&#8221; sorusu s\u0131k s\u0131k akla geliyor ve sosyal medyada dola\u015f\u0131yor.<\/span><\/div>\n<div class=\"fsm fwn fcg UFICommentActions\"><\/div>\n<div class=\"fsm fwn fcg UFICommentActions\"><strong><span class=\"UFICommentBody\">CEVAP;<\/span><\/strong><\/div>\n<div class=\"fsm fwn fcg UFICommentActions\"><\/div>\n<div class=\"fsm fwn fcg UFICommentActions\"><span class=\"UFICommentBody\">Elbette AK Parti her \u015feyi yapm\u0131\u015ft\u0131r diyemeyiz. ve bir \u00e7okta eksik ve hatalar\u0131 var. Ama bir \u015fey yapmam\u0131\u015ft\u0131r da demek do\u011fru ve insafl\u0131 bir yakla\u015f\u0131m olmaz. <\/span><\/div>\n<div class=\"fsm fwn fcg UFICommentActions\"><span class=\"UFICommentBody\">Ak Parti de\u011fi\u015ftirmek ve kald\u0131rmak zorunda oldu\u011fu bir d\u00fczenin izni, g\u00f6zetimi ve denetimi alt\u0131nda \u00e7al\u0131\u015fan, \u00e7al\u0131\u015fmak mecburiyetinde olan demokratik partilerden bir parti oldu ger\u00e7e\u011fini neden g\u00f6rmezlikten geliyoruz? Hi\u00e7 bir d\u00fczen kendisini yok edecek bir alternatife m\u00fcsade eder mi? <\/span><\/div>\n<div class=\"fsm fwn fcg UFICommentActions\"><span class=\"UFICommentBody\">Kar\u015f\u0131la\u015ft\u0131rma yapt\u0131\u011f\u0131n\u0131z \u015fah\u0131slar ve zamanlar ve zeminler ile AK Parti, ve Erdo\u011fan zaman ve zemini ayn\u0131 \u015fartlarda de\u011fil ki ayn\u0131 neticelere yak\u0131n bir netice bekleyelim. <\/span><\/div>\n<div class=\"fsm fwn fcg UFICommentActions\"><span class=\"UFICommentBody\">Sadece Salahaddin Eyyubi d\u00f6nemini ele alal\u0131m. O zaman \u00a0Ha\u00e7l\u0131larla cephelerde vuru\u015fuyorduk. Adlar\u0131 da ahmet, kemal, mehmet&#8230;. olsa bile\u00a0 \u015fimdi ha\u00e7l\u0131lar evimizde, sokakta, okulda, \u00e7ar\u015f\u0131da k\u0131saca bizi y\u00f6neten b\u00fcrokratlar, devlet adamlar\u0131&#8230;<\/span><\/div>\n<div class=\"fsm fwn fcg UFICommentActions\"><span class=\"UFICommentBody\"> AK Parti medeniyetimizi in\u015fa etmek gibi bir sorumlulu\u011fa talip ise \u00f6nce bu \u00fclkedeki insan\u0131n ruh ve d\u00fc\u015f\u00fcnce d\u00fcnyas\u0131n\u0131 ihya ve in\u015fa etmelidir. \u00c7a\u011fda\u015f Ha\u00e7l\u0131 zihniyeti ve d\u00fcnya g\u00f6r\u00fc\u015f\u00fcyle islam medeniyeti ne in\u015fa ve ne de ihya olur. Sadece edebiyat\u0131n\u0131 yapm\u0131\u015f oluruz. Millet olarak;\u00d6nce insan, sonra insan, daha sonra yine insan\u0131n medeniyet ve k\u00fclt\u00fcr de\u011ferlerimize g\u00f6re in\u015fas\u0131na y\u00f6nelmeliyiz. <\/span><\/div>\n<div class=\"fsm fwn fcg UFICommentActions\"><span class=\"UFICommentBody\">Bizim bel ve g\u00f6n\u00fcl ba\u011flad\u0131\u011f\u0131m\u0131z fikir ve d\u00fc\u015f\u00fcnce adamlar\u0131 ve \u00f6nc\u00fclerimiz de parti girdab\u0131ndan kendilerini kurtar\u0131p halk\u0131n, gen\u00e7li\u011fin i\u00e7ine girip her il ve il\u00e7ede &#8221;Dirili\u015f&#8221;, &#8221;Kurtulu\u015f&#8221;, &#8221;B\u00fcy\u00fck Do\u011fu&#8221; vs. k\u00fclt\u00fcr ocaklar\u0131 kurarak insan\u0131m\u0131z\u0131 stat\u00fckonun \u00e7ekim alan\u0131ndan s\u0131y\u0131r\u0131p islami eksene do\u011fru \u00e7ekmesi gerekiyor. <\/span><\/div>\n<div class=\"fsm fwn fcg UFICommentActions\"><span class=\"UFICommentBody\">Peki onlar ne yap\u0131yor? Kimisi fildi\u015fi kulesinde beyaz atl\u0131 prens, kimisi insana ve e\u015fyaya k\u00fcsm\u00fc\u015f, kimisi kendi do\u011frular\u0131ndan ba\u015fka kimseye bir \u015fan\u015f tan\u0131m\u0131yor&#8230;.daha da uzat\u0131labilir mesele. AK Partiyi kurtar\u0131c\u0131, kurucu, in\u015faedici ve ihya edici bir medeniyet kalesi gibi g\u00f6rmek ve ondan beklenmemesi gereken \u015feyleri beklemek hem bir ham hayal ve hem de onda olmayan bir \u015feyi ondan istemek olur. <\/span><\/div>\n<div class=\"fsm fwn fcg UFICommentActions\"><span class=\"UFICommentBody\">\u0130slam medeniyet ve k\u00fclt\u00fcr\u00fcn\u00fc in\u015fa ve ihya edecek nesiller ve d\u00fc\u015f\u00fcnce ak\u0131mlar\u0131 \u00f6nce bat\u0131 ve bat\u0131 medeniyetini inkar etmek ve onunla \u00f6l\u00fcm\u00fcne sava\u015fmak zorundad\u0131r. K\u00fcfr\u00fc inkar etmeden, islam\u0131 kabul etmek olmaz. Teslimiyet; stat\u00fckoyu ve Ta\u011futa ait olan\u0131 inkar ve Allaha iman etmeyi gerektiriyor. <\/span><\/div>\n<div class=\"fsm fwn fcg UFICommentActions\"><span class=\"UFICommentBody\">Putlardan, put\u00e7ulardan, put yapan ve satanlardan uzakla\u015fmadan, onlardan temizlenmeden, onlar\u0131n kirlerinden ar\u0131nmadan bir medeniyetin in\u015fa ve ihyas\u0131ndan bahsedemeyiz. <\/span><\/div>\n<div class=\"fsm fwn fcg UFICommentActions\"><span class=\"UFICommentBody\">Selahattin Eyyubi ve di\u011fer ad\u0131 ge\u00e7en b\u00fcy\u00fcklerimizin kendi sistemi, ordusu ve hakim ve muktedir olduklar\u0131 bir otoriteleri vard\u0131. Devlet Ba\u015fkan\u0131 ve kumandan olarak da onun i\u00e7in ba\u015far\u0131dan\u00a0ba\u015far\u0131lara imza at\u0131yorlard\u0131. Bu g\u00fcn bizim i\u00e7inde bulundu\u011fumuz bu g\u00fcnler ve\u00a0ya\u015fad\u0131\u011f\u0131m\u0131z\u00a0realiteler ortada. O zamanlar\u0131n \u015fartlar\u0131na g\u00f6re bu zamanlar\u0131\u00a0sorgulamaya, de\u011ferlendirmeye \u00a0ve yarg\u0131lamaya kalkma yan\u0131lg\u0131s\u0131na d\u00fc\u015fmeyelim. Zemin, zaman, i\u00e7inde bulunulan \u015fartlar % y\u00fcz fark arzediyor. <\/span><\/div>\n<div class=\"fsm fwn fcg UFICommentActions\">Osmanl\u0131n\u0131n en g\u00fc\u00e7l\u00fc oldu\u011fu zamana g\u00f6re bu g\u00fcnlerimizi de\u011ferlendirip y\u00f6neticilerimizi neden Viyana \u00f6nlerinde de\u011filiz diye hesaba \u00e7ekebilir miyiz.<\/div>\n<div class=\"fsm fwn fcg UFICommentActions\"><span class=\"UFICommentBody\">Selam ve dua ile&#8230;<\/span><\/div>\n<p>&nbsp;<\/p>\n","protected":false},"excerpt":{"rendered":"<p>SORU; &#8216;T\u00fcrkiye, AK Parti&#8217;ye 13 y\u0131l gibi uzun bir zaman diliminde iktidar verdi. \u00d6mer ibn Abd\u00fclaziz (717 &#8211; 720) 3 y\u0131l, Yavuz Sultan Selim (1512 &#8211; 1520) 8 y\u0131l, Nureddin Mahmud Zengi (1128-1146) 18 y\u0131l, Selahaddin Eyyubi (1169-1193) 24 y\u0131l,iktidarda kald\u0131 ve tarihin alt\u0131n levhalar\u0131yla \u00e7er\u00e7evelediler h\u00fck\u00fcmranl\u0131klar\u0131n\u0131. AK Parti 13 y\u0131lda ne yapt\u0131? Medeniyet krizine &hellip;<\/p>\n","protected":false},"author":12,"featured_media":48521,"comment_status":"open","ping_status":"open","sticky":false,"template":"","format":"standard","meta":{"om_disable_all_campaigns":false,"_themeisle_gutenberg_block_has_review":false,"_joinchat":[],"footnotes":""},"categories":[1,63,43],"tags":[],"class_list":["post-5878","post","type-post","status-publish","format-standard","has-post-thumbnail","","category-genel","category-m-yasir","category-yazarlar"],"_links":{"self":[{"href":"https:\/\/akincilardergisi.com\/tr\/wp-json\/wp\/v2\/posts\/5878","targetHints":{"allow":["GET"]}}],"collection":[{"href":"https:\/\/akincilardergisi.com\/tr\/wp-json\/wp\/v2\/posts"}],"about":[{"href":"https:\/\/akincilardergisi.com\/tr\/wp-json\/wp\/v2\/types\/post"}],"author":[{"embeddable":true,"href":"https:\/\/akincilardergisi.com\/tr\/wp-json\/wp\/v2\/users\/12"}],"replies":[{"embeddable":true,"href":"https:\/\/akincilardergisi.com\/tr\/wp-json\/wp\/v2\/comments?post=5878"}],"version-history":[{"count":0,"href":"https:\/\/akincilardergisi.com\/tr\/wp-json\/wp\/v2\/posts\/5878\/revisions"}],"wp:featuredmedia":[{"embeddable":true,"href":"https:\/\/akincilardergisi.com\/tr\/wp-json\/wp\/v2\/media\/48521"}],"wp:attachment":[{"href":"https:\/\/akincilardergisi.com\/tr\/wp-json\/wp\/v2\/media?parent=5878"}],"wp:term":[{"taxonomy":"category","embeddable":true,"href":"https:\/\/akincilardergisi.com\/tr\/wp-json\/wp\/v2\/categories?post=5878"},{"taxonomy":"post_tag","embeddable":true,"href":"https:\/\/akincilardergisi.com\/tr\/wp-json\/wp\/v2\/tags?post=5878"}],"curies":[{"name":"wp","href":"https:\/\/api.w.org\/{rel}","templated":true}]}}