{"id":5781,"date":"2015-06-08T00:11:44","date_gmt":"2015-06-07T21:11:44","guid":{"rendered":"http:\/\/akincilardergisi.com\/dergi\/?p=5781"},"modified":"2023-11-04T20:12:23","modified_gmt":"2023-11-04T17:12:23","slug":"irkciligin-sonuc-belirledigi-secim","status":"publish","type":"post","link":"https:\/\/akincilardergisi.com\/tr\/irkciligin-sonuc-belirledigi-secim\/","title":{"rendered":"IRK\u00c7ILI\u011eIN SONU\u00c7 BEL\u0130RLED\u0130\u011e\u0130 SE\u00c7\u0130M"},"content":{"rendered":"<p>Se\u00e7im sonu\u00e7lar\u0131, Akparti\u2019nin \u201cHizmet Siyaseti\u201dne hi\u00e7bir \u015fey demedi. \u201cDurmak yok, yola devam\u201d dedi.<\/p>\n<p>Ancak, reyleri d\u00fc\u015ft\u00fc.<\/p>\n<p>\u00d6yleyse, soru \u00e7ok basit: \u201cAkparti\u2019nin reyleri neden d\u00fc\u015ft\u00fc?\u201d<\/p>\n<p>Cevap \u00e7ok basit\u2026 Nerelerde d\u00fc\u015ft\u00fc\u011f\u00fcne bir bak\u0131n.<\/p>\n<p>\u0130\u00e7\u00a0 Anadolu\u2019da d\u00fc\u015ft\u00fc\u2026 Do\u011fu ve G\u00fcneydo\u011fu Anadolu\u2019da d\u00fc\u015ft\u00fc. \u0130\u00e7 Anadolu\u2019da, \u201cT\u00fcrk Milliyet\u00e7ili\u011fi\u201d sebebiyle d\u00fc\u015ft\u00fc. Do\u011fu ve G\u00fcneydo\u011fu Anadolu\u2019da ise \u201cK\u00fcrt Milliyet\u00e7ili\u011fi\u201d sebebiyle d\u00fc\u015ft\u00fc.<\/p>\n<p>Tayyip Erdo\u011fan, bunu zaten biliyordu. \u201c\u00c7\u00f6z\u00fcm S\u00fcreci\u201dni ba\u015flatt\u0131\u011f\u0131nda \u201cPartim kaybetse de\u201d ve \u201cGerekirse bald\u0131ran zehiri i\u00e7erim\u201d dedi\u011finde, aynen, bu bilgiyi payla\u015f\u0131yordu. \u201cPartim kaybetse de \u00fclkem kazanacak\u201d dedi\u011fi g\u00fcn i\u015fte bu g\u00fcn\u00fc s\u00f6yl\u00fcyordu.<\/p>\n<p>Tayyip Erdo\u011fan, biliyordu ki, \u201cK\u00fcrtlere verilen\u201d her \u201cHak\u201d T\u00fcrk milliyet\u00e7isi oylar\u0131n kayb\u0131 demektir.<\/p>\n<p>Bir ba\u015fka \u015fekilde bir de \u015funu biliyordu: \u201c\u00c7\u00f6z\u00fcm\u201d deyip de, \u00e7\u00f6z\u00fcm ba\u011flam\u0131nda K\u00fcrtlere verilip de K\u00fcrtler taraf\u0131ndan az\u0131msanm\u0131\u015f her hak eksikli\u011fi, K\u00fcrt Milliyet\u00e7isi reylerin kayb\u0131 demekti.<\/p>\n<p>K\u00fcrtlere verilen her hak, T\u00fcrk Milliyet\u00e7isi oylar\u0131n Akparti\u2019den ka\u00e7mas\u0131n\u0131 sa\u011flad\u0131. K\u00fcrtlerin \u201colsun\u201d dedi\u011fi ve fakat gerek imkans\u0131zl\u0131k ve gerekse konjokt\u00fcrel\u00a0 sebeplerle verilemeyen her \u201chak\u201d da K\u00fcrt milliyet\u00e7ilerinin Akparti\u2019den \u00e7\u0131k\u0131\u015f\u0131n\u0131 sa\u011flad\u0131. Yani, H\u00fck\u00fcmetin hi\u00e7bir siyaseti ile herhangi bir vatanda\u015f\u0131m\u0131z\u0131n Akparti\u2019yi terk etmesi olmad\u0131. Olsa bile bunlar, \u201cistisna\u201ddan \u00f6teye gitmez.<\/p>\n<p>MHP\u2019nin artan t\u00fcm reyleri \u201c\u00c7\u00f6z\u00fcm S\u00fcreci\u201d sebebiyle Akparti\u2019den gitti. HDP\u2019ye, En az d\u00f6rt puan rey de do\u011frudan Akparti\u2019ye rey vermi\u015f K\u00fcrtlerden gitti. Sonu\u00e7 ne? Bana g\u00f6re, sonu\u00e7,\u00c7\u00f6z\u00fcm S\u00fcreci sebebiyle, Akparti\u2019nin \u201cOlacak\u201d dedi\u011fi ve bekledi\u011fi \u201cFelaket\u201dten \u00e7ok \u00e7ok daha iyi ve g\u00fczel oldu. \u0130yi oldu: \u00c7\u00fcnk\u00fc, sonu\u00e7 felaket de\u011fil. G\u00fczel oldu: \u00c7\u00fcnk\u00fc, HDP ile, K\u00fcrtler, \u201cSiyaset yapabilir\u201d hale geldiler. Yani, \u201c\u00c7\u00f6z\u00fcm S\u00fcreci\u201dnden beklenen ne ise asl\u0131nda o oldu.<\/p>\n<p>K\u00fcrtlerin, art\u0131k, \u201cK\u00fcrt Sorunu\u201d diye\u00a0 tan\u0131mlanan \u201cSorun olma siyaseti\u201d sona erecek, K\u00fcrtlerin, art\u0131k T\u00fcrkiye i\u00e7in \u201csorun olmad\u0131klar\u0131\u201d herkes taraf\u0131ndan g\u00f6r\u00fclecek. Yani, Tayyip Erdo\u011fan\u2019\u0131n \u201cK\u00fcrt sorunu yoktur\u201d dedi\u011fi c\u00fcmle, tam\u0131 tam\u0131na ger\u00e7ek olacak ve bu ger\u00e7eklik herkes taraf\u0131ndan da g\u00f6r\u00fclecek.<\/p>\n<p>Bir dahaki se\u00e7imlere \u201cK\u00fcrt Sorunu olmayan bir T\u00fcrkiye\u201d olarak, girece\u011fiz.Irk\u00e7\u0131l\u0131k ilk defa hay\u0131rl\u0131 bir i\u015fe yarayacak.<\/p>\n","protected":false},"excerpt":{"rendered":"<p>Se\u00e7im sonu\u00e7lar\u0131, Akparti\u2019nin \u201cHizmet Siyaseti\u201dne hi\u00e7bir \u015fey demedi. \u201cDurmak yok, yola devam\u201d dedi. Ancak, reyleri d\u00fc\u015ft\u00fc. \u00d6yleyse, soru \u00e7ok basit: \u201cAkparti\u2019nin reyleri neden d\u00fc\u015ft\u00fc?\u201d Cevap \u00e7ok basit\u2026 Nerelerde d\u00fc\u015ft\u00fc\u011f\u00fcne bir bak\u0131n. \u0130\u00e7\u00a0 Anadolu\u2019da d\u00fc\u015ft\u00fc\u2026 Do\u011fu ve G\u00fcneydo\u011fu Anadolu\u2019da d\u00fc\u015ft\u00fc. \u0130\u00e7 Anadolu\u2019da, \u201cT\u00fcrk Milliyet\u00e7ili\u011fi\u201d sebebiyle d\u00fc\u015ft\u00fc. Do\u011fu ve G\u00fcneydo\u011fu Anadolu\u2019da ise \u201cK\u00fcrt Milliyet\u00e7ili\u011fi\u201d sebebiyle d\u00fc\u015ft\u00fc. Tayyip &hellip;<\/p>\n","protected":false},"author":17,"featured_media":48521,"comment_status":"open","ping_status":"open","sticky":false,"template":"","format":"standard","meta":{"om_disable_all_campaigns":false,"_themeisle_gutenberg_block_has_review":false,"_joinchat":[],"footnotes":""},"categories":[53,38,43],"tags":[],"class_list":["post-5781","post","type-post","status-publish","format-standard","has-post-thumbnail","","category-aydin","category-guncel","category-yazarlar"],"_links":{"self":[{"href":"https:\/\/akincilardergisi.com\/tr\/wp-json\/wp\/v2\/posts\/5781","targetHints":{"allow":["GET"]}}],"collection":[{"href":"https:\/\/akincilardergisi.com\/tr\/wp-json\/wp\/v2\/posts"}],"about":[{"href":"https:\/\/akincilardergisi.com\/tr\/wp-json\/wp\/v2\/types\/post"}],"author":[{"embeddable":true,"href":"https:\/\/akincilardergisi.com\/tr\/wp-json\/wp\/v2\/users\/17"}],"replies":[{"embeddable":true,"href":"https:\/\/akincilardergisi.com\/tr\/wp-json\/wp\/v2\/comments?post=5781"}],"version-history":[{"count":0,"href":"https:\/\/akincilardergisi.com\/tr\/wp-json\/wp\/v2\/posts\/5781\/revisions"}],"wp:featuredmedia":[{"embeddable":true,"href":"https:\/\/akincilardergisi.com\/tr\/wp-json\/wp\/v2\/media\/48521"}],"wp:attachment":[{"href":"https:\/\/akincilardergisi.com\/tr\/wp-json\/wp\/v2\/media?parent=5781"}],"wp:term":[{"taxonomy":"category","embeddable":true,"href":"https:\/\/akincilardergisi.com\/tr\/wp-json\/wp\/v2\/categories?post=5781"},{"taxonomy":"post_tag","embeddable":true,"href":"https:\/\/akincilardergisi.com\/tr\/wp-json\/wp\/v2\/tags?post=5781"}],"curies":[{"name":"wp","href":"https:\/\/api.w.org\/{rel}","templated":true}]}}