{"id":5738,"date":"2015-06-05T08:45:34","date_gmt":"2015-06-05T05:45:34","guid":{"rendered":"http:\/\/akincilardergisi.com\/dergi\/?p=5738"},"modified":"2023-11-05T14:05:15","modified_gmt":"2023-11-05T11:05:15","slug":"sen-urursen-ak-kervan-da-yurur","status":"publish","type":"post","link":"https:\/\/akincilardergisi.com\/tr\/sen-urursen-ak-kervan-da-yurur\/","title":{"rendered":"\ufeffSen y\u00fcr\u00fcrsen AK Kervan da y\u00fcr\u00fcr&#8230;"},"content":{"rendered":"<p>Ben y\u00fcr\u00fcrsem, sen y\u00fcr\u00fcrsen T\u00fcrkiye de y\u00fcr\u00fcr!<\/p>\n<p>&nbsp;<\/p>\n<div id=\"content\">\n<p style=\"font-size: 100%\"><span style=\"line-height: 1.6;font-size: 100%\">D\u00fcnya Siyonistleri, Amerika, Avrupa, \u0130srail, onlar\u0131n yerli ve yabanc\u0131 dostlar\u0131, m\u00fcttefikleri, u\u015faklar\u0131 \u00e7atlas\u0131n! T\u00fcrkiye yoluna devam ediyor.<\/span><\/p>\n<p style=\"font-size: 100%\">125 y\u0131l \u00f6nce Abd\u00fclhamit Han\u2019a istibdat\u00e7\u0131, 60 y\u0131l \u00f6nce Menderes\u2019e hilafet\u00e7i, 30 y\u0131l \u00f6nce \u00d6zal\u2019a tarikat\u00e7\u0131, 20 y\u0131l \u00f6nce Erbakan\u2019a \u015feriat\u00e7\u0131 diye kar\u015f\u0131 \u00e7\u0131kan uluslararas\u0131 Siyonist \u00e7eteler ve onlar\u0131n dostlar\u0131 yerli m\u00fcnaf\u0131klara kar\u015f\u0131 millet yine da\u011f gibi g\u00f6\u011fs\u00fcn\u00fc gere gere kendi partisine sahip \u00e7\u0131k\u0131yor.<\/p>\n<p style=\"font-size: 100%\">Tarihte oldu\u011fu gibi bug\u00fcn de Cumhurba\u015fkan\u0131 Tayyip Erdo\u011fan diktat\u00f6r diyerek onu itibars\u0131zla\u015ft\u0131rmak isteyen \u015fer g\u00fc\u00e7lere, i\u00e7teki ahmaklara, hainlere kar\u015f\u0131 halk\u0131m\u0131z uyanm\u0131\u015f durumda, eski T\u00fcrkiye\u2019ye geri d\u00f6nmemek i\u00e7in kime oy verece\u011finin bilincinde.<\/p>\n<p style=\"font-size: 100%\">Bir vatanda\u015f olarak ben de sand\u0131\u011fa sadece bir oy vermek i\u00e7in de\u011fil, bin can\u0131m olsa da u\u011fruna teker teker vermeyi \u015feref bildi\u011fim davam, kavgam, \u00f6l\u00fcms\u00fcz sevdam ve \u00fclkemin gelece\u011fine oy vermek i\u00e7in gidece\u011fim.<\/p>\n<p style=\"font-size: 100%\">Sand\u0131\u011fa sadece bir oy atmaya gitmiyorum, can\u0131mdan, kan\u0131mdan, g\u00f6nl\u00fcmden, kalbimden birer par\u00e7a kopararak karde\u015flerimin m\u00fccadele verdi\u011fi cepheye b\u00fct\u00fcn varl\u0131\u011f\u0131mla siper \u00f6rmeye, siper olmaya gidiyorum.<\/p>\n<p style=\"font-size: 100%\">Benim partim benim davam, benim davam da benim partim de\u011fildir. Ben,\u00a0sand\u0131\u011fa oy vermeye gider gibi gitmiyor, inan\u00e7 ve iman\u0131mla, manevi bir donan\u0131m\u0131mla cephemi, taraf\u0131m\u0131, saf\u0131m\u0131 ilan ve belli etmek i\u00e7in gidiyorum.<\/p>\n<p style=\"font-size: 100%\">Sadece basit bir oy verme i\u015fi de\u011fil benim gidi\u015fim. Y\u00f6n\u00fcm\u00fc, rengimi, neden ve ni\u00e7in, nerede durdu\u011fumu belli etmek i\u00e7in sand\u0131\u011fa gidiyorum.<\/p>\n<p style=\"font-size: 100%\">Bir oy \u015feytana, d\u00fc\u015fmana ve onun siperlerine at\u0131lan bir ta\u015f gibi, onun i\u00e7in bir mavzer gibi dik, bir da\u011f gibi g\u00f6\u011fs\u00fcm\u00fc kabartarak oyumu kullanmaya ve\u00a0taraf olmaya gidiyorum.<\/p>\n<p style=\"font-size: 100%\">Hesap g\u00fcn\u00fc gelince Allah\u0131n davas\u0131 i\u00e7in ald\u0131\u011f\u0131m her nefes, att\u0131\u011f\u0131m her ad\u0131m Rabbimin kat\u0131nda d\u00fc\u015fmana at\u0131lan bir kur\u015fun gibi de\u011ferli oldu\u011funa inan\u0131yorum. Ondan daha iyi, daha g\u00fczel, daha \u00e7al\u0131\u015fkan, daha \u00e7ok g\u00fcven veren, istikrar vadeden bir parti olmad\u0131\u011f\u0131 i\u00e7in hata ve eksiklerine \u00a0ra\u011fmen oyumu AK Partiye veriyorum.<\/p>\n<p style=\"font-size: 100%\">Bu yolda att\u0131\u011f\u0131m her oy, \u00a0her ad\u0131m Hakk\u0131n divan\u0131nda hesap verirken dile gelece\u011fine ve bana \u015fahitlik edece\u011fine inan\u0131yorum.<\/p>\n<p style=\"font-size: 100%\">Allah\u0131n \u00a0adaletinin eninde sonunda bu co\u011frafyada h\u00e2kim olaca\u011f\u0131na, O\u2019na iman eder gibi inan\u0131yor ve davam\u0131, \u00fclkemi, milletimi, t\u00fcm \u0130slam alemini d\u00fc\u015f\u00fcnerek oyumu R.Tayyip Erdo\u011fandan yana kullan\u0131yorum.<\/p>\n<p style=\"font-size: 100%\">Ben oy vermiyor gibi, oy vermiyor gibi oy vermeye gidiyorum. Ben, davam\u0131n yolunda sadece oyumu de\u011fil g\u00f6nl\u00fcm\u00fc, y\u00fcre\u011fimi, gerekirse kan\u0131m\u0131 ve can\u0131m\u0131 verece\u011fimi dosta ve d\u00fc\u015fmana g\u00f6stermek i\u00e7in sand\u0131\u011fa gidiyorum.<\/p>\n<p style=\"font-size: 100%\">B\u00fcy\u00fcyen, geli\u015fen, g\u00fc\u00e7lenen <strong style=\"font-size: 100%\">Yeniden B\u00fcy\u00fck T\u00fcrkiye <\/strong>olma yolunda h\u0131zla ilerleyen T\u00fcrkiye\u2019ye oy vermeye gidiyorum.<\/p>\n<p style=\"font-size: 100%\">Ben gidiyorsam, sen gidiyorsan, onlar gidiyorsa art\u0131k bu teker kalmaz t\u00fcmsekte\u2026 \u2018\u2019Yar\u0131n elbet bizim, elbet bizimdir\u2019\u2019\/\u2019\u2019G\u00fcn do\u011fmu\u015f g\u00fcn batm\u0131\u015f ebed bizimdir\u2019\u2019.N.F.K<\/p>\n<p style=\"font-size: 100%\">Sen y\u00fcr\u00fcrsen, ben y\u00fcr\u00fcrsem, o y\u00fcr\u00fcrse, biz y\u00fcr\u00fcrsek Washington\u2019dan, Tel Aviv\u2019den, Paris\u2019ten, Londra\u2019dan itler bo\u015fu bo\u015funa \u00fcr\u00fcr. Ve Allah\u0131n izniyle bu AK Kervan yar\u0131 yolda kalmaz, T\u00fcrkiye hedefine do\u011fru y\u00fcr\u00fcr!<\/p>\n<p style=\"font-size: 100%\"><strong style=\"font-size: 100%\">Arif Altunba\u015f \/<\/strong><a style=\"font-size: 100%\" href=\"http:\/\/www.haber7.com\/\" target=\"_blank\" rel=\"noopener\"><strong style=\"font-size: 100%\">Haber<\/strong><\/a><strong style=\"font-size: 100%\">7<br style=\"font-size: 100%\" \/> Facebook; arifaltunbas@hotmail.com<br style=\"font-size: 100%\" \/> Twitter @arfaltunbas<\/strong><\/p>\n<p style=\"font-size: 100%\">\n<\/div>\n<p>&nbsp;<\/p>\n","protected":false},"excerpt":{"rendered":"<p>Ben y\u00fcr\u00fcrsem, sen y\u00fcr\u00fcrsen T\u00fcrkiye de y\u00fcr\u00fcr! &nbsp; D\u00fcnya Siyonistleri, Amerika, Avrupa, \u0130srail, onlar\u0131n yerli ve yabanc\u0131 dostlar\u0131, m\u00fcttefikleri, u\u015faklar\u0131 \u00e7atlas\u0131n! T\u00fcrkiye yoluna devam ediyor. 125 y\u0131l \u00f6nce Abd\u00fclhamit Han\u2019a istibdat\u00e7\u0131, 60 y\u0131l \u00f6nce Menderes\u2019e hilafet\u00e7i, 30 y\u0131l \u00f6nce \u00d6zal\u2019a tarikat\u00e7\u0131, 20 y\u0131l \u00f6nce Erbakan\u2019a \u015feriat\u00e7\u0131 diye kar\u015f\u0131 \u00e7\u0131kan uluslararas\u0131 Siyonist \u00e7eteler ve onlar\u0131n dostlar\u0131 &hellip;<\/p>\n","protected":false},"author":2,"featured_media":48521,"comment_status":"open","ping_status":"open","sticky":false,"template":"","format":"standard","meta":{"om_disable_all_campaigns":false,"_themeisle_gutenberg_block_has_review":false,"_joinchat":[],"footnotes":""},"categories":[49,38,43],"tags":[],"class_list":["post-5738","post","type-post","status-publish","format-standard","has-post-thumbnail","","category-arif","category-guncel","category-yazarlar"],"_links":{"self":[{"href":"https:\/\/akincilardergisi.com\/tr\/wp-json\/wp\/v2\/posts\/5738","targetHints":{"allow":["GET"]}}],"collection":[{"href":"https:\/\/akincilardergisi.com\/tr\/wp-json\/wp\/v2\/posts"}],"about":[{"href":"https:\/\/akincilardergisi.com\/tr\/wp-json\/wp\/v2\/types\/post"}],"author":[{"embeddable":true,"href":"https:\/\/akincilardergisi.com\/tr\/wp-json\/wp\/v2\/users\/2"}],"replies":[{"embeddable":true,"href":"https:\/\/akincilardergisi.com\/tr\/wp-json\/wp\/v2\/comments?post=5738"}],"version-history":[{"count":0,"href":"https:\/\/akincilardergisi.com\/tr\/wp-json\/wp\/v2\/posts\/5738\/revisions"}],"wp:featuredmedia":[{"embeddable":true,"href":"https:\/\/akincilardergisi.com\/tr\/wp-json\/wp\/v2\/media\/48521"}],"wp:attachment":[{"href":"https:\/\/akincilardergisi.com\/tr\/wp-json\/wp\/v2\/media?parent=5738"}],"wp:term":[{"taxonomy":"category","embeddable":true,"href":"https:\/\/akincilardergisi.com\/tr\/wp-json\/wp\/v2\/categories?post=5738"},{"taxonomy":"post_tag","embeddable":true,"href":"https:\/\/akincilardergisi.com\/tr\/wp-json\/wp\/v2\/tags?post=5738"}],"curies":[{"name":"wp","href":"https:\/\/api.w.org\/{rel}","templated":true}]}}