{"id":5641,"date":"2015-06-01T10:59:33","date_gmt":"2015-06-01T07:59:33","guid":{"rendered":"http:\/\/akincilardergisi.com\/dergi\/?p=5641"},"modified":"2023-11-05T14:05:15","modified_gmt":"2023-11-05T11:05:15","slug":"cumhur-baskanimizin-vasiyeti","status":"publish","type":"post","link":"https:\/\/akincilardergisi.com\/tr\/cumhur-baskanimizin-vasiyeti\/","title":{"rendered":"CUMHUR BA\u015eKANIMIZIN VAS\u0130YET\u0130"},"content":{"rendered":"<p>OSMANLILARLA \u0130NG\u0130L\u0130ZLER ARASINDAK\u0130 IRAK CEPHES\u0130NDE YAPILAN SAVA\u015eTA ES\u0130R D\u00dc\u015eEN OSMANLILAR, \u00d6NCE PAK\u0130STAN KARA\u00c7\u0130YE, ORADAN DA H\u0130NDSTANIN \u0130\u00c7LER\u0130NE, ORADAN DA ARAKAN&#8217; A G\u00d6T\u00dcR\u00dcL\u00dcRLER VE\u00a0 B\u0130NLERCE ES\u0130R VATANIMIZDAN \u00c7OK UZAKTA ORADA CAN VER\u0130RLER.<\/p>\n<p>ONLARDAN B\u0130R\u0130 DE MAN\u0130SALI OSMANO\u011eLU MUHAMMETT\u0130R. 92 YIL \u00d6NCE VER\u0130LEN B\u0130R SAVA\u015eTAN SONRA BU MEZARLAR AK PART\u0130 \u0130KT\u0130DARINDA BULUNUR VE \u015eEH\u0130TL\u0130K OLARAK\u00a0 \u0130HYA ED\u0130L\u0130R.<\/p>\n<p>YAZAR S\u0130BEL ASLAN MAN\u0130SALI OSMANO\u011eLU MUHAMMED\u0130N MEZARINDAN GET\u0130RD\u0130\u011e\u0130 TOPRA\u011eI CUMHURBA\u015eKANI RECEP TAYY\u0130P ERDO\u011eANA &#8221;DOSTLARLA BULU\u015eMA TOPLANTISINDA&#8221;\u00a0HED\u0130YE ETT\u0130. O DA GET\u0130R\u0130LEN O TOPRA\u011eI &#8221;BEN \u00d6L\u00dcNCE MEZARIMA BU TOPRAKLA B\u0130RL\u0130KTE G\u00d6M\u00dcN&#8221; D\u0130YE EVLATLARINA, HANIMINA VE ARKADA\u015eLARINA 31.05 2015 G\u00dcN\u00dc HAL\u0130\u00c7 KONGRE MERKEZ\u0130NDE VAS\u0130YET ETT\u0130\u00a0.<\/p>\n<p>B\u0130R MAN\u0130SALI OLARAK BEN DE O TOPLANTIDA \u0130D\u0130M.\u00a0G\u00d6ZLER\u0130M, KULAKLARIM VE B\u00dcT\u00dcN H\u0130SS\u0130YATIMLA BU OLAYA\u00a0\u015eAH\u0130TL\u0130K ETT\u0130M.B\u0130LM\u0130YORUM BELK\u0130 OSMANO\u011eLU MUHAMMET BEN\u0130M TANIDIK VEYA AKRABALARIMDAN B\u0130R\u0130 \u0130D\u0130. O \u00c7OKTA \u00d6NEML\u0130 DE\u011e\u0130L.. \u00d6NEML\u0130 OLAN MEMLEKET\u0130MDEN, MAN\u0130SALI B\u0130R \u015eEH\u0130T OLMASI \u0130D\u0130.<\/p>\n<p>ALLAH YOLUNDA SAVA\u015eMI\u015e VE ES\u0130R D\u00dc\u015eM\u00dc\u015e YABANCI D\u0130YARLARA G\u00d6M\u00dcLM\u00dc\u015e T\u00dcM \u015eEH\u0130TLERE VE YAKINLARINA ALLAH RAHMET ETS\u0130N!.<\/p>\n<p>HEPS\u0130N\u0130N RUHLARI \u015eAD MEKANLARI CENNET OLSUN!<\/p>\n<p>ALLAH HAK VE HAK\u0130KAT YOLUNDA M\u00dcCADELE EDEN, DO\u011eRULARIN YAR VE YARDIMCISI OLSUN!<\/p>\n<p>&nbsp;<\/p>\n<p>AR\u0130F ALTUNBA\u015e<\/p>\n<p>&nbsp;<\/p>\n","protected":false},"excerpt":{"rendered":"<p>OSMANLILARLA \u0130NG\u0130L\u0130ZLER ARASINDAK\u0130 IRAK CEPHES\u0130NDE YAPILAN SAVA\u015eTA ES\u0130R D\u00dc\u015eEN OSMANLILAR, \u00d6NCE PAK\u0130STAN KARA\u00c7\u0130YE, ORADAN DA H\u0130NDSTANIN \u0130\u00c7LER\u0130NE, ORADAN DA ARAKAN&#8217; A G\u00d6T\u00dcR\u00dcL\u00dcRLER VE\u00a0 B\u0130NLERCE ES\u0130R VATANIMIZDAN \u00c7OK UZAKTA ORADA CAN VER\u0130RLER. ONLARDAN B\u0130R\u0130 DE MAN\u0130SALI OSMANO\u011eLU MUHAMMETT\u0130R. 92 YIL \u00d6NCE VER\u0130LEN B\u0130R SAVA\u015eTAN SONRA BU MEZARLAR AK PART\u0130 \u0130KT\u0130DARINDA BULUNUR VE \u015eEH\u0130TL\u0130K OLARAK\u00a0 \u0130HYA ED\u0130L\u0130R. &hellip;<\/p>\n","protected":false},"author":2,"featured_media":48521,"comment_status":"open","ping_status":"open","sticky":false,"template":"","format":"standard","meta":{"om_disable_all_campaigns":false,"_themeisle_gutenberg_block_has_review":false,"_joinchat":[],"footnotes":""},"categories":[49,1,43],"tags":[],"class_list":["post-5641","post","type-post","status-publish","format-standard","has-post-thumbnail","","category-arif","category-genel","category-yazarlar"],"_links":{"self":[{"href":"https:\/\/akincilardergisi.com\/tr\/wp-json\/wp\/v2\/posts\/5641","targetHints":{"allow":["GET"]}}],"collection":[{"href":"https:\/\/akincilardergisi.com\/tr\/wp-json\/wp\/v2\/posts"}],"about":[{"href":"https:\/\/akincilardergisi.com\/tr\/wp-json\/wp\/v2\/types\/post"}],"author":[{"embeddable":true,"href":"https:\/\/akincilardergisi.com\/tr\/wp-json\/wp\/v2\/users\/2"}],"replies":[{"embeddable":true,"href":"https:\/\/akincilardergisi.com\/tr\/wp-json\/wp\/v2\/comments?post=5641"}],"version-history":[{"count":0,"href":"https:\/\/akincilardergisi.com\/tr\/wp-json\/wp\/v2\/posts\/5641\/revisions"}],"wp:featuredmedia":[{"embeddable":true,"href":"https:\/\/akincilardergisi.com\/tr\/wp-json\/wp\/v2\/media\/48521"}],"wp:attachment":[{"href":"https:\/\/akincilardergisi.com\/tr\/wp-json\/wp\/v2\/media?parent=5641"}],"wp:term":[{"taxonomy":"category","embeddable":true,"href":"https:\/\/akincilardergisi.com\/tr\/wp-json\/wp\/v2\/categories?post=5641"},{"taxonomy":"post_tag","embeddable":true,"href":"https:\/\/akincilardergisi.com\/tr\/wp-json\/wp\/v2\/tags?post=5641"}],"curies":[{"name":"wp","href":"https:\/\/api.w.org\/{rel}","templated":true}]}}