{"id":5588,"date":"2015-05-29T16:21:41","date_gmt":"2015-05-29T13:21:41","guid":{"rendered":"http:\/\/akincilardergisi.com\/dergi\/?p=5588"},"modified":"2023-11-05T14:05:15","modified_gmt":"2023-11-05T11:05:15","slug":"chp-mhp-hdp-ve-kirli-koalisyon","status":"publish","type":"post","link":"https:\/\/akincilardergisi.com\/tr\/chp-mhp-hdp-ve-kirli-koalisyon\/","title":{"rendered":"CHP-MHP-HDP ve kirli koalisyon"},"content":{"rendered":"<p><span class=\"columnist\">\u00a0<\/span><\/p>\n<div id=\"content\">\n<div class=\"ads x300_250\" style=\"font-size: 100%\">\n<div id=\"dfp-haberici\" style=\"font-size: 100%\">\n<div id=\"google_ads_iframe_\/337185191\/Haber7_haberici_300x250_0__container__\" style=\"border: 0pt currentColor\"><\/div>\n<\/div>\n<\/div>\n<p style=\"font-size: 100%\">Bu se\u00e7im, se\u00e7im olmaktan \u00e7\u0131kt\u0131. Kimin daha fazla bol keseden atma ve oyunu \u00e7o\u011faltma yar\u0131\u015f\u0131na d\u00f6nd\u00fc.<\/p>\n<p style=\"font-size: 100%\"><span style=\"line-height: 1.6;font-size: 100%\">\u00a0T\u00fcm muhalefet nas\u0131l olur da AK Parti oylar\u0131n\u0131 azaltabilirim, tekrar iktidar olmas\u0131n\u0131 engelleyebilirim sava\u015f\u0131n\u0131 veriyor.<\/span><\/p>\n<p style=\"font-size: 100%\">Kurulu\u015fundan bu yana din ve dindarlar ile u\u011fra\u015fan CHP\u2019nin lideri Ramazan ve Kurban Bayramlar\u0131nda \u00e7al\u0131\u015fanlara birer maa\u015f ikramiye vaat edip AK Parti taban\u0131n\u0131 olu\u015fturan muhafazak\u00e2rlar\u0131n oyunu alma \u00e7abas\u0131 bir \u015fark kurnazl\u0131\u011f\u0131 m\u0131, CHP dindarl\u0131\u011f\u0131(!) m\u0131, din bezirg\u00e2nl\u0131\u011f\u0131 m\u0131 onu sand\u0131kta g\u00f6rece\u011fiz.<\/p>\n<p style=\"font-size: 100%\">Neden 19 May\u0131s ve Cumhuriyet Bayram\u0131 veya ba\u015fka tatillerde de\u011fil de Ramazan ve Kurbanda bayramlar\u0131nda bu ikramiyeleri da\u011f\u0131taca\u011f\u0131n\u0131 vaat ediyor K\u0131l\u0131\u00e7daro\u011flu? Y\u0131llarca islam d\u00fc\u015fmanl\u0131\u011f\u0131 yapmakla mal\u00fcl bir partinin din s\u00f6m\u00fcr\u00fcc\u00fcl\u00fc\u011f\u00fc ve dini siyasete alet etmesi CHP klasiklerinden birisi oldu\u011fu i\u00e7in mi?<\/p>\n<p style=\"font-size: 100%\">Sanki bu millet aptal. Sanki bu milletin haf\u0131zas\u0131 yitirdi, sanki bu milletin akl\u0131 ve iradesi yeniden formatland\u0131. Desteksiz bol keseden atmakla milleti kand\u0131racaklar\u0131n\u0131 san\u0131yorlar.<\/p>\n<p style=\"font-size: 100%\">Se\u00e7im de\u011fil, a\u00e7\u0131k artt\u0131rma ve g\u00f6z boyama de\u011fil, adeta milletle dalga ge\u00e7me, milleti aptal yerine koyma yar\u0131\u015f\u0131 bu.<\/p>\n<p style=\"font-size: 100%\">\u2026<\/p>\n<p style=\"font-size: 100%\">Ba\u015fka bir parti lideri -\u015feyh efendi- de \u2018\u20195000 lira asgari \u00fccret verece\u011fim\u2019\u2019 diye ba\u011f\u0131r\u0131yor. Bol kep\u00e7e Haydariyi g\u00f6ren bir Rus\u2019a da TV reklam\u0131nda \u00a0\u2018\u2019Ne mutlu T\u00fcrk\u00fcm diyene\u2019\u2019\u00a0 dedirtiyorlar. Sarho\u015f kutup ay\u0131lar\u0131 bile meseleyi anlam\u0131\u015fta <a class=\"link_keywords\" style=\"font-size: 100%\" title=\"Haber\" href=\"http:\/\/www.haber7.com\/\" target=\"_blank\" rel=\"noopener\">haber<\/a>imiz yok.<\/p>\n<p style=\"font-size: 100%\">Be\u015f bin lira asgari \u00fccrete i\u015fveren katk\u0131s\u0131n\u0131 ve giderlerini de eklerseniz bir \u00e7al\u0131\u015fan i\u015fverene en az 7500 liraya mal olur. Ko\u00e7 mu, Sabanc\u0131 m\u0131, OYAK m\u0131 peki, ka\u00e7 i\u015fveren, ka\u00e7 ay i\u015fletmesini bu maa\u015fla devam ettirebilir? Alt\u0131 ay ge\u00e7meden o devlet Yunanistandan beter olur ve iflas\u0131n\u0131 etmek zorunda kal\u0131r.<\/p>\n<p style=\"font-size: 100%\">Asgari \u00fccret Almanyada, Fransa ve \u0130ngiltere de bile 5000 lira kar\u015f\u0131l\u0131\u011f\u0131 Avro de\u011fil. Peki, bizde nas\u0131l olacak? Bu Kemalist Tarikat \u015feyhine yak\u0131n m\u00fcritler neden \u2018\u2019Atma Haydar din karde\u015fiz\u2019\u2019 demiyorlar acaba?<\/p>\n<p style=\"font-size: 100%\">Bir \u00fclkede dindar liderler bile yalan s\u00f6yl\u00fcyor, milleti alavere dalavere ile aldat\u0131yor ise vay onlar\u0131n pe\u015finde gidenlerin haline ve vay o \u00fclkenin ba\u015f\u0131na geleceklere!<\/p>\n<p style=\"font-size: 100%\">\u2026<\/p>\n<p style=\"font-size: 100%\">Se\u00e7im baraj\u0131n\u0131 ge\u00e7meleri binde bir ihtimal bile olmayan BBP ve SP \u2018nin koalisyon kurarak meydanlarda bu \u015fer Koalisyonuna dolayl\u0131 da olsa katk\u0131 sunmas\u0131 \u00fclkemiz, gelece\u011fimiz ve M\u00fcsl\u00fcmanlar ad\u0131na \u00e7ok d\u00fc\u015f\u00fcnd\u00fcr\u00fcc\u00fc, \u00fcz\u00fcc\u00fc ve hatta onlar a\u00e7\u0131s\u0131ndan utan\u00e7 verici ve veballi bir durum.<\/p>\n<p style=\"font-size: 100%\">Ne yapmak istiyor bu insanlar? Ama\u00e7, bir partiyi iktidar etmek mi, M\u00fcsl\u00fcmanlar olarak birlikte ortak de\u011ferlerimizi y\u00fcceltmek ve y\u00fckseltmek mi? \u0130slam ve islam\u0131n gelece\u011fi i\u00e7in \u00e7al\u0131\u015fmak ne zamandan beri particilik ve Hizip\u00e7ilik k\u0131l\u0131f\u0131na b\u00fcr\u00fcnd\u00fc.<\/p>\n<p style=\"font-size: 100%\">K\u0131rk y\u0131ld\u0131r bir\u00e7ok samimi insan\u0131n pe\u015finden gitti\u011fi, gen\u00e7li\u011fini, \u00f6mr\u00fcn\u00fc bu yolda dava diye harcad\u0131\u011f\u0131 bu partilerin d\u00fc\u015ft\u00fc\u011f\u00fc duruma bak\u0131n. \u015eimdi mirasyedilerin elinde oyuncak olmu\u015f adeta akl\u0131m\u0131z ve inanc\u0131m\u0131zla alay ediyorlar.<\/p>\n<p style=\"font-size: 100%\">\u2026<\/p>\n<p style=\"font-size: 100%\">T\u00fcrk Kemalizmi, ulusalc\u0131l\u0131\u011f\u0131 ve \u0131rk\u00e7\u0131l\u0131\u011f\u0131 bu topraklar da nas\u0131l ciddi bir taban bulmad\u0131 ise, K\u00fcrt Kemalizmi olan( Apoculuk, K\u00fcrt ulusalc\u0131l\u0131\u011f\u0131 ve \u0131rk\u00e7\u0131l\u0131\u011f\u0131 da) bu topraklarda ciddi bir taban bulamayacakt\u0131r. \u0130slami toplumlarda bu tip cahili, paradoksal, k\u00f6r g\u00f6r\u00fc\u015f ve d\u00fc\u015f\u00fcncelere zaten itibar edilmez.<\/p>\n<p style=\"font-size: 100%\">M\u00fcsl\u00fcman yery\u00fcz\u00fcn\u00fc karde\u015f bilen bir d\u00fcnya g\u00f6r\u00fc\u015f\u00fcn\u00fcn sahibidir. \u0130nsanlar\u0131 \u0131rklara, s\u0131n\u0131flara, kaslara ay\u0131ran dar ve k\u00f6r g\u00f6r\u00fc\u015flerin mensubu olamaz.<\/p>\n<p style=\"font-size: 100%\">7 Haziran se\u00e7imleri akl\u0131selimin, mant\u0131\u011f\u0131n, T\u00fcrkiye ger\u00e7eklerinin ve gelece\u011finin se\u00e7imi ile BDP, CHP, MHP, SP, Paralelciler ve di\u011fer teferruatlar\u0131yla birlikte d\u0131\u015f g\u00fc\u00e7lerle omuz omuza Kirli Koalisyon kuranlar\u0131n aras\u0131nda ge\u00e7ecektir.<\/p>\n<p style=\"font-size: 100%\">Her ne pahas\u0131na olursa olsun milletin iktidara getirdi\u011fi AK Partiyi devirmek, milletin iradesine darbe vurmak ve darbe yapmak demektir. Milletimiz bunun \u015fuurunda ve sand\u0131kta da gere\u011fini yapacakt\u0131r.<\/p>\n<p style=\"font-size: 100%\">B\u00fct\u00fcn bu hesaplar\u0131n \u00fcst\u00fcnde her zaman oldu\u011fu ve her zaman olaca\u011f\u0131 gibi yine Allah\u0131n cc hesab\u0131n\u0131n b\u00fct\u00fcn hesaplara \u00fcst\u00fcn gelece\u011fini g\u00f6rece\u011fiz. LA GAL\u0130BE \u0130LLALLAH!<\/p>\n<p style=\"font-size: 100%\"><strong style=\"font-size: 100%\">Arif Altunba\u015f \/<\/strong><a style=\"font-size: 100%\" href=\"http:\/\/www.haber7.com\/\" target=\"_blank\" rel=\"noopener\"><strong style=\"font-size: 100%\">Haber<\/strong><\/a><strong style=\"font-size: 100%\">7<br style=\"font-size: 100%\" \/> Facebook; arifaltunbas@hotmail.com<br style=\"font-size: 100%\" \/> Twitter @arfaltunbas<\/strong><\/p>\n<\/div>\n","protected":false},"excerpt":{"rendered":"<p>\u00a0 Bu se\u00e7im, se\u00e7im olmaktan \u00e7\u0131kt\u0131. Kimin daha fazla bol keseden atma ve oyunu \u00e7o\u011faltma yar\u0131\u015f\u0131na d\u00f6nd\u00fc. \u00a0T\u00fcm muhalefet nas\u0131l olur da AK Parti oylar\u0131n\u0131 azaltabilirim, tekrar iktidar olmas\u0131n\u0131 engelleyebilirim sava\u015f\u0131n\u0131 veriyor. Kurulu\u015fundan bu yana din ve dindarlar ile u\u011fra\u015fan CHP\u2019nin lideri Ramazan ve Kurban Bayramlar\u0131nda \u00e7al\u0131\u015fanlara birer maa\u015f ikramiye vaat edip AK Parti taban\u0131n\u0131 &hellip;<\/p>\n","protected":false},"author":2,"featured_media":48521,"comment_status":"open","ping_status":"open","sticky":false,"template":"","format":"standard","meta":{"om_disable_all_campaigns":false,"_themeisle_gutenberg_block_has_review":false,"_joinchat":[],"footnotes":""},"categories":[49,38,43],"tags":[],"class_list":["post-5588","post","type-post","status-publish","format-standard","has-post-thumbnail","","category-arif","category-guncel","category-yazarlar"],"_links":{"self":[{"href":"https:\/\/akincilardergisi.com\/tr\/wp-json\/wp\/v2\/posts\/5588","targetHints":{"allow":["GET"]}}],"collection":[{"href":"https:\/\/akincilardergisi.com\/tr\/wp-json\/wp\/v2\/posts"}],"about":[{"href":"https:\/\/akincilardergisi.com\/tr\/wp-json\/wp\/v2\/types\/post"}],"author":[{"embeddable":true,"href":"https:\/\/akincilardergisi.com\/tr\/wp-json\/wp\/v2\/users\/2"}],"replies":[{"embeddable":true,"href":"https:\/\/akincilardergisi.com\/tr\/wp-json\/wp\/v2\/comments?post=5588"}],"version-history":[{"count":0,"href":"https:\/\/akincilardergisi.com\/tr\/wp-json\/wp\/v2\/posts\/5588\/revisions"}],"wp:featuredmedia":[{"embeddable":true,"href":"https:\/\/akincilardergisi.com\/tr\/wp-json\/wp\/v2\/media\/48521"}],"wp:attachment":[{"href":"https:\/\/akincilardergisi.com\/tr\/wp-json\/wp\/v2\/media?parent=5588"}],"wp:term":[{"taxonomy":"category","embeddable":true,"href":"https:\/\/akincilardergisi.com\/tr\/wp-json\/wp\/v2\/categories?post=5588"},{"taxonomy":"post_tag","embeddable":true,"href":"https:\/\/akincilardergisi.com\/tr\/wp-json\/wp\/v2\/tags?post=5588"}],"curies":[{"name":"wp","href":"https:\/\/api.w.org\/{rel}","templated":true}]}}