{"id":5563,"date":"2015-05-29T08:36:29","date_gmt":"2015-05-29T05:36:29","guid":{"rendered":"http:\/\/akincilardergisi.com\/dergi\/?p=5563"},"modified":"2023-11-05T14:05:15","modified_gmt":"2023-11-05T11:05:15","slug":"fethin-562-yilinda","status":"publish","type":"post","link":"https:\/\/akincilardergisi.com\/tr\/fethin-562-yilinda\/","title":{"rendered":"FETH\u0130N 562. YILINDA"},"content":{"rendered":"<p>&nbsp;<\/p>\n<h2><span style=\"color: #333399\">Kostantinepolis 562 y\u0131ld\u0131r \u0130stanbul&#8217;dur ve ilelebet \u0130stanbul olarakta kalacakt\u0131r. <\/span><\/h2>\n<h2><span style=\"color: #333399\">O zamandan beri <\/span><span style=\"color: #333399\">Bizans&#8217;\u0131n \u00e7ocuklar\u0131na kar\u015f\u0131 verdi\u011fimiz m\u00fccadele bu g\u00fcn de ayn\u0131<\/span><\/h2>\n<h2><span style=\"color: #333399\"> h\u0131z\u0131yla Bat\u0131 medeniyeti ve \u0130slam <\/span><span style=\"color: #333399\">medeniyetinin kavgas\u0131 zemininde Hak ve bat\u0131l <\/span><\/h2>\n<h2><span style=\"color: #333399\">m\u00fccadelesi olarak devam ediyor. <\/span><\/h2>\n<p>&nbsp;<\/p>\n<h2><span style=\"color: #333399\">Bu m\u00fccadele Hz. \u0130brahim&#8217;in yan\u0131nda\u00a0 Nemrud&#8217;a, Hz. Musa&#8217;n\u0131n saf\u0131nda Firavun&#8217;a, <\/span><\/h2>\n<h2><span style=\"color: #333399\">Hz. <\/span><span style=\"color: #333399\">Muhammed&#8217;in sav cephesinde Ebu Cehil&#8217;e ve \u00e7a\u011fda\u015f cahiliyenin t\u00fcm\u00fcne kar\u015f\u0131 <\/span><\/h2>\n<h2><span style=\"color: #333399\">inan\u00e7 ve <\/span><span style=\"color: #333399\">akidemizyolunda yapt\u0131\u011f\u0131m\u0131z bir varolu\u015f sava\u015f\u0131d\u0131r.<\/span><\/h2>\n<p>&nbsp;<\/p>\n<h2><span style=\"color: #333399\">Horasan erlerinin ve erenlerinin \u00e7ocuklar\u0131 olarak biz var olduk\u00e7a bu sava\u015fta bizimle<\/span><\/h2>\n<h2><span style=\"color: #333399\"> birlikte var <\/span><span style=\"color: #333399\">olacakt\u0131r. Alpaslan&#8217;\u0131n Dijojen&#8217;e, K\u0131l\u0131\u00e7aslan\u0131n Ha\u00e7l\u0131 ordular\u0131na,Fatih&#8217;in <\/span><\/h2>\n<h2><span style=\"color: #333399\">Bizans&#8217;a, Kanuni&#8217;nin <\/span><span style=\"color: #333399\">bat\u0131ya, Abd\u00fclhamit Han&#8217;\u0131n Siyonizme kar\u015f\u0131 verdi\u011fi m\u00fccadelenin<\/span><\/h2>\n<h2><span style=\"color: #333399\"> devam\u0131 ve Hizbullah&#8217;\u0131n <\/span><span style=\"color: #333399\">Hizbu\u015f\u015feytan&#8217;a kar\u015f\u0131 olan sava\u015f\u0131d\u0131r bu. <\/span><\/h2>\n<p>&nbsp;<\/p>\n<h2><span style=\"color: #333399\">Fethin 562. y\u0131l\u0131nda bu sava\u015fta ben de var\u0131m diyen herkesi kutluyorum. Gazan\u0131z ve <\/span><\/h2>\n<h2><span style=\"color: #333399\">Fethiniz <\/span><span style=\"color: #333399\">m\u00fcbarek, Allah yar ve yard\u0131mc\u0131n\u0131z olsun!<\/span><\/h2>\n","protected":false},"excerpt":{"rendered":"<p>&nbsp; Kostantinepolis 562 y\u0131ld\u0131r \u0130stanbul&#8217;dur ve ilelebet \u0130stanbul olarakta kalacakt\u0131r. O zamandan beri Bizans&#8217;\u0131n \u00e7ocuklar\u0131na kar\u015f\u0131 verdi\u011fimiz m\u00fccadele bu g\u00fcn de ayn\u0131 h\u0131z\u0131yla Bat\u0131 medeniyeti ve \u0130slam medeniyetinin kavgas\u0131 zemininde Hak ve bat\u0131l m\u00fccadelesi olarak devam ediyor. &nbsp; Bu m\u00fccadele Hz. \u0130brahim&#8217;in yan\u0131nda\u00a0 Nemrud&#8217;a, Hz. Musa&#8217;n\u0131n saf\u0131nda Firavun&#8217;a, Hz. Muhammed&#8217;in sav cephesinde Ebu Cehil&#8217;e ve &hellip;<\/p>\n","protected":false},"author":2,"featured_media":48521,"comment_status":"open","ping_status":"open","sticky":false,"template":"","format":"standard","meta":{"om_disable_all_campaigns":false,"_themeisle_gutenberg_block_has_review":false,"_joinchat":[],"footnotes":""},"categories":[49,38,43],"tags":[],"class_list":["post-5563","post","type-post","status-publish","format-standard","has-post-thumbnail","","category-arif","category-guncel","category-yazarlar"],"_links":{"self":[{"href":"https:\/\/akincilardergisi.com\/tr\/wp-json\/wp\/v2\/posts\/5563","targetHints":{"allow":["GET"]}}],"collection":[{"href":"https:\/\/akincilardergisi.com\/tr\/wp-json\/wp\/v2\/posts"}],"about":[{"href":"https:\/\/akincilardergisi.com\/tr\/wp-json\/wp\/v2\/types\/post"}],"author":[{"embeddable":true,"href":"https:\/\/akincilardergisi.com\/tr\/wp-json\/wp\/v2\/users\/2"}],"replies":[{"embeddable":true,"href":"https:\/\/akincilardergisi.com\/tr\/wp-json\/wp\/v2\/comments?post=5563"}],"version-history":[{"count":0,"href":"https:\/\/akincilardergisi.com\/tr\/wp-json\/wp\/v2\/posts\/5563\/revisions"}],"wp:featuredmedia":[{"embeddable":true,"href":"https:\/\/akincilardergisi.com\/tr\/wp-json\/wp\/v2\/media\/48521"}],"wp:attachment":[{"href":"https:\/\/akincilardergisi.com\/tr\/wp-json\/wp\/v2\/media?parent=5563"}],"wp:term":[{"taxonomy":"category","embeddable":true,"href":"https:\/\/akincilardergisi.com\/tr\/wp-json\/wp\/v2\/categories?post=5563"},{"taxonomy":"post_tag","embeddable":true,"href":"https:\/\/akincilardergisi.com\/tr\/wp-json\/wp\/v2\/tags?post=5563"}],"curies":[{"name":"wp","href":"https:\/\/api.w.org\/{rel}","templated":true}]}}