{"id":5554,"date":"2015-05-29T07:06:43","date_gmt":"2015-05-29T04:06:43","guid":{"rendered":"http:\/\/akincilardergisi.com\/dergi\/?p=5554"},"modified":"2023-11-04T20:12:24","modified_gmt":"2023-11-04T17:12:24","slug":"zorunlu-din-bilgisi-dersleri-karsitligi-ne-anlama-gelir","status":"publish","type":"post","link":"https:\/\/akincilardergisi.com\/tr\/zorunlu-din-bilgisi-dersleri-karsitligi-ne-anlama-gelir\/","title":{"rendered":"ZORUNLU D\u0130N B\u0130LG\u0130S\u0130 DERSLER\u0130 KAR\u015eITLI\u011eI NE ANLAMA GEL\u0130R?"},"content":{"rendered":"<p>1982 Anayasas\u0131na g\u00f6re Dinbilgisi dersleri zorunlu. Her T\u00fcrk Vatanda\u015f\u0131 bu derslere girmek ve bu dersleri almak zorunda.Bu da birilerinin ve bir tak\u0131m \u00e7evrelerin ho\u015funa gitmiyor.<\/p>\n<p>Bu ho\u015fnutsuzlu\u011fu inceleyelim:<\/p>\n<p>\u015euradan ba\u015flayal\u0131m: Siz, T\u00fcrkiye Cumhuriyeti vatanda\u015f\u0131 de\u011filsiniz. Siz, E\u011fer, T\u00fcrkiye\u2019ye gelmek ve burada bir s\u00fcre ya\u015famak istiyorsan\u0131z: Akl\u0131n\u0131z da varsa, T\u00fcrkiye\u2019de ya\u015fayan insanlar\u0131n insanl\u0131k de\u011ferlerini \u00f6\u011frenirsiniz. Bunu, kendiniz i\u00e7in yapars\u0131n\u0131z. \u00c7\u00fcnk\u00fc, olur ya, burada ya\u015fad\u0131\u011f\u0131n\u0131z s\u00fcrece bir halt edersiniz ve hi\u00e7 istemedi\u011finiz halde ba\u015f\u0131n\u0131z belaya girer. Bu y\u00fczden \u00f6\u011frenirsiniz. Yoksa, inanmak veya inanmamak yine senin meselendir.<\/p>\n<p>Siz T\u00fcrkiye Cumhuriyeti vatanda\u015f\u0131n\u0131z: Siz, her ne kadar zorunlu Dinbilgisi dersi almad\u0131n\u0131z ama, sonu\u00e7ta bu toplum i\u00e7inde b\u00fcy\u00fcd\u00fcn\u00fcz ve bir \u015fekilde bu \u201cdersi\u201d ald\u0131n\u0131z. Minareden gelen sesin ezan, Camiye gidenlerin oraya ibadet maksatl\u0131 girdiklerini biliyorsunuz. Keza, birisini namaz k\u0131larken g\u00f6rd\u00fc\u011f\u00fcn\u00fczde onun namaz k\u0131ld\u0131\u011f\u0131n\u0131 da biliyorsunuz. Ba\u015f\u0131n\u0131 \u00f6rten kad\u0131nlar\u0131n, bunu, \u201cdin sebebiyle\u201d \u00f6rtt\u00fcklerini de biliyorsunuz. Biliyorsunuz derken, k\u00f6r olmad\u0131\u011f\u0131n\u0131za ve aptal olmad\u0131\u011f\u0131n\u0131za inanarak bunlar\u0131 s\u00f6yl\u00fcyorum. Yoksa, k\u00f6rs\u00fcn\u00fczd\u00fcr veya aptals\u0131n\u0131zd\u0131r: Bunlar\u0131 elbette okulsuz bilemezsiniz.<\/p>\n<p>Memleketimizi istila etmek isteyen d\u00fc\u015fmanlar\u0131 d\u00fc\u015f\u00fcn\u00fcn: O gafil kim ise, o da, bu topraklara niyet etti\u011fi anda, yapaca\u011f\u0131 ilk i\u015f, bu topraklar\u0131n insanlar\u0131n\u0131n de\u011fer yarg\u0131lar\u0131n\u0131 ve bu manada bu topraklar\u0131n insanlar\u0131n\u0131n dini hakk\u0131nda bilgi sahibi olmay\u0131 isteyecektir.<\/p>\n<p>Zaten, \u201cOryantalizm\u201d denilen \u201cbilim\u201d s\u0131rf bu y\u00fczden \u00e7\u0131km\u0131\u015ft\u0131r. Kefere d\u00fcnyas\u0131, \u0130slam topraklar\u0131nda ya\u015fayan insanlar\u0131n \u201cdin\u201d ve geleneklerine ait de\u011ferlerini bir bir tesbit etmi\u015fler ve bunlar\u0131 \u0130slam topraklar\u0131na do\u011fru y\u00fcr\u00fcyen askerlerine \u201cBilgi\u201d diye vermi\u015flerdir.<\/p>\n<p>Halb\u00f6yle iken: Bu \u00fclkede ya\u015fayan ve gelece\u011fini bu \u00fclkede g\u00f6ren hangi insan, Din Bilgisi Dersinin zorunlu olmas\u0131na kar\u015f\u0131 \u00e7\u0131kar?Bu, ak\u0131l gere\u011fi midir? Bu durum, bu insanlar\u0131n, bu \u00fclkeyi kendi vatanlar\u0131 olarak bildiklerini inkar anlam\u0131na gelmez mi?<\/p>\n<p>E\u011fer, \u00e7ocu\u011funuz bu \u00fclkede ya\u015fayacaksa: Bu halk\u0131n i\u00e7inde ya\u015famayacak m\u0131? Sizin, izole bir \u015fekilde ya\u015faman\u0131z akl\u0131n gere\u011fi midir?Sizin \u00e7ocuklar\u0131n\u0131z\u0131n, bu \u00fclkede, her hangi bir makamda, halk\u0131n hizmetinde olmas\u0131n\u0131 istemez misiniz?<\/p>\n<p>\u0130stiyorsan\u0131z, sizin \u00e7ocuklar\u0131n\u0131z, halk\u0131na bu kadar \u201cFrans\u0131z\u201d kalarak bu i\u015fi nas\u0131l yapacaklar?<\/p>\n<p>Sonra da, \u201cBizim \u00e7ocuklar\u0131m\u0131za i\u015f vermiyorlar\u201d diyeceksiniz ve bunu kendinizin d\u0131\u015flanm\u0131\u015fl\u0131\u011f\u0131na delil yapacaks\u0131n\u0131z, \u00f6yle mi?<\/p>\n<p>Peki ama, bunu, bizzat isteyen sen de\u011fil misin?. \u00c7ocuklar\u0131n bu kadar \u201cfrans\u0131z\u201d olacaklar ve bu \u00fclkede \u201ce\u011femen\u201d olacaklar \u00f6yle mi?<\/p>\n<p>Sevsinler seni: Sen ve \u00e7ocuklar\u0131n, bu \u00fclkeyi\u00a0 istilac\u0131 askerler kadar bile vatan saymayacak ama bu \u00fclkede y\u00f6netici olacaklar \u00f6yle mi?<\/p>\n<p>Bir de \u201cSiyasi Parti\u201d olarak bunu s\u00f6yleyeceksiniz ve halktan \u201ciktidar izni\u201d isteyeceksiniz. \u00c7ok yaz\u0131k. Yaz\u0131k ki ne yaz\u0131k.<\/p>\n","protected":false},"excerpt":{"rendered":"<p>1982 Anayasas\u0131na g\u00f6re Dinbilgisi dersleri zorunlu. Her T\u00fcrk Vatanda\u015f\u0131 bu derslere girmek ve bu dersleri almak zorunda.Bu da birilerinin ve bir tak\u0131m \u00e7evrelerin ho\u015funa gitmiyor. Bu ho\u015fnutsuzlu\u011fu inceleyelim: \u015euradan ba\u015flayal\u0131m: Siz, T\u00fcrkiye Cumhuriyeti vatanda\u015f\u0131 de\u011filsiniz. Siz, E\u011fer, T\u00fcrkiye\u2019ye gelmek ve burada bir s\u00fcre ya\u015famak istiyorsan\u0131z: Akl\u0131n\u0131z da varsa, T\u00fcrkiye\u2019de ya\u015fayan insanlar\u0131n insanl\u0131k de\u011ferlerini \u00f6\u011frenirsiniz. Bunu, &hellip;<\/p>\n","protected":false},"author":17,"featured_media":48521,"comment_status":"open","ping_status":"open","sticky":false,"template":"","format":"standard","meta":{"om_disable_all_campaigns":false,"_themeisle_gutenberg_block_has_review":false,"_joinchat":[],"footnotes":""},"categories":[53,38,43],"tags":[],"class_list":["post-5554","post","type-post","status-publish","format-standard","has-post-thumbnail","","category-aydin","category-guncel","category-yazarlar"],"_links":{"self":[{"href":"https:\/\/akincilardergisi.com\/tr\/wp-json\/wp\/v2\/posts\/5554","targetHints":{"allow":["GET"]}}],"collection":[{"href":"https:\/\/akincilardergisi.com\/tr\/wp-json\/wp\/v2\/posts"}],"about":[{"href":"https:\/\/akincilardergisi.com\/tr\/wp-json\/wp\/v2\/types\/post"}],"author":[{"embeddable":true,"href":"https:\/\/akincilardergisi.com\/tr\/wp-json\/wp\/v2\/users\/17"}],"replies":[{"embeddable":true,"href":"https:\/\/akincilardergisi.com\/tr\/wp-json\/wp\/v2\/comments?post=5554"}],"version-history":[{"count":0,"href":"https:\/\/akincilardergisi.com\/tr\/wp-json\/wp\/v2\/posts\/5554\/revisions"}],"wp:featuredmedia":[{"embeddable":true,"href":"https:\/\/akincilardergisi.com\/tr\/wp-json\/wp\/v2\/media\/48521"}],"wp:attachment":[{"href":"https:\/\/akincilardergisi.com\/tr\/wp-json\/wp\/v2\/media?parent=5554"}],"wp:term":[{"taxonomy":"category","embeddable":true,"href":"https:\/\/akincilardergisi.com\/tr\/wp-json\/wp\/v2\/categories?post=5554"},{"taxonomy":"post_tag","embeddable":true,"href":"https:\/\/akincilardergisi.com\/tr\/wp-json\/wp\/v2\/tags?post=5554"}],"curies":[{"name":"wp","href":"https:\/\/api.w.org\/{rel}","templated":true}]}}