{"id":54998,"date":"2026-09-01T13:36:16","date_gmt":"2026-09-01T10:36:16","guid":{"rendered":"https:\/\/akincilardergisi.com\/tr\/?p=54998"},"modified":"2026-09-01T15:27:20","modified_gmt":"2026-09-01T12:27:20","slug":"yeter-diyen-nadan","status":"publish","type":"post","link":"https:\/\/akincilardergisi.com\/tr\/yeter-diyen-nadan\/","title":{"rendered":"\u201cYETER!\u201d D\u0130YEN NADAN"},"content":{"rendered":"\n<p class=\"wp-block-paragraph\"><strong>NED\u0130R SANA BATAN<\/strong><\/p>\n\n\n\n<p class=\"wp-block-paragraph\">Ter\u00f6r\u00fc m\u00fc \u00f6zledin?<\/p>\n\n\n\n<p class=\"wp-block-paragraph\">Yoksa hastane kuyruklar\u0131nda sabahlamay\u0131 m\u0131?<\/p>\n\n\n\n<p class=\"wp-block-paragraph\">Yoksa yoksa<\/p>\n\n\n\n<p class=\"wp-block-paragraph\">Baban, kar\u0131n, \u00e7ocu\u011fun hastanede rehin kal\u0131rken ya\u015fad\u0131\u011f\u0131n a\u015fa\u011f\u0131lanmay\u0131 m\u0131 \u00f6zledin?<\/p>\n\n\n\n<p class=\"wp-block-paragraph\">Nedir derdin arkada\u015f?<\/p>\n\n\n\n<p class=\"wp-block-paragraph\"><strong>DO\u011eULU AMA<\/strong><\/p>\n\n\n\n<p class=\"wp-block-paragraph\"><strong>BATIDA TAT\u0130L\u0130N KEYF\u0130N\u0130 S\u00dcR\u00dcYOR<\/strong><\/p>\n\n\n\n<p class=\"wp-block-paragraph\">Adam veya madam<\/p>\n\n\n\n<p class=\"wp-block-paragraph\">Ter\u00f6r belas\u0131n\u0131n s\u00fcrd\u00fc\u011f\u00fc y\u0131llarda<\/p>\n\n\n\n<p class=\"wp-block-paragraph\">Do\u011fu veya G\u00fcneydo\u011fu illerimizden birinde g\u00f6rev yaparken bir yolunu bulup tayinini Ankara\u2019ya \u00e7\u0131karm\u0131\u015f.<\/p>\n\n\n\n<p class=\"wp-block-paragraph\">B\u00f6ylece<\/p>\n\n\n\n<p class=\"wp-block-paragraph\">Anne baba ve di\u011fer akrabalar\u0131n\u0131 ter\u00f6r belas\u0131 y\u00fcz\u00fcnden<\/p>\n\n\n\n<p class=\"wp-block-paragraph\">Ve<\/p>\n\n\n\n<p class=\"wp-block-paragraph\">Mahrumiyet b\u00f6lgesi oldu\u011fu i\u00e7in terketmek zorunda kalm\u0131\u015f.<\/p>\n\n\n\n<p class=\"wp-block-paragraph\">\u00d6yle ya ;<\/p>\n\n\n\n<p class=\"wp-block-paragraph\">\u00c7ocu\u011fu hasta olsa doktor yok. Doktor varsa da devlet ona \u00f6yle bir fatura \u00e7\u0131kar\u0131yor ki \u00f6deyemiyor.<\/p>\n\n\n\n<p class=\"wp-block-paragraph\">Bundan dolay\u0131<\/p>\n\n\n\n<p class=\"wp-block-paragraph\">\u00c7ocu\u011fu veya kar\u0131s\u0131 hastanede rehin kal\u0131yor<\/p>\n\n\n\n<p class=\"wp-block-paragraph\">\u00c7ocu\u011fu b\u00fcy\u00fcy\u00fcp okutmak istese \u00fcniversite yok.. Yol yok.. Havaalan\u0131 yok.. Mezun olsa i\u015f yok.<\/p>\n\n\n\n<p class=\"wp-block-paragraph\">\u00c7\u00fcnk\u00fc<\/p>\n\n\n\n<p class=\"wp-block-paragraph\">Fabrika yok.<\/p>\n\n\n\n<p class=\"wp-block-paragraph\">Bir yerde i\u015f ilan\u0131 g\u00f6r\u00fcp m\u00fcracaat etse on bin ki\u015fi aras\u0131ndan kabul edilme ihtimali yok&#8230;<\/p>\n\n\n\n<p class=\"wp-block-paragraph\"><strong>YA \u015e\u0130MD\u0130<\/strong><\/p>\n\n\n\n<p class=\"wp-block-paragraph\">\u015eimdi ise ;<\/p>\n\n\n\n<p class=\"wp-block-paragraph\">O\u011flu bir \u015firketin m\u00fcmessili olarak Avrupa ve Amerika aras\u0131nda gidip geliyor maa\u015f\u0131n\u0131 dolarla al\u0131yor.<\/p>\n\n\n\n<p class=\"wp-block-paragraph\">Kendisi Ankara b\u00fcrokrat\u0131 olup zaman\u0131nda tatil beldesinde bir yer kapatm\u0131\u015f yazl\u0131\u011f\u0131 var. Belli ki emekli maa\u015f\u0131 da y\u00fcksek.<\/p>\n\n\n\n<p class=\"wp-block-paragraph\">Bundan dolay\u0131<\/p>\n\n\n\n<p class=\"wp-block-paragraph\">Yaz\u0131n gelip Akdeniz\u2019in o latif sular\u0131nda y\u00fcz\u00fcp tatilin keyfini \u00e7\u0131kar\u0131yor<\/p>\n\n\n\n<p class=\"wp-block-paragraph\">Ama h\u00e2l\u00e2<\/p>\n\n\n\n<p class=\"wp-block-paragraph\">Kendisine bu g\u00fczel imk\u00e2nlar\u0131 sa\u011flayan Cumhurba\u015fkan\u0131m\u0131za laf \u00e7ak\u0131p i\u00e7inin ya\u011flar\u0131n\u0131 eritmeye kalk\u0131nca<\/p>\n\n\n\n<p class=\"wp-block-paragraph\">\u00d6yle bir cevap ald\u0131 ki,<\/p>\n\n\n\n<p class=\"wp-block-paragraph\">O ya\u011flar bir daha erimemek \u00fczere dondu kald\u0131.<\/p>\n\n\n\n<p class=\"wp-block-paragraph\"><strong>TAT\u0130L BELDES\u0130NDEN<\/strong><\/p>\n\n\n\n<p class=\"wp-block-paragraph\">Adam ya\u015f\u0131n\u0131 ba\u015f\u0131n\u0131 alm\u0131\u015f ge\u00e7mi\u015fi de bug\u00fcn\u00fc de biliyor.<\/p>\n\n\n\n<p class=\"wp-block-paragraph\">Yani mukayese yapacak bir ya\u015fta ama inad\u0131 vicdan\u0131n\u0131 kilitlemi\u015f durumda.<\/p>\n\n\n\n<p class=\"wp-block-paragraph\">Ge\u00e7mi\u015fte ekme\u011fin aslan\u0131n a\u011fz\u0131nda oldu\u011funu da \u00e7ok iyi biliyor. \u00c7al\u0131\u015facak i\u015f bulana a\u015fk olsun\u2026<\/p>\n\n\n\n<p class=\"wp-block-paragraph\">H\u00e2lbuki \u015fimdi tatil beldelerinde i\u015f \u00e7ok<\/p>\n\n\n\n<p class=\"wp-block-paragraph\">Ama<\/p>\n\n\n\n<p class=\"wp-block-paragraph\">\u00c7al\u0131\u015facak eleman yok.<\/p>\n\n\n\n<p class=\"wp-block-paragraph\">E\u011fer otelciler T\u00fcrk Cumhuriyetlerinden, Afrika&#8217;dan<\/p>\n\n\n\n<p class=\"wp-block-paragraph\">Ve<\/p>\n\n\n\n<p class=\"wp-block-paragraph\">Asya&#8217;n\u0131n muhtelif yerlerinden eleman getirmemi\u015f olsalard\u0131 eleman yetersizli\u011finden \u00e7o\u011fu otelini kapat\u0131r kap\u0131s\u0131na kilit vururdu.<\/p>\n\n\n\n<p class=\"wp-block-paragraph\">Malum oldu\u011fu \u00fczere<\/p>\n\n\n\n<p class=\"wp-block-paragraph\">Akdeniz ve Ege b\u00f6lgesi hem Turizm hem de ya\u015f meyve sebze bak\u0131m\u0131ndan m\u00fcnbit bir b\u00f6lgemiz.<\/p>\n\n\n\n<p class=\"wp-block-paragraph\">Kald\u0131 ki,<\/p>\n\n\n\n<p class=\"wp-block-paragraph\">Sera ve tarlalarda \u00e7al\u0131\u015fan t\u00fcm i\u015f\u00e7ileri otellere g\u00f6nderme imk\u00e2n\u0131 olsa bile yine de say\u0131 yeterli olmazd\u0131.<\/p>\n\n\n\n<p class=\"wp-block-paragraph\">\u00c7\u00fcnk\u00fc<\/p>\n\n\n\n<p class=\"wp-block-paragraph\">Turizm b\u00f6lgesi dedi\u011fimiz yerlerde sadece otel \u00e7al\u0131\u015fan\u0131 aranm\u0131yor.<\/p>\n\n\n\n<p class=\"wp-block-paragraph\">Turistlerin \u00e7\u0131k\u0131p al\u0131\u015fveri\u015f yapmas\u0131 i\u00e7in tezgahtar.. tarihi ve \u00f6ren yerlerini gezmesi i\u00e7in tur rehber ve \u015fof\u00f6r.. yama\u00e7 para\u015f\u00fct\u00fc, rafting, z\u0131pline, deniz para\u015f\u00fct\u00fc vb gibi aktiviteler i\u00e7in hoca.. ada ve koylar\u0131 gezmek i\u00e7in kaptan\u2026<\/p>\n\n\n\n<p class=\"wp-block-paragraph\">Ve bu aktiviteler i\u00e7in de yard\u0131mc\u0131 elemanlara ihtiya\u00e7 var.<\/p>\n\n\n\n<p class=\"wp-block-paragraph\">Haliyle bu i\u015fler i\u00e7in de\u011fil yeti\u015fmi\u015f eleman vas\u0131fs\u0131z d\u00fcz eleman dahi bulunam\u0131yor.<\/p>\n\n\n\n<p class=\"wp-block-paragraph\">&#8220;<strong>YETER ARTIK&#8221;<\/strong><\/p>\n\n\n\n<p class=\"wp-block-paragraph\"><strong>D\u0130YEN NADAN<\/strong><\/p>\n\n\n\n<p class=\"wp-block-paragraph\">Bundan dolay\u0131<\/p>\n\n\n\n<p class=\"wp-block-paragraph\">Otellerde \u00e7al\u0131\u015ft\u0131rmak \u00fczere<\/p>\n\n\n\n<p class=\"wp-block-paragraph\">Endonezya, Filipinler, Kenya ve T\u00fcrk Cumhuriyetleri (Tacikistan, K\u0131rg\u0131z\u0131stan, \u00d6zbekistan) gibi \u00fclkelerden i\u015f\u00e7i getiriliyor. Gelenler ya\u015f olarak ya \u00e7oluk \u00e7ocu\u011funu b\u0131rak\u0131p gelmi\u015f<\/p>\n\n\n\n<p class=\"wp-block-paragraph\">Veya<\/p>\n\n\n\n<p class=\"wp-block-paragraph\">Evlenecek \u00e7a\u011fdaki gen\u00e7ler bunlar\u2026 Yani \u015fartlar\u0131 kolay de\u011fil<\/p>\n\n\n\n<p class=\"wp-block-paragraph\">Ama alacaklar\u0131 500 $ ayl\u0131k onlar i\u00e7in b\u00fcy\u00fck bir para.<\/p>\n\n\n\n<p class=\"wp-block-paragraph\">Birka\u00e7 y\u0131l \u00e7al\u0131\u015ft\u0131ktan sonra memleketine d\u00f6n\u00fcp yuva kurma hayaliyle,<\/p>\n\n\n\n<p class=\"wp-block-paragraph\">Sabahtan ak\u015fama kadar b\u00fcy\u00fck bir titizlikle \u00e7al\u0131\u015fmak zorundalar.<\/p>\n\n\n\n<p class=\"wp-block-paragraph\">En ufak bir hatalar\u0131na m\u00fcsamaha yok.<\/p>\n\n\n\n<p class=\"wp-block-paragraph\">\u00c7\u00fcnk\u00fc<\/p>\n\n\n\n<p class=\"wp-block-paragraph\">Yerlerine gelmek i\u00e7in s\u0131rada bekleyen binlercesi var.<\/p>\n\n\n\n<p class=\"wp-block-paragraph\">Burada alacaklar\u0131 asgari \u00fccretle memleketinde ev sahibi olabiliyor.<\/p>\n\n\n\n<p class=\"wp-block-paragraph\">Kendi memleketinde 100 dolara i\u015f bulamazken burada 500 $ onlar i\u00e7in bir servet\u2026<\/p>\n\n\n\n<p class=\"wp-block-paragraph\">\u201cYeter!\u201d diyen nadan<\/p>\n\n\n\n<p class=\"wp-block-paragraph\">25 y\u0131l \u00f6nce<\/p>\n\n\n\n<p class=\"wp-block-paragraph\">Aynen \u015fu T\u00fcrk Cumhuriyetleri\u2019nden, Endonezya\u2019dan, Filipinler vs. memleketlerden buraya gelmek i\u00e7in can atanlar gibi<\/p>\n\n\n\n<p class=\"wp-block-paragraph\">Biz de<\/p>\n\n\n\n<p class=\"wp-block-paragraph\">Ayn\u0131 \u015fartlarda Almanya\u2019ya gitmek i\u00e7in can att\u0131\u011f\u0131m\u0131z\u0131 unutmu\u015f \u015fimdi kalkm\u0131\u015f \u201c25 y\u0131l yeter!\u201d diyor.<\/p>\n\n\n\n<p class=\"wp-block-paragraph\">Yerine getirip iktidar yapmak istedi\u011fi parti de h\u0131rs\u0131z, u\u011fursuz ve yolsuzlu\u011fun kitab\u0131n\u0131 yazm\u0131\u015f adam ve madamlarla dolu.<\/p>\n\n\n\n<p class=\"wp-block-paragraph\">E\u011fer onlara bu f\u0131rsat\u0131 size verirsek<\/p>\n\n\n\n<p class=\"wp-block-paragraph\">Bize de yuh olsun\u2026<\/p>\n\n\n\n<p class=\"wp-block-paragraph\"><strong>02.09.2026<\/strong><\/p>\n\n\n\n<p class=\"wp-block-paragraph\"><strong>Emin Batur<\/strong><\/p>\n","protected":false},"excerpt":{"rendered":"<p>NED\u0130R SANA BATAN Ter\u00f6r\u00fc m\u00fc \u00f6zledin? Yoksa hastane kuyruklar\u0131nda sabahlamay\u0131 m\u0131? Yoksa yoksa Baban, kar\u0131n, \u00e7ocu\u011fun hastanede rehin kal\u0131rken ya\u015fad\u0131\u011f\u0131n a\u015fa\u011f\u0131lanmay\u0131 m\u0131 \u00f6zledin? Nedir derdin arkada\u015f? DO\u011eULU AMA BATIDA TAT\u0130L\u0130N KEYF\u0130N\u0130 S\u00dcR\u00dcYOR Adam veya madam Ter\u00f6r belas\u0131n\u0131n s\u00fcrd\u00fc\u011f\u00fc y\u0131llarda Do\u011fu veya G\u00fcneydo\u011fu illerimizden birinde g\u00f6rev yaparken bir yolunu bulup tayinini Ankara\u2019ya \u00e7\u0131karm\u0131\u015f. B\u00f6ylece Anne baba &hellip;<\/p>\n","protected":false},"author":2,"featured_media":48521,"comment_status":"open","ping_status":"open","sticky":false,"template":"","format":"standard","meta":{"om_disable_all_campaigns":false,"_themeisle_gutenberg_block_has_review":false,"fifu_image_url":"","fifu_image_alt":"","_joinchat":[],"footnotes":""},"categories":[49,1],"tags":[],"class_list":["post-54998","post","type-post","status-publish","format-standard","has-post-thumbnail","","category-arif","category-genel"],"_links":{"self":[{"href":"https:\/\/akincilardergisi.com\/tr\/wp-json\/wp\/v2\/posts\/54998","targetHints":{"allow":["GET"]}}],"collection":[{"href":"https:\/\/akincilardergisi.com\/tr\/wp-json\/wp\/v2\/posts"}],"about":[{"href":"https:\/\/akincilardergisi.com\/tr\/wp-json\/wp\/v2\/types\/post"}],"author":[{"embeddable":true,"href":"https:\/\/akincilardergisi.com\/tr\/wp-json\/wp\/v2\/users\/2"}],"replies":[{"embeddable":true,"href":"https:\/\/akincilardergisi.com\/tr\/wp-json\/wp\/v2\/comments?post=54998"}],"version-history":[{"count":1,"href":"https:\/\/akincilardergisi.com\/tr\/wp-json\/wp\/v2\/posts\/54998\/revisions"}],"predecessor-version":[{"id":54999,"href":"https:\/\/akincilardergisi.com\/tr\/wp-json\/wp\/v2\/posts\/54998\/revisions\/54999"}],"wp:featuredmedia":[{"embeddable":true,"href":"https:\/\/akincilardergisi.com\/tr\/wp-json\/wp\/v2\/media\/48521"}],"wp:attachment":[{"href":"https:\/\/akincilardergisi.com\/tr\/wp-json\/wp\/v2\/media?parent=54998"}],"wp:term":[{"taxonomy":"category","embeddable":true,"href":"https:\/\/akincilardergisi.com\/tr\/wp-json\/wp\/v2\/categories?post=54998"},{"taxonomy":"post_tag","embeddable":true,"href":"https:\/\/akincilardergisi.com\/tr\/wp-json\/wp\/v2\/tags?post=54998"}],"curies":[{"name":"wp","href":"https:\/\/api.w.org\/{rel}","templated":true}]}}