{"id":5359,"date":"2015-05-17T13:48:03","date_gmt":"2015-05-17T10:48:03","guid":{"rendered":"http:\/\/akincilardergisi.com\/dergi\/?p=5359"},"modified":"2023-11-04T20:12:26","modified_gmt":"2023-11-04T17:12:26","slug":"darbe-yaparken-muftuye-mi-sordun","status":"publish","type":"post","link":"https:\/\/akincilardergisi.com\/tr\/darbe-yaparken-muftuye-mi-sordun\/","title":{"rendered":"DARBE YAPARKEN M\u00dcFT\u00dcYE M\u0130 SORDUN?"},"content":{"rendered":"<div>\u015eu hale bak:<\/p>\n<p>M\u0131s\u0131r Mahkemesi Darbe ile ala\u015fa\u011f\u0131 edilen se\u00e7ilmi\u015f Cumhurba\u015fkan\u0131&#8217;na ve onunla birlikte \u015fu kadar ki\u015fiye &#8220;\u0130dam&#8221; karar\u0131 vermi\u015f.<\/p><\/div>\n<div><\/div>\n<div>Bu karar\u0131n\u0131 da &#8220;Olur mu?&#8221; diye &#8220;B\u00fcy\u00fck M\u00fcft\u00fc&#8221;ye g\u00f6ndermi\u015f. B\u00fcy\u00fck m\u00fcft\u00fc onay verecek ve idamlar ger\u00e7ekle\u015fecek. Beklenen s\u00fcre\u00e7 bu.<\/p>\n<p>Sanki, darbe yap\u0131l\u0131rken m\u00fcft\u00fcye mi soruldu?<\/p>\n<p>O mahkeme i\u00e7in &#8220;m\u00fcft\u00fc ne der?&#8221; diye bir soru mu soruldu?<\/p>\n<p>Verdikleri karar\u0131, s\u00f6zde, &#8220;usulen&#8221; m\u00fcft\u00fcye soruyorlar.<\/p><\/div>\n<div>Bak bakal\u0131m, &#8220;Zulm\u00fcm\u00fcz yerinde mi?&#8221; diye sorar gibi.<\/div>\n<div><\/div>\n<div>Ama, sorduklar\u0131 makam\u0131n ad\u0131 &#8220;M\u00fcft\u00fc&#8221; ve \u00fcstelik de &#8220;B\u00fcy\u00fck m\u00fcft\u00fc&#8221;<\/div>\n<div><\/div>\n<div>B\u00fcy\u00fck m\u00fcft\u00fc, zulm\u00fc, &#8220;adalet&#8221; ve &#8220;\u0130slam&#8221; diye onaylayacak.<\/p>\n<p>Zul\u00fcm, b\u00f6ylece, &#8220;\u0130slami&#8221; olacak.<\/p>\n<p>B\u00f6ylece, Zul\u00fcm ile \u0130slam yan yana ve birlikte olacak.<\/p>\n<p>M\u00fcsl\u00fcmanlar \u00f6lecek: M\u00fcsl\u00fcmanlar \u00f6d\u00fcr\u00fclecek ve fakat &#8220;gavurcuklar&#8221; i\u00e7in ortada hi\u00e7 bir leke olmayacak.<\/p>\n<p>&#8220;Bu islam var ya bu islam: Ancak, zulm\u00fc onaylar&#8221; denilecek ve dedirtilecek.<\/p>\n<p>K\u00fcf\u00fcr, &#8220;Allah-u Ekber&#8221; denilerek tezah\u00fcr edecek.<\/p>\n<p>B\u00fcy\u00fck M\u00fcft\u00fc&#8217;n\u00fcn, &#8220;\u0130dam\u0131 Allah&#8217;\u0131n emrine uygundur&#8221; diye &#8220;Onay&#8221; verece\u011fi idamlardan birisi de &#8220;D\u00fcnya \u0130slam Alimleri Birli\u011fi Ba\u015fkan\u0131&#8221; Yusuf El Karadavi.<\/p>\n<p>Yani, teorik olarak, E\u011fer, O M\u0131s\u0131r B\u00fcy\u00fck M\u00fcft\u00fcs\u00fc bir &#8220;alim&#8221; ise, onun da ba\u015fkan\u0131 bir adam. Yani, o b\u00fcy\u00fck m\u00fcft\u00fc, ayn\u0131 zamanda, kendi ba\u015fkan\u0131n\u0131 da idam etmi\u015f olacak.<\/p><\/div>\n<div><\/div>\n<div>\u00dcstelik, ne idam h\u00fckm\u00fc veren mahkeme ne de o mahkeme karar\u0131na onay verecek m\u00fcft\u00fc, Yusuf El Karadavi&#8217;yi hi\u00e7 dinlemedi\u011fi halde bu i\u015f olacak.<\/p>\n<p>B\u00f6ylesine, iblisce bir d\u00fczenin ad\u0131 &#8220;\u0130slami Mahkeme \u015fekli&#8221; olacak.<\/p>\n<p>\u0130slam ile Zul\u00fcm, ayn\u0131 \u015fey olacak. Zihinlere ve tarihe ve gelece\u011fe aynen bu yaz\u0131lacak.<\/p>\n<p>\u0130slam e\u015fittir Zul\u00fcm.<\/p>\n<p>Zul\u00fcm e\u015fittir \u0130slam.<\/p>\n<p>Ve buna, T\u00fcrkiye&#8217;den de &#8220;Yuh&#8221; manas\u0131nda alk\u0131\u015flar y\u00fckselecek. Dilleri ile &#8220;Yuh&#8221; diyecekler ama i\u00e7lerinden alk\u0131\u015flayacaklar. &#8220;D\u00fcnya, islam tehlikesinden b\u00f6ylece kurtuluyor&#8221; diye i\u00e7in i\u00e7in sevinecekler var ve olacaklar.<\/p>\n<p>Pisli\u011fi onlar yemi\u015f olacak: Hesab\u0131n\u0131 vermek de yine bize d\u00fc\u015fecek.<\/p>\n<p>\u00c7\u00fcnk\u00fc, bu i\u015fler, &#8220;\u0130slam topraklar\u0131nda&#8221; olmu\u015f olacak.<\/p>\n<p>Birileri de ba\u011f\u0131racaklar: Neredesin Bat\u0131, Neredesin Amerika diye.<\/p>\n<p>Hi\u00e7 kimse, akl\u0131na getirmiyor ki: Bu g\u00fcn, M\u0131s\u0131r&#8217;\u0131, Suriye&#8217;yi, Irak&#8217;\u0131, Afganistan&#8217;\u0131 ve ba\u015fka \u0130slam topraklar\u0131n\u0131 &#8220;kurtaracak&#8221; olanlar, binbir hevesle &#8220;Biz&#8221;i de kurtarmaya gelecekleri g\u00fcn\u00fc bekliyorlar.<\/p>\n<p>K\u0131sacas\u0131:<\/p>\n<p>Kendi kan\u0131m\u0131z\u0131 i\u00e7erek ya\u015famaya \u00e7al\u0131\u015ft\u0131\u011f\u0131m\u0131z\u0131, kim, nas\u0131l ve zaman ak\u0131l edecek.<\/p>\n<p>Belli de\u011fil.<\/p><\/div>\n","protected":false},"excerpt":{"rendered":"<p>\u015eu hale bak: M\u0131s\u0131r Mahkemesi Darbe ile ala\u015fa\u011f\u0131 edilen se\u00e7ilmi\u015f Cumhurba\u015fkan\u0131&#8217;na ve onunla birlikte \u015fu kadar ki\u015fiye &#8220;\u0130dam&#8221; karar\u0131 vermi\u015f. Bu karar\u0131n\u0131 da &#8220;Olur mu?&#8221; diye &#8220;B\u00fcy\u00fck M\u00fcft\u00fc&#8221;ye g\u00f6ndermi\u015f. B\u00fcy\u00fck m\u00fcft\u00fc onay verecek ve idamlar ger\u00e7ekle\u015fecek. Beklenen s\u00fcre\u00e7 bu. Sanki, darbe yap\u0131l\u0131rken m\u00fcft\u00fcye mi soruldu? O mahkeme i\u00e7in &#8220;m\u00fcft\u00fc ne der?&#8221; diye bir soru mu &hellip;<\/p>\n","protected":false},"author":17,"featured_media":48521,"comment_status":"open","ping_status":"open","sticky":false,"template":"","format":"standard","meta":{"om_disable_all_campaigns":false,"_themeisle_gutenberg_block_has_review":false,"_joinchat":[],"footnotes":""},"categories":[53,38,43],"tags":[],"class_list":["post-5359","post","type-post","status-publish","format-standard","has-post-thumbnail","","category-aydin","category-guncel","category-yazarlar"],"_links":{"self":[{"href":"https:\/\/akincilardergisi.com\/tr\/wp-json\/wp\/v2\/posts\/5359","targetHints":{"allow":["GET"]}}],"collection":[{"href":"https:\/\/akincilardergisi.com\/tr\/wp-json\/wp\/v2\/posts"}],"about":[{"href":"https:\/\/akincilardergisi.com\/tr\/wp-json\/wp\/v2\/types\/post"}],"author":[{"embeddable":true,"href":"https:\/\/akincilardergisi.com\/tr\/wp-json\/wp\/v2\/users\/17"}],"replies":[{"embeddable":true,"href":"https:\/\/akincilardergisi.com\/tr\/wp-json\/wp\/v2\/comments?post=5359"}],"version-history":[{"count":0,"href":"https:\/\/akincilardergisi.com\/tr\/wp-json\/wp\/v2\/posts\/5359\/revisions"}],"wp:featuredmedia":[{"embeddable":true,"href":"https:\/\/akincilardergisi.com\/tr\/wp-json\/wp\/v2\/media\/48521"}],"wp:attachment":[{"href":"https:\/\/akincilardergisi.com\/tr\/wp-json\/wp\/v2\/media?parent=5359"}],"wp:term":[{"taxonomy":"category","embeddable":true,"href":"https:\/\/akincilardergisi.com\/tr\/wp-json\/wp\/v2\/categories?post=5359"},{"taxonomy":"post_tag","embeddable":true,"href":"https:\/\/akincilardergisi.com\/tr\/wp-json\/wp\/v2\/tags?post=5359"}],"curies":[{"name":"wp","href":"https:\/\/api.w.org\/{rel}","templated":true}]}}