{"id":53310,"date":"2026-05-02T04:07:29","date_gmt":"2026-05-02T01:07:29","guid":{"rendered":"https:\/\/akincilardergisi.com\/tr\/?p=53310"},"modified":"2026-05-02T04:07:31","modified_gmt":"2026-05-02T01:07:31","slug":"isci-bayrami-ve-musahharlik-yoksunlugu","status":"publish","type":"post","link":"https:\/\/akincilardergisi.com\/tr\/isci-bayrami-ve-musahharlik-yoksunlugu\/","title":{"rendered":"\u0130\u015e\u00c7\u0130 BAYRAMI VE MUSAHHARL\u0130K YOKSUNLU\u011eU"},"content":{"rendered":"\n<p>Bug\u00fcn 1 may\u0131s&#8230; \u0130\u015f\u00e7i bayram\u0131&#8230;&nbsp;<\/p>\n\n\n\n<p>Her g\u00fcn patronlar\u0131n ama bug\u00fcn i\u015f\u00e7ilerin bayram\u0131.&nbsp;<\/p>\n\n\n\n<p>Halbuki herg\u00fcn herkesin bayram\u0131 olsa daha g\u00fczel olmaz m\u0131?<\/p>\n\n\n\n<p>Patronlar\u0131n i\u015fine gelmez ama i\u015f\u00e7iler &#8220;m\u00fc\u015fahhas&#8221; kelimesini bilmeliler.&nbsp;<\/p>\n\n\n\n<p>\u00c7\u00fcnk\u00fc bu kelime ile i\u015f\u00e7i de i\u015fveren de e\u015fit olurlar ve hi\u00e7 birisi kendisi i\u00e7in ba\u015fka d\u00fcnyalar hayal\u00ee kurmaz. Ne d\u00fcnyay\u0131 ne de bayram\u0131 kendine \u00f6zel saymaz ve sanmaz.&nbsp;<\/p>\n\n\n\n<p>Musahhar ne demektir?&nbsp;<\/p>\n\n\n\n<p>Musahhar Kur&#8217;an kelimesidir. \u0130nsanlar aras\u0131nda muhta\u00e7l\u0131k ili\u015fkisini belirleyen kelimedir.&nbsp;<\/p>\n\n\n\n<p>Buna g\u00f6re kimse, hi\u00e7 kimsenin hakimi, velisi veya velinimeti de\u011fildir. Kim ba\u015fkas\u0131na ne kadar hakim, veli ve velinimeti ise di\u011feri de ona ayn\u0131 \u015fekildedir.&nbsp;<\/p>\n\n\n\n<p>Toplumda ve insanl\u0131kta herkes bir di\u011feri ile, hatta kendi kar\u015f\u0131t\u0131 ile tamd\u0131r. E\u011fer o di\u011feri yoksa, bizzat kendisi eksiktir.&nbsp;<\/p>\n\n\n\n<p>\u0130\u015fveren, e\u011fer i\u015f\u00e7i yoksa i\u015fveren de\u011fildir ve olamaz. \u0130\u015f\u00e7i, e\u011fer i\u015fveren yoksa kendisi i\u015f\u00e7i olamaz. Hem i\u015fveren kendi varl\u0131\u011f\u0131 i\u00e7in i\u015f\u00e7iye muhta\u00e7, hem i\u015f\u00e7i kendi varl\u0131\u011f\u0131 i\u00e7in i\u015fverene muhta\u00e7t\u0131r.&nbsp;<\/p>\n\n\n\n<p>Fakirlik bir eksiklik de\u011fil; zenginlik bir fazlal\u0131k de\u011fil&#8230;&nbsp;<\/p>\n\n\n\n<p>Zenginlik yoksa herkes fakirdir lakin fakirlik yoksa herkes daha fakirdir.&nbsp;<\/p>\n\n\n\n<p>Nas\u0131l?&nbsp;<\/p>\n\n\n\n<p>D\u00fc\u015f\u00fcn\u00fcn ki toplumda herkes e\u015fit \u015fekilde zenginlik say\u0131lacak bir paran\u0131n sahibi olmu\u015flar. Asl\u0131nda b\u00f6yle bir \u015fey olmasi m\u00fcmk\u00fcn de\u011fil ama mesela b\u00f6yle bir d\u00fcnyayi d\u00fc\u015f\u00fcnelim.&nbsp;<\/p>\n\n\n\n<p>Ne olur?&nbsp;<\/p>\n\n\n\n<p>Tarlada kim \u00e7al\u0131\u015facak? Demiri kim kazanlarda eritecek de onu bir \u015fekil ve alet haline getirecek?&nbsp;<\/p>\n\n\n\n<p>Demiri kim d\u00f6vecek, k\u00f6r\u00fc\u011f\u00fc kim basacak?&nbsp;<\/p>\n\n\n\n<p>Herkes zengin&#8230; Mesela bu i\u015fleri kim yapacak?&nbsp;<\/p>\n\n\n\n<p>Keza tarlay\u0131 kim s\u00fcrecek. Tohumu kim ekecek ve zahireyi kim ekmek haline getirecek?&nbsp;<\/p>\n\n\n\n<p>D\u00fc\u015f\u00fcn\u00fcn ki&#8230; Eski kitaplar yazar ki&#8230; Ekme\u011fin yap\u0131labilmesi i\u00e7in bin ayr\u0131 insan\u0131n bilgisi ve eme\u011fi gerekir ve buna ekme\u011fin so\u011futulmas\u0131 i\u015fi dahil de\u011fildir.&nbsp;<\/p>\n\n\n\n<p>Yani netice nereye var\u0131yor?&nbsp;<\/p>\n\n\n\n<p>Herkes zengin olursa, herkes ac\u0131ndan \u00f6lecek hale gelir ki bundan daha al\u00e2 fakirlik t\u00fcr\u00fc de yoktur.&nbsp;<\/p>\n\n\n\n<p>Demekki neymi\u015f?&nbsp;<\/p>\n\n\n\n<p>\u0130nsanl\u0131k birbirine musahhar imi\u015f.&nbsp;<\/p>\n\n\n\n<p>Hi\u00e7 kimse hi\u00e7 kimsenin r\u0131zk\u0131n\u0131 veren bir konumda de\u011filmi\u015f.Hic kimse hi\u00e7 kimseye &#8220;Ben olmasam siz a\u00e7 kal\u0131rs\u0131n\u0131z a\u00e7&#8221; diye diyemezmis.&nbsp;<\/p>\n\n\n\n<p>\u0130\u015f\u00e7iler de patronlar\u0131 zengin&nbsp; eden salaklar de\u011fillermi\u015f ve onlara &#8220;Biz olmasak sen kendi pisli\u011fini bile temizleyemezsin. O halde patron biziz biz&#8221; diyemezmis.&nbsp;<\/p>\n\n\n\n<p>Ya neymi\u015f?&nbsp;<\/p>\n\n\n\n<p>Herkes herkesin musahhari imi\u015f.&nbsp;<\/p>\n\n\n\n<p>Anlad\u0131k mi?&nbsp;<\/p>\n\n\n\n<p>Yok.<\/p>\n\n\n\n<p><\/p>\n","protected":false},"excerpt":{"rendered":"<p>Bug\u00fcn 1 may\u0131s&#8230; \u0130\u015f\u00e7i bayram\u0131&#8230;&nbsp; Her g\u00fcn patronlar\u0131n ama bug\u00fcn i\u015f\u00e7ilerin bayram\u0131.&nbsp; Halbuki herg\u00fcn herkesin bayram\u0131 olsa daha g\u00fczel olmaz m\u0131? Patronlar\u0131n i\u015fine gelmez ama i\u015f\u00e7iler &#8220;m\u00fc\u015fahhas&#8221; kelimesini bilmeliler.&nbsp; \u00c7\u00fcnk\u00fc bu kelime ile i\u015f\u00e7i de i\u015fveren de e\u015fit olurlar ve hi\u00e7 birisi kendisi i\u00e7in ba\u015fka d\u00fcnyalar hayal\u00ee kurmaz. Ne d\u00fcnyay\u0131 ne de bayram\u0131 kendine \u00f6zel &hellip;<\/p>\n","protected":false},"author":17,"featured_media":53311,"comment_status":"open","ping_status":"open","sticky":false,"template":"","format":"standard","meta":{"om_disable_all_campaigns":false,"_themeisle_gutenberg_block_has_review":false,"_joinchat":[],"footnotes":""},"categories":[53,38,43],"tags":[],"class_list":["post-53310","post","type-post","status-publish","format-standard","has-post-thumbnail","","category-aydin","category-guncel","category-yazarlar"],"_links":{"self":[{"href":"https:\/\/akincilardergisi.com\/tr\/wp-json\/wp\/v2\/posts\/53310","targetHints":{"allow":["GET"]}}],"collection":[{"href":"https:\/\/akincilardergisi.com\/tr\/wp-json\/wp\/v2\/posts"}],"about":[{"href":"https:\/\/akincilardergisi.com\/tr\/wp-json\/wp\/v2\/types\/post"}],"author":[{"embeddable":true,"href":"https:\/\/akincilardergisi.com\/tr\/wp-json\/wp\/v2\/users\/17"}],"replies":[{"embeddable":true,"href":"https:\/\/akincilardergisi.com\/tr\/wp-json\/wp\/v2\/comments?post=53310"}],"version-history":[{"count":1,"href":"https:\/\/akincilardergisi.com\/tr\/wp-json\/wp\/v2\/posts\/53310\/revisions"}],"predecessor-version":[{"id":53312,"href":"https:\/\/akincilardergisi.com\/tr\/wp-json\/wp\/v2\/posts\/53310\/revisions\/53312"}],"wp:featuredmedia":[{"embeddable":true,"href":"https:\/\/akincilardergisi.com\/tr\/wp-json\/wp\/v2\/media\/53311"}],"wp:attachment":[{"href":"https:\/\/akincilardergisi.com\/tr\/wp-json\/wp\/v2\/media?parent=53310"}],"wp:term":[{"taxonomy":"category","embeddable":true,"href":"https:\/\/akincilardergisi.com\/tr\/wp-json\/wp\/v2\/categories?post=53310"},{"taxonomy":"post_tag","embeddable":true,"href":"https:\/\/akincilardergisi.com\/tr\/wp-json\/wp\/v2\/tags?post=53310"}],"curies":[{"name":"wp","href":"https:\/\/api.w.org\/{rel}","templated":true}]}}