{"id":53305,"date":"2026-05-01T10:59:21","date_gmt":"2026-05-01T07:59:21","guid":{"rendered":"https:\/\/akincilardergisi.com\/tr\/?p=53305"},"modified":"2026-05-01T10:59:27","modified_gmt":"2026-05-01T07:59:27","slug":"firavunlarin-paradigmasi","status":"publish","type":"post","link":"https:\/\/akincilardergisi.com\/tr\/firavunlarin-paradigmasi\/","title":{"rendered":"Firavunlar\u0131n paradigmas\u0131"},"content":{"rendered":"\n<p><a href=\"https:\/\/www.haber7.com\/dunya\" target=\"_blank\" rel=\"noreferrer noopener\">D\u00fcnya<\/a>&nbsp;tarihine bakt\u0131\u011f\u0131m\u0131zda, iktidar\u0131n cazibesi kar\u015f\u0131s\u0131nda akl\u0131n\u0131 yitiren, onu g\u00fcc\u00fc bir uyu\u015fturucu gibi t\u00fcketen azg\u0131nlar\u0131n izlerine s\u0131k s\u0131k rastlan\u0131r. Bu ki\u015filer, \u00e7o\u011fu zaman kendi h\u0131rslar\u0131n\u0131n esiri olmu\u015f, toplumlar\u0131n kaderini kendi ihtiraslar\u0131n\u0131n g\u00f6lgesinde \u015fekillendirmeye \u00e7al\u0131\u015fan insanlard\u0131r. Onlar\u0131n paradigmas\u0131, yaln\u0131zca y\u00f6netim bi\u00e7imlerini de\u011fil, ayn\u0131 zamanda insanl\u0131\u011f\u0131n ortak haf\u0131zas\u0131n\u0131 da derinden yaralarlar.<\/p>\n\n\n\n<p>G\u00fc\u00e7, do\u011fas\u0131 gere\u011fi d\u00fczen kurma ve y\u00f6nlendirme potansiyeli ta\u015f\u0131r. Ancak bu potansiyel, denge ve adaletle birle\u015fmedi\u011finde bir sarho\u015flu\u011fa d\u00f6n\u00fc\u015f\u00fcr. G\u00fc\u00e7 sarho\u015fu olan azg\u0131nlar, kendilerini mutlak hakikatin temsilcisi olarak g\u00f6r\u00fcrler. Her \u015feyi kendilerinin en iyi bildi\u011fini san\u0131r ve ele\u015ftiriye kapal\u0131, farkl\u0131 seslere asla tahamm\u00fclleri yoktur. Onlar\u0131n g\u00f6z\u00fcnde toplum, kendi ihtiraslar\u0131n\u0131 tatmin edecek bir ara\u00e7tan ibarettir.<\/p>\n\n\n\n<p>Bu azg\u0131nlar\u0131n paradigmas\u0131 \u00fc\u00e7 temel unsur \u00fczerine kuruludur:<\/p>\n\n\n\n<p>&nbsp; &nbsp; 1- M\u00fclkiyet\u00e7ilik: G\u00fcc\u00fc s\u0131n\u0131rs\u0131z ve sorgulanamaz bir hak olarak g\u00f6r\u00fcrler. Her istediklerini yapma hakk\u0131na sahip oldu\u011funa inan\u0131rlar ve yaparlar. Zul\u00fcm, e\u015fk\u0131yal\u0131k, katliamlar ve hatta soyk\u0131r\u0131mlar yaparlar.<\/p>\n\n\n\n<p>&nbsp; &nbsp; 2- Korku ve bask\u0131: Toplumu kontrol alt\u0131nda tutmak i\u00e7in korku \u00fcretir, bask\u0131y\u0131 me\u015frula\u015ft\u0131r\u0131rlar. S\u0131n\u0131rs\u0131z ve sorumsuz davran\u0131\u015flar\u0131yla hem i\u00e7inde bulundu\u011fu topluma, hem de t\u00fcm insanl\u0131\u011fa kar\u015f\u0131 sayg\u0131s\u0131z ve kabaday\u0131ca davran\u0131rlar.<\/p>\n\n\n\n<p>&nbsp; &nbsp; 3- Kendi \u00e7\u0131kar\u0131n\u0131 evrenselle\u015ftirme: Kendi menfaatlerini toplumun, hatta insanl\u0131\u011f\u0131n \u00e7\u0131kar\u0131ym\u0131\u015f gibi sunarlar. Yapt\u0131klar\u0131 her t\u00fcrl\u00fc haks\u0131z ve hukuksuz eylem ve s\u00f6ylemlerini kendilerinde bir hak gibi g\u00f6r\u00fcrler ve g\u00f6sterirler.<\/p>\n\n\n\n<p>Bu paradigma, bireysel \u00f6zg\u00fcrl\u00fcklerin yok edilmesine, k\u00fclt\u00fcrel \u00e7e\u015fitlili\u011fin bast\u0131r\u0131lmas\u0131na ve toplumsal geli\u015fme ve ilerlemenin durmas\u0131na yol a\u00e7ar. Tarih boyunca imparatorluklar\u0131n \u00e7\u00f6k\u00fc\u015f\u00fc, diktat\u00f6rl\u00fcklerin y\u0131k\u0131l\u0131\u015f\u0131 ve halklar\u0131n isyan\u0131 hep bu g\u00fc\u00e7 sarho\u015flu\u011funun ka\u00e7\u0131n\u0131lmaz sonu\u00e7lar\u0131 olmu\u015ftur.<\/p>\n\n\n\n<p>Azg\u0131nlar\u0131n paradigmas\u0131na kar\u015f\u0131 en g\u00fc\u00e7l\u00fc panzehir, ele\u015ftirel d\u00fc\u015f\u00fcnce ve toplumsal bilin\u00e7tir. \u0130nsanl\u0131k, g\u00fcc\u00fcn payla\u015f\u0131lmas\u0131 gerekti\u011fini, adaletin ve \u00f6zg\u00fcrl\u00fc\u011f\u00fcn ancak \u00e7o\u011fulculukla ( herkesi kendin gibi g\u00f6rmekle)&nbsp; korunabilece\u011fini tarih defalarca g\u00f6stermi\u015ftir. Ger\u00e7ek adalet, ilerleme, g\u00fcc\u00fcn sarho\u015flu\u011funa kap\u0131lmadan, onu sorumlulukla ta\u015f\u0131yabilen liderlerle m\u00fcmk\u00fcnd\u00fcr.<\/p>\n\n\n\n<p>G\u00fc\u00e7, insan\u0131 y\u00fcceltebilir de yozla\u015ft\u0131rabilir de. \u00d6nemli olan, g\u00fcc\u00fc bir ama\u00e7 de\u011fil, bar\u0131\u015f, adalet ve insanl\u0131k i\u00e7in bir ara\u00e7 olarak g\u00f6rebilmek ve kullanabilmektir.<\/p>\n\n\n\n<p>G\u00fc\u00e7 sarho\u015flar\u0131n\u0131n paradigmas\u0131, yaln\u0131zca teorik bir kavram de\u011fil; tarih boyunca defalarca d\u00fcnyan\u0131n kar\u015f\u0131la\u015ft\u0131\u011f\u0131 bir ger\u00e7ekliktir. \u0130nsanl\u0131\u011f\u0131n ortak haf\u0131zas\u0131nda ve vahiy kaynakl\u0131 kutsal kitaplarda bu \u00f6rnekler, hem bir uyar\u0131 hem de ders ve ibret niteli\u011fi ta\u015f\u0131r.<\/p>\n\n\n\n<p>Roma \u0130mparatorlu\u011fu\u2019nun son d\u00f6nemlerinde imparatorlar\u0131n \u00e7o\u011fu, g\u00fcc\u00fc kendilerine mutlak bir hak olarak g\u00f6rm\u00fc\u015f ve ihtiraslar\u0131n\u0131 topluma devletin \u00e7\u0131kar\u0131ym\u0131\u015f gibi sunmu\u015flard\u0131r. \u00d6rne\u011fin Neron, sanat\u00e7\u0131 kimli\u011fiyle \u00f6ne \u00e7\u0131kmak isterken Roma\u2019y\u0131 ate\u015fe vermekle su\u00e7lanm\u0131\u015f, halk\u0131n ac\u0131s\u0131n\u0131 umursamadan kendi h\u0131rslar\u0131n\u0131 ortaya koymu\u015ftur. Bu g\u00fcn de ABD- \u0130srail ve \u0130ran sava\u015f\u0131 g\u00fc\u00e7 sarho\u015flu\u011funun nas\u0131l toplumsal felaketlere yol a\u00e7t\u0131\u011f\u0131 ve a\u00e7abilece\u011fini ac\u0131 bir \u015fekilde g\u00f6stermi\u015ftir.<\/p>\n\n\n\n<p>Orta \u00c7a\u011f\u2019da Avrupa\u2019da kilise otoritesi, farkl\u0131 d\u00fc\u015f\u00fcnceleri bast\u0131rmak i\u00e7in engizisyon mahkemelerini kurmu\u015ftu. Burada g\u00f6r\u00fclen paradigma, korku ve bask\u0131 yoluyla toplumu kontrol etmekti. G\u00fc\u00e7 sarho\u015flu\u011fu, H\u0131ristiyan dini dogmay\u0131, kilise otoritesini mutlak hakikat olarak dayat\u0131rken binlerce insan\u0131n da hayat\u0131na mal oldu.<\/p>\n\n\n\n<p>Frans\u0131z Devrimi, \u00f6zg\u00fcrl\u00fck ve e\u015fitlik idealleriyle ba\u015flam\u0131\u015f olsa da k\u0131sa s\u00fcrede Jakoben bir diktaya d\u00f6n\u00fc\u015ft\u00fc. Robespierre, \u201cerdem\u201d ad\u0131na binlerce ki\u015fiyi giyotine g\u00f6ndermi\u015fti. Burada g\u00f6r\u00fclen \u00f6rnek, g\u00fc\u00e7 sarho\u015flu\u011funun ideallerin bile yozla\u015fmas\u0131na yol a\u00e7abilece\u011fini g\u00f6sterdi.<\/p>\n\n\n\n<p>Adolf Hitler, ulusal gururu ve&nbsp;<a href=\"https:\/\/ekonomi.haber7.com\/\" target=\"_blank\" rel=\"noreferrer noopener\">ekonomi<\/a>k s\u0131k\u0131nt\u0131lar\u0131 kendi h\u0131rslar\u0131 i\u00e7in kullanarak milyonlar\u0131n \u00f6l\u00fcm\u00fcne sebep olmakla kalmad\u0131. D\u00fcnyay\u0131 kana bulad\u0131.<\/p>\n\n\n\n<p>Joseph Stalin, korku ve bask\u0131 \u00fczerine kurdu\u011fu d\u00fczenle milyonlarca insan\u0131 s\u00fcrg\u00fcn etti, a\u00e7l\u0131\u011fa ve \u00f6l\u00fcme mahk\u00fbm etti. Kom\u00fcnist ideoloji Marksist fa\u015fizme teslim oldu.<\/p>\n\n\n\n<p>Suriye diktat\u00f6r\u00fc Esed\u2019 in \u00fclkesini bir kan g\u00f6l\u00fc haline getirmesi kendinden \u00f6nceki diktat\u00f6rlerin yolunu izlemesiydi. O da, \u0130ran \u015fah\u0131 Pehlevi gibi d\u00fcnyada kendisi mezar bulam\u0131yor. O da \u015fah gibi \u00f6l\u00fcnce Firavunlar\u0131n yan\u0131na g\u00f6m\u00fclmeyi bekliyor.<\/p>\n\n\n\n<p>Son olarak \u0130srail ABD ve \u0130srail ittifak\u0131n\u0131n Gazze ve L\u00fcbnan\u2019da binlerce insan\u0131n katletmesi, y\u00fczbinlerce insan\u0131 yaral\u0131 ve milyonlarca insan\u0131 evsiz yurtsuz ve vatans\u0131z b\u0131rakmas\u0131, haks\u0131z ve hukuksuz \u0130ran\u2019a sald\u0131rmas\u0131 d\u00fcnya \u00e7ap\u0131nda siyasi ve ekonomik bir krize sebep olmu\u015ftur.&nbsp;<\/p>\n\n\n\n<p>Tarih bize \u015funu \u00f6\u011fretti; G\u00fc\u00e7, denetlenmedi\u011fi ve payla\u015f\u0131lmad\u0131\u011f\u0131nda, insan\u0131 kontrol d\u0131\u015f\u0131 b\u0131rak\u0131r ve azg\u0131nla\u015ft\u0131r\u0131r. Bu azg\u0131nl\u0131k, bireysel ihtiraslar\u0131n toplumsal felaketlere d\u00f6n\u00fc\u015fmesine yol a\u00e7ar. \u0130nsanl\u0131\u011f\u0131n ilerlemesi, g\u00fcc\u00fc s\u0131n\u0131rlayan kurumlar, \u00f6zg\u00fcr bas\u0131n, \u00e7o\u011fulculuk ve ele\u015ftirel d\u00fc\u015f\u00fcnce ortam\u0131 meydana getirmekle m\u00fcmk\u00fcnd\u00fcr.<\/p>\n\n\n\n<p>B\u00fct\u00fcn bunlara ra\u011fmen zalim otorite ve devletlere kar\u015f\u0131 adalet ve bar\u0131\u015f\u0131, insanl\u0131\u011f\u0131 ve d\u00fcnyam\u0131z\u0131 savunup korumak i\u00e7in kontrol edilebilen g\u00fc\u00e7 \u00f6nemli bir ihtiya\u00e7t\u0131r. Kontrols\u00fcz g\u00fcc\u00fc ancak kontroll\u00fc bir g\u00fc\u00e7 durdurabilir. Her \u00e7a\u011fda, \u00e7a\u011fda\u015f Nemrut ve Firavunlar\u0131 durduracak \u00e7a\u011fda\u015f bir \u0130brahim ve Musa\u2019 ya ihtiya\u00e7 vard\u0131r. Yurdumuz, co\u011frafyam\u0131z ve d\u00fcnyadaki g\u00fc\u00e7 sarho\u015fu azg\u0131nlar\u0131 durduracak Muhammedi bir g\u00fc\u00e7 ve otoriteye ihtiya\u00e7 vard\u0131r.<\/p>\n\n\n\n<p>Her \u00e7a\u011f ve zamanda suyu su bo\u011fmu\u015f, ate\u015fi ate\u015f s\u00f6nd\u00fcrm\u00fc\u015f ve g\u00fcc\u00fc g\u00fc\u00e7 durdurmu\u015ftur. Az, \u00f6z ve organize olmu\u015f g\u00fc\u00e7ler, ne kadar b\u00fcy\u00fck olursa olsun kontrol edilemeyen azg\u0131nlara, ta\u015fk\u0131nlara, s\u0131n\u0131r ve \u00f6l\u00e7\u00fc tan\u0131mayanlara kar\u015f\u0131 galip gelmi\u015ftir.<\/p>\n\n\n\n<p>&nbsp;\u201cHi\u00e7 \u015f\u00fcphesiz ki Allah&#8217;\u0131n askerleri (her zaman) galip gelecektir\u2019\u2019 (Maide, 56) \u00d6nemli olan her ne pahas\u0131na olursa olsun galip gelmek de\u011fil, Allah\u2019\u0131n askeri olabilmektir. \u00c7\u00fcnk\u00fc d\u00fcnyada Hakk\u0131, hukuku, adalet ve bar\u0131\u015f\u0131 tesis edecek olanlar sadece Allah\u2019\u0131n askerleridir.&nbsp;<\/p>\n\n\n\n<p><\/p>\n","protected":false},"excerpt":{"rendered":"<p>D\u00fcnya&nbsp;tarihine bakt\u0131\u011f\u0131m\u0131zda, iktidar\u0131n cazibesi kar\u015f\u0131s\u0131nda akl\u0131n\u0131 yitiren, onu g\u00fcc\u00fc bir uyu\u015fturucu gibi t\u00fcketen azg\u0131nlar\u0131n izlerine s\u0131k s\u0131k rastlan\u0131r. Bu ki\u015filer, \u00e7o\u011fu zaman kendi h\u0131rslar\u0131n\u0131n esiri olmu\u015f, toplumlar\u0131n kaderini kendi ihtiraslar\u0131n\u0131n g\u00f6lgesinde \u015fekillendirmeye \u00e7al\u0131\u015fan insanlard\u0131r. Onlar\u0131n paradigmas\u0131, yaln\u0131zca y\u00f6netim bi\u00e7imlerini de\u011fil, ayn\u0131 zamanda insanl\u0131\u011f\u0131n ortak haf\u0131zas\u0131n\u0131 da derinden yaralarlar. G\u00fc\u00e7, do\u011fas\u0131 gere\u011fi d\u00fczen kurma ve y\u00f6nlendirme &hellip;<\/p>\n","protected":false},"author":2,"featured_media":53306,"comment_status":"open","ping_status":"open","sticky":false,"template":"","format":"standard","meta":{"om_disable_all_campaigns":false,"_themeisle_gutenberg_block_has_review":false,"_joinchat":[],"footnotes":""},"categories":[49,1,43],"tags":[],"class_list":["post-53305","post","type-post","status-publish","format-standard","has-post-thumbnail","","category-arif","category-genel","category-yazarlar"],"_links":{"self":[{"href":"https:\/\/akincilardergisi.com\/tr\/wp-json\/wp\/v2\/posts\/53305","targetHints":{"allow":["GET"]}}],"collection":[{"href":"https:\/\/akincilardergisi.com\/tr\/wp-json\/wp\/v2\/posts"}],"about":[{"href":"https:\/\/akincilardergisi.com\/tr\/wp-json\/wp\/v2\/types\/post"}],"author":[{"embeddable":true,"href":"https:\/\/akincilardergisi.com\/tr\/wp-json\/wp\/v2\/users\/2"}],"replies":[{"embeddable":true,"href":"https:\/\/akincilardergisi.com\/tr\/wp-json\/wp\/v2\/comments?post=53305"}],"version-history":[{"count":1,"href":"https:\/\/akincilardergisi.com\/tr\/wp-json\/wp\/v2\/posts\/53305\/revisions"}],"predecessor-version":[{"id":53307,"href":"https:\/\/akincilardergisi.com\/tr\/wp-json\/wp\/v2\/posts\/53305\/revisions\/53307"}],"wp:featuredmedia":[{"embeddable":true,"href":"https:\/\/akincilardergisi.com\/tr\/wp-json\/wp\/v2\/media\/53306"}],"wp:attachment":[{"href":"https:\/\/akincilardergisi.com\/tr\/wp-json\/wp\/v2\/media?parent=53305"}],"wp:term":[{"taxonomy":"category","embeddable":true,"href":"https:\/\/akincilardergisi.com\/tr\/wp-json\/wp\/v2\/categories?post=53305"},{"taxonomy":"post_tag","embeddable":true,"href":"https:\/\/akincilardergisi.com\/tr\/wp-json\/wp\/v2\/tags?post=53305"}],"curies":[{"name":"wp","href":"https:\/\/api.w.org\/{rel}","templated":true}]}}