{"id":53172,"date":"2026-03-19T02:32:40","date_gmt":"2026-03-18T23:32:40","guid":{"rendered":"https:\/\/akincilardergisi.com\/tr\/?p=53172"},"modified":"2026-03-19T02:32:42","modified_gmt":"2026-03-18T23:32:42","slug":"naylon-devletler-yetis-ya-trump-diyor","status":"publish","type":"post","link":"https:\/\/akincilardergisi.com\/tr\/naylon-devletler-yetis-ya-trump-diyor\/","title":{"rendered":"NAYLON DEVLETLER \u201cYET\u0130\u015e YA TRUMP\u201d D\u0130YOR"},"content":{"rendered":"\n<p>Birka\u00e7 yaz\u0131d\u0131r<\/p>\n\n\n\n<p>San\u0131ld\u0131\u011f\u0131 gibi d\u00fcnyada 200 civar\u0131nda devlet olmad\u0131\u011f\u0131n\u0131\u2026<\/p>\n\n\n\n<p>D\u00fcnyada \u201cDevlet\u201d diyebilece\u011fimiz \u00fclke say\u0131s\u0131n\u0131n 20\u2019yi bulmad\u0131\u011f\u0131n\u0131\u2026<\/p>\n\n\n\n<p>Binaenaleyh<\/p>\n\n\n\n<p>Kurulacak bir K\u00fcrt devletinin K\u00fcrt karde\u015flerimize faydadan \u00e7ok zarar verece\u011fini\u2026<\/p>\n\n\n\n<p>Bunun yerine K\u00fcrt karde\u015flerimizin<\/p>\n\n\n\n<p>\u0130dris-i Bitlisi gibi \u00dcmmet bilinciyle davran\u0131p T\u00fcrkiye \u00f6nc\u00fcl\u00fc\u011f\u00fcnde b\u00fcy\u00fck bir devletin \u00fcyesi olarak tarihteki \u015ferefli yerlerini almalar\u0131 gerekti\u011fini yazm\u0131\u015ft\u0131m.<\/p>\n\n\n\n<p>Cumhurba\u015fkan\u0131m\u0131z ve Say\u0131n Bah\u00e7eli\u2019nin davetiyle;<\/p>\n\n\n\n<p>K\u00fcrt liderler de makul olan\u0131 se\u00e7mi\u015f olup \u015fu anda s\u00fcre\u00e7 bu y\u00f6nde devam etmektedir.<\/p>\n\n\n\n<p><strong>\u0130K\u0130 F\u00dcZE YETT\u0130<\/strong><\/p>\n\n\n\n<p>Bu d\u00fc\u015f\u00fcncemizde<\/p>\n\n\n\n<p>Ne kadar hakl\u0131 oldu\u011fumuzu ABD+\u0130srail-\u0130ran sava\u015f\u0131nda g\u00f6rd\u00fck.<\/p>\n\n\n\n<p>\u0130ran\u2019\u0131n<\/p>\n\n\n\n<p>K\u00f6rfezde bulunan naylon devletlere att\u0131\u011f\u0131 2 f\u00fcze nefeslerini kesmeye yetti.<\/p>\n\n\n\n<p>\u015eimdi durmadan kendilerini neden korumuyor diye ABD Ba\u015fkan\u0131 Trump\u2019a sitem edip duruyorlar.<\/p>\n\n\n\n<p><strong>CUMHURBA\u015eKANIMIZ SERT TEPK\u0130 G\u00d6STERMESE<\/strong><\/p>\n\n\n\n<p><strong>B\u0130R NAYLON DEVLET\u0130M\u0130Z DAHA OLACAKTI<\/strong><\/p>\n\n\n\n<p>Hat\u0131rlanacak olursa<\/p>\n\n\n\n<p>Bir m\u00fcddet \u00f6nce Mesut Barzani m\u00fcstakil bir devlet olmak i\u00e7in Irak\u2019\u0131n K\u00fcrdistan b\u00f6lgesinde referandum yapmak istemi\u015fti.<\/p>\n\n\n\n<p>Cumhurba\u015fkan\u0131m\u0131z<\/p>\n\n\n\n<p>Buna sert tepki verince Barzani geri ad\u0131m atmak zorunda kald\u0131.<\/p>\n\n\n\n<p>Tahmin ederim Barzani \u015fimdi Cumhurba\u015fkan\u0131m\u0131z Tayyip Bey\u2019in bu konuda ne kadar hakl\u0131 oldu\u011funu anlam\u0131\u015ft\u0131r.<\/p>\n\n\n\n<p>\u00c7\u00fcnk\u00fc<\/p>\n\n\n\n<p>B\u00f6lgesel y\u00f6netim ABD eliyle ba\u011f\u0131ms\u0131z(!) oldu\u011funda en b\u00fcy\u00fck ABD \u00fcslerinin burada kurulaca\u011f\u0131 a\u015fikard\u0131r.<\/p>\n\n\n\n<p>Binaenaleyh<\/p>\n\n\n\n<p>Sava\u015f\u0131n bu k\u0131zg\u0131n an\u0131nda \u0130ran<\/p>\n\n\n\n<p>\u0130srail\u2019 g\u00f6nderece\u011fi f\u00fczelerden daha \u00e7ok bu K\u00fcrt b\u00f6lgesine ya\u011fd\u0131r\u0131r.. b\u00fcy\u00fck bir felaket ya\u015fat\u0131rd\u0131.<\/p>\n\n\n\n<p>Nitekim Dubai \u00f6rne\u011fi kar\u015f\u0131m\u0131zda duruyor. \u015eu anda b\u00fcy\u00fck bir kaos i\u00e7indeler.<\/p>\n\n\n\n<p>Yani<\/p>\n\n\n\n<p>Bir bayrak, bir milli mar\u015f, bir de parlamento olunca devlet olunmuyormu\u015f.<\/p>\n\n\n\n<p><strong>2006 DUBA\u0130<\/strong><\/p>\n\n\n\n<p>Endonezya\u2019da kurban \u00e7al\u0131\u015fmalar\u0131na kat\u0131lmak i\u00e7in 2006 y\u0131l\u0131nda Dubai aktarmal\u0131 u\u00e7mu\u015ftuk.<\/p>\n\n\n\n<p>D\u00f6n\u00fc\u015fte Dubai\u2019de Filistinli bir dostumuzun 1-2 g\u00fcn misafiri olmu\u015f<\/p>\n\n\n\n<p>Ve<\/p>\n\n\n\n<p>Dubai\u2019de y\u00fckselen o korkun\u00e7 devasa in\u015faatlar\u0131 yak\u0131ndan g\u00f6rme imk\u00e2n\u0131 bulmu\u015f.. \u00fcrkm\u00fc\u015ft\u00fcm. \u00d6yle hesaps\u0131z bir \u015fekilde kuleler dikiyorlard\u0131 ki, \u00fcrkmemek m\u00fcmk\u00fcn de\u011fildi.<\/p>\n\n\n\n<p>\u00c7ok de\u011fil<\/p>\n\n\n\n<p>2 y\u0131l sonra o in\u015faatlar ellerinde patlay\u0131nca krize girmi\u015flerdi.<\/p>\n\n\n\n<p>NOT 1: BAE yak\u0131n zamanda \u00fclkedeki t\u00fcm Filistinlilerle birlikte bu dostumuzu da de port etti.<\/p>\n\n\n\n<p><strong>HONG-KONG\u2019A KAR\u015eI DUBA\u0130<\/strong><\/p>\n\n\n\n<p>B\u00fcy\u00fck ihtimalle BAE\u2019nin<\/p>\n\n\n\n<p>O krizden \u00e7\u0131kmalar\u0131nda (Morgage Krizi) Amerikal\u0131 Siyonist finans\u00f6rlerin etkisi olmu\u015f ve kurulu\u015fta \u0130ngiliz kolonisi iken d\u00fcmeni ABD\u2019ye k\u0131rarak, \u0130srail\u2019in b\u00f6lgedeki en kuvvetli m\u00fcttefiki olmu\u015flard\u0131.<\/p>\n\n\n\n<p>BAE \u0130srail\u2019in m\u00fcttefiki olunca haliyle bizimle u\u011fra\u015fma.. bize engel olma g\u00f6revini de alm\u0131\u015f oluyordu.<\/p>\n\n\n\n<p>Bize kar\u015f\u0131 olan bu hasmane tutumunu t\u00fcm yenilgi ve ikazlara ra\u011fmen devam ettirdi (D. Akdeniz\u2019de.. Libya\u2019da.. Sudan\u2019da besledi\u011fi paramiliter g\u00fc\u00e7ler hep kar\u015f\u0131m\u0131za \u00e7\u0131kt\u0131)<\/p>\n\n\n\n<p>Cumhurba\u015fkan\u0131m\u0131z bir-iki ziyaret edip BAE\u2019yi bu yanl\u0131\u015f yoldan \u00e7evirmek istedi ama olmad\u0131.<\/p>\n\n\n\n<p>\u015eimdi<\/p>\n\n\n\n<p>Kurduklar\u0131 o yalan ve masal d\u00fcnyas\u0131,<\/p>\n\n\n\n<p>\u0130ran\u2019\u0131n att\u0131\u011f\u0131 2 f\u00fcze kar\u015f\u0131s\u0131nda nas\u0131l darmada\u011f\u0131n oldu\u011funu t\u00fcm d\u00fcnya ile birlikte ibretle g\u00f6r\u00fcyoruz.<\/p>\n\n\n\n<p>NOT 2:<\/p>\n\n\n\n<p>Hong-Kong\u2019u 99 y\u0131ll\u0131\u011f\u0131na \u00c7in\u2019den kiralayan \u0130ngilizler<\/p>\n\n\n\n<p>Buray\u0131<\/p>\n\n\n\n<p>Finans, ticaret ve ula\u015f\u0131m \u00fcss\u00fc yapm\u0131\u015flard\u0131. S\u00fcre 1999 y\u0131l\u0131nda bitince s\u00fcreyi uzatamayacaklar\u0131n\u0131 anlay\u0131p 1970\u2019ten itibaren buraya alternatif olarak Dubai\u2019yi finans, ticaret ve ula\u015f\u0131m+turizm merkezi yapt\u0131lar.<\/p>\n\n\n\n<p>Buna kar\u015f\u0131l\u0131k \u00c7in de<\/p>\n\n\n\n<p>Hong-Kong\u2019u \u0130ngilizlerden alamama durumuna kar\u015f\u0131l\u0131k benzer \u00f6zelliklere sahip ama ayn\u0131 zamanda \u00fcretim \u015fehri olan \u015eenzen (Shenzhen) \u015fehrini kurdu.<\/p>\n\n\n\n<p><strong>SAVA\u015e DEVAM ED\u0130YOR<\/strong><\/p>\n\n\n\n<p><strong>BABA EVE D\u00d6NME HAZIRLI\u011eI YAPIYOR<\/strong><\/p>\n\n\n\n<p>\u015eimdi b\u00f6lge \u00fclkeleri<\/p>\n\n\n\n<p>\u201cNe olacak halimiz\u2026\u201d diye kara kara d\u00fc\u015f\u00fcn\u00fcyorlar.<\/p>\n\n\n\n<p>Olaca\u011f\u0131 \u015fudur:<\/p>\n\n\n\n<p>Yakla\u015f\u0131k y\u00fcz y\u0131l \u00f6nce a\u00e7\u0131lan parantez kapanmak \u00fczere olaylar h\u0131zla geli\u015fiyor.<\/p>\n\n\n\n<p>B\u00f6lgenin ger\u00e7ek sahipleri geri gelecek<\/p>\n\n\n\n<p>Ve zaman\u0131nda<\/p>\n\n\n\n<p>\u0130ngilizlerle Frans\u0131zlar\u0131n \u00e7izdi\u011fi suni s\u0131n\u0131rlar\u0131n do\u011furdu\u011fu karga\u015fa son bulacak. B\u00f6lge \u00fclkeleri de g\u00fc\u00e7l\u00fc ve b\u00fcy\u00fck T\u00fcrkiye\u2019nin etraf\u0131nda yerlerini alacaklar.<\/p>\n\n\n\n<p>Aksi halde<\/p>\n\n\n\n<p>Y\u00fcz y\u0131ld\u0131r g\u00f6r\u00fcld\u00fc\u011f\u00fc gibi kurda ku\u015fa yem olmaya devam edecekler.<\/p>\n\n\n\n<p>17. 03. 2026<\/p>\n\n\n\n<p><strong>Emin Batur<\/strong><\/p>\n\n\n\n<p><\/p>\n","protected":false},"excerpt":{"rendered":"<p>Birka\u00e7 yaz\u0131d\u0131r San\u0131ld\u0131\u011f\u0131 gibi d\u00fcnyada 200 civar\u0131nda devlet olmad\u0131\u011f\u0131n\u0131\u2026 D\u00fcnyada \u201cDevlet\u201d diyebilece\u011fimiz \u00fclke say\u0131s\u0131n\u0131n 20\u2019yi bulmad\u0131\u011f\u0131n\u0131\u2026 Binaenaleyh Kurulacak bir K\u00fcrt devletinin K\u00fcrt karde\u015flerimize faydadan \u00e7ok zarar verece\u011fini\u2026 Bunun yerine K\u00fcrt karde\u015flerimizin \u0130dris-i Bitlisi gibi \u00dcmmet bilinciyle davran\u0131p T\u00fcrkiye \u00f6nc\u00fcl\u00fc\u011f\u00fcnde b\u00fcy\u00fck bir devletin \u00fcyesi olarak tarihteki \u015ferefli yerlerini almalar\u0131 gerekti\u011fini yazm\u0131\u015ft\u0131m. Cumhurba\u015fkan\u0131m\u0131z ve Say\u0131n Bah\u00e7eli\u2019nin davetiyle; &hellip;<\/p>\n","protected":false},"author":14,"featured_media":53173,"comment_status":"open","ping_status":"open","sticky":false,"template":"","format":"standard","meta":{"om_disable_all_campaigns":false,"_themeisle_gutenberg_block_has_review":false,"_joinchat":[],"footnotes":""},"categories":[56,38,43],"tags":[],"class_list":["post-53172","post","type-post","status-publish","format-standard","has-post-thumbnail","","category-emin","category-guncel","category-yazarlar"],"_links":{"self":[{"href":"https:\/\/akincilardergisi.com\/tr\/wp-json\/wp\/v2\/posts\/53172","targetHints":{"allow":["GET"]}}],"collection":[{"href":"https:\/\/akincilardergisi.com\/tr\/wp-json\/wp\/v2\/posts"}],"about":[{"href":"https:\/\/akincilardergisi.com\/tr\/wp-json\/wp\/v2\/types\/post"}],"author":[{"embeddable":true,"href":"https:\/\/akincilardergisi.com\/tr\/wp-json\/wp\/v2\/users\/14"}],"replies":[{"embeddable":true,"href":"https:\/\/akincilardergisi.com\/tr\/wp-json\/wp\/v2\/comments?post=53172"}],"version-history":[{"count":1,"href":"https:\/\/akincilardergisi.com\/tr\/wp-json\/wp\/v2\/posts\/53172\/revisions"}],"predecessor-version":[{"id":53174,"href":"https:\/\/akincilardergisi.com\/tr\/wp-json\/wp\/v2\/posts\/53172\/revisions\/53174"}],"wp:featuredmedia":[{"embeddable":true,"href":"https:\/\/akincilardergisi.com\/tr\/wp-json\/wp\/v2\/media\/53173"}],"wp:attachment":[{"href":"https:\/\/akincilardergisi.com\/tr\/wp-json\/wp\/v2\/media?parent=53172"}],"wp:term":[{"taxonomy":"category","embeddable":true,"href":"https:\/\/akincilardergisi.com\/tr\/wp-json\/wp\/v2\/categories?post=53172"},{"taxonomy":"post_tag","embeddable":true,"href":"https:\/\/akincilardergisi.com\/tr\/wp-json\/wp\/v2\/tags?post=53172"}],"curies":[{"name":"wp","href":"https:\/\/api.w.org\/{rel}","templated":true}]}}