{"id":53161,"date":"2026-03-13T12:58:10","date_gmt":"2026-03-13T09:58:10","guid":{"rendered":"https:\/\/akincilardergisi.com\/tr\/?p=53161"},"modified":"2026-03-19T23:15:01","modified_gmt":"2026-03-19T20:15:01","slug":"iran-siiligi-ne-kadar-alevi","status":"publish","type":"post","link":"https:\/\/akincilardergisi.com\/tr\/iran-siiligi-ne-kadar-alevi\/","title":{"rendered":"\u0130RAN \u015e\u0130\u0130L\u0130\u011e\u0130 NE KADAR ALEV\u0130?\u00a0"},"content":{"rendered":"\n<p>\u0130ranl\u0131lar\u0131n \u015eiili\u011fi Hz Ali veya Hz H\u00fcseyin taraftarl\u0131\u011f\u0131 de\u011fil \u015eehribanu taraftarl\u0131\u011f\u0131dir esasen.&nbsp;<\/p>\n\n\n\n<p>\u015e\u00f6yle:<\/p>\n\n\n\n<p>\u015eehribanu Sasani h\u00fck\u00fcmdar\u0131n\u0131n k\u0131z\u0131d\u0131r.&nbsp;<\/p>\n\n\n\n<p>Sasani devleti Hz \u00d6mer zamaninda \u0130sl\u00e2m ordular\u0131 taraf\u0131ndan yikilinca k\u0131z\u0131 \u015eehribanu es\u00eer olarak al\u0131nd\u0131 ve Medine&#8217;ye getirildi.&nbsp;<\/p>\n\n\n\n<p>Esir oldu\u011fu i\u00e7in ganimet idi ve neticede&nbsp; birisine verilecekti.&nbsp;<\/p>\n\n\n\n<p>Ancak Hz Ali bu konuda Hz \u00d6mer&#8217;e, bu k\u0131z\u0131n&nbsp; bir prenses&nbsp; ve soylu birisi oldu\u011fu ve dolay\u0131s\u0131yla denkliginin g\u00f6zetilmesinin din emri oldu\u011funu s\u00f6yleyince Hz \u00d6mer de buna istinaden k\u0131z\u0131 Hz Ali&#8217;ye verdi. Hz Ali de k\u0131z\u0131, o\u011flu H\u00fcseyin ile evlendirdi. (\u0130sl\u00e2m esir hukukunun ne oldu\u011funu da g\u00f6r\u00fcn ayr\u0131ca)&nbsp;<\/p>\n\n\n\n<p>B\u00f6ylece Hz H\u00fcseyin bir bak\u0131ma \u0130ran Saray\u0131&#8217;n\u0131n ve \u0130ran h\u00fck\u00fcmdarl\u0131\u011f\u0131n\u0131n damad\u0131 oldu.&nbsp;<\/p>\n\n\n\n<p>\u0130lk imam Zeynel Abidin bu k\u0131zdan do\u011fmad\u0131r ve dolay\u0131s\u0131yla 12 imam denilen silsilenin de ba\u015f\u0131d\u0131r ve atas\u0131d\u0131r. Dolay\u0131s\u0131yla hz H\u00fcseyin \u0130ran devlet ve millet akl\u0131n\u0131n damad\u0131 oldu\u011fu kadar ayn\u0131 zamanda atas\u0131 olmu\u015f olmaktad\u0131r.&nbsp;<\/p>\n\n\n\n<p>Yani iranilar i\u00e7in H\u00fcseyincilik ve oniki imamcilik bir inan\u00e7 durumu de\u011fil bir asabiyet durumudur.&nbsp;<\/p>\n\n\n\n<p>\u0130yi bir \u015fey m\u0131 yoksa k\u00f6t\u00fc bir \u015fey mi?&nbsp;<\/p>\n\n\n\n<p>Bir \u015feyin asl\u0131 as\u0131ld\u0131r. As\u0131lda k\u00f6t\u00fcl\u00fck yoktur amma d\u00fcnyada her \u015fey ayn\u0131 zamanda hem iyilik hem de k\u00f6t\u00fcl\u00fck olabilir.&nbsp;<\/p>\n\n\n\n<p>Araf diye zaten bu duruma deniliyor.&nbsp;<\/p>\n\n\n\n<p>Araf horozun ibigi, at\u0131n yelesi demektir ve ayn\u0131 zamanda araf s\u0131rat \u00fczerinde d\u00fc\u015ft\u00fc d\u00fc\u015fecek halidir. Denge hayat, sa\u011fa d\u00fc\u015fmek kurtulu\u015f sola d\u00fc\u015fmek cehennem&#8230;&nbsp;<\/p>\n\n\n\n<p>Yani kendi asl\u0131 ile iyi olan bir \u015fey pekala k\u00f6t\u00fcl\u00fck olarak devam edebilir.&nbsp;<\/p>\n\n\n\n<p>\u00d6rne\u011fi \u00e7ok.&nbsp;<\/p>\n\n\n\n<p>Mesel\u00e2 Mustafa Kemal, Atat\u00fcrk ve kemalizm ve Atat\u00fcrk\u00e7\u00fcl\u00fck ve hatta Atat\u00fcrk d\u00fc\u015fmanl\u0131\u011f\u0131 \u00f6yle bir \u015feydir.&nbsp;<\/p>\n\n\n\n<p>Mustafa Kemal bir Osmanl\u0131 askeri, bir vatan fedaisi iken Atat\u00fcrk edilmi\u015f ve \u015fimdi onun ismi \u00fczerinden millet ve din d\u00fc\u015fmanl\u0131\u011f\u0131 yap\u0131ld\u0131\u011f\u0131 gibi bir de Atat\u00fcrk d\u00fc\u015fmanl\u0131\u011f\u0131 ve hatta Mustafa Kemal d\u00fc\u015fmanl\u0131\u011f\u0131 yap\u0131l\u0131yor.&nbsp;<\/p>\n\n\n\n<p>\u0130nce mesele ve \u00e7ok kal\u0131n mesele.&nbsp;<\/p>\n\n\n\n<p>Ve \u015fimdi esas \u00f6l\u00e7\u00fc:<\/p>\n\n\n\n<p>Kur&#8217;an okumak as\u0131l olarak sevap.. Sevap demek i\u00e7inde hi\u00e7bir k\u00f6t\u00fcl\u00fck olmayan \u0131y\u0131l\u0131k demek. Kur&#8217;an okumada hi\u00e7bir k\u00f6t\u00fcl\u00fck yok ama bak\u0131n ne deniliyor.&nbsp;<\/p>\n\n\n\n<p>Deniliyor ki: &#8220;Kur&#8217;an-\u0131 Kerim&#8217;i birisine cevap vermek i\u00e7in okuyan kimse al\u00e7akl\u0131k eder.&#8221;<\/p>\n\n\n\n<p>Yani ne diyor? Hayat\u0131n\u0131 Kuran&#8217;a g\u00f6re ya\u015fayacaks\u0131n ama Kur&#8217;an-\u0131 ba\u015fkas\u0131n\u0131 alt etmek niyetiyle hem okumayacak hem kullanmayacaks\u0131n.&nbsp;<\/p>\n\n\n\n<p>M\u00fcmk\u00fcn m\u00fc?&nbsp;<\/p>\n\n\n\n<p>M\u00fcmk\u00fcn hemen yap\u0131l\u0131r imkans\u0131z zaman al\u0131r.&nbsp;<\/p>\n\n\n\n<p>\u0130\u015f imkans\u0131z\u0131 yapmakta ve horozun ibigi ve at\u0131n yelesi olup dik durabilmekte&#8230;&nbsp;<\/p>\n\n\n\n<p>Kolay gelsin.<\/p>\n","protected":false},"excerpt":{"rendered":"<p>\u0130ranl\u0131lar\u0131n \u015eiili\u011fi Hz Ali veya Hz H\u00fcseyin taraftarl\u0131\u011f\u0131 de\u011fil \u015eehribanu taraftarl\u0131\u011f\u0131dir esasen.&nbsp; \u015e\u00f6yle: \u015eehribanu Sasani h\u00fck\u00fcmdar\u0131n\u0131n k\u0131z\u0131d\u0131r.&nbsp; Sasani devleti Hz \u00d6mer zamaninda \u0130sl\u00e2m ordular\u0131 taraf\u0131ndan yikilinca k\u0131z\u0131 \u015eehribanu es\u00eer olarak al\u0131nd\u0131 ve Medine&#8217;ye getirildi.&nbsp; Esir oldu\u011fu i\u00e7in ganimet idi ve neticede&nbsp; birisine verilecekti.&nbsp; Ancak Hz Ali bu konuda Hz \u00d6mer&#8217;e, bu k\u0131z\u0131n&nbsp; bir prenses&nbsp; ve &hellip;<\/p>\n","protected":false},"author":17,"featured_media":53164,"comment_status":"open","ping_status":"open","sticky":false,"template":"","format":"standard","meta":{"om_disable_all_campaigns":false,"_themeisle_gutenberg_block_has_review":false,"_joinchat":[],"footnotes":""},"categories":[53,38,43],"tags":[],"class_list":["post-53161","post","type-post","status-publish","format-standard","has-post-thumbnail","","category-aydin","category-guncel","category-yazarlar"],"_links":{"self":[{"href":"https:\/\/akincilardergisi.com\/tr\/wp-json\/wp\/v2\/posts\/53161","targetHints":{"allow":["GET"]}}],"collection":[{"href":"https:\/\/akincilardergisi.com\/tr\/wp-json\/wp\/v2\/posts"}],"about":[{"href":"https:\/\/akincilardergisi.com\/tr\/wp-json\/wp\/v2\/types\/post"}],"author":[{"embeddable":true,"href":"https:\/\/akincilardergisi.com\/tr\/wp-json\/wp\/v2\/users\/17"}],"replies":[{"embeddable":true,"href":"https:\/\/akincilardergisi.com\/tr\/wp-json\/wp\/v2\/comments?post=53161"}],"version-history":[{"count":1,"href":"https:\/\/akincilardergisi.com\/tr\/wp-json\/wp\/v2\/posts\/53161\/revisions"}],"predecessor-version":[{"id":53165,"href":"https:\/\/akincilardergisi.com\/tr\/wp-json\/wp\/v2\/posts\/53161\/revisions\/53165"}],"wp:featuredmedia":[{"embeddable":true,"href":"https:\/\/akincilardergisi.com\/tr\/wp-json\/wp\/v2\/media\/53164"}],"wp:attachment":[{"href":"https:\/\/akincilardergisi.com\/tr\/wp-json\/wp\/v2\/media?parent=53161"}],"wp:term":[{"taxonomy":"category","embeddable":true,"href":"https:\/\/akincilardergisi.com\/tr\/wp-json\/wp\/v2\/categories?post=53161"},{"taxonomy":"post_tag","embeddable":true,"href":"https:\/\/akincilardergisi.com\/tr\/wp-json\/wp\/v2\/tags?post=53161"}],"curies":[{"name":"wp","href":"https:\/\/api.w.org\/{rel}","templated":true}]}}