{"id":5316,"date":"2015-05-14T09:40:17","date_gmt":"2015-05-14T06:40:17","guid":{"rendered":"http:\/\/akincilardergisi.com\/dergi\/?p=5316"},"modified":"2023-11-07T11:29:45","modified_gmt":"2023-11-07T08:29:45","slug":"ezandan-daragacina-menderes","status":"publish","type":"post","link":"https:\/\/akincilardergisi.com\/tr\/ezandan-daragacina-menderes\/","title":{"rendered":"EZAN\u2019DAN DARA\u011eACINA MENDERES"},"content":{"rendered":"<p><span style=\"font-family: 'Palatino Linotype'\">Bug\u00fcn 14 May\u0131s 2015. Bundan tam altm\u0131\u015fbe\u015f y\u0131l \u00f6nce bug\u00fcn, T\u00fcrk siyasi tarihi a\u00e7\u0131s\u0131ndan \u00e7ok \u00f6nemli bir g\u00fcnd\u00fcr. Siyaset bilimcilerimiz, T\u00fcrkiye\u2019nin siyasi tarihini 14 May\u0131s 1950\u2019den \u00f6nce ve 14 May\u0131s 1950\u2019den sonra \u015feklinde iki devrede incelenmektedirler.<\/span><\/p>\n<p class=\"ecxMsoNormal\" style=\"text-align: justify\"><span style=\"font-family: 'Palatino Linotype'\">Peki, 14 May\u0131s 1950\u2019de ne oldu? Buna verilecek cevaplar\u0131n say\u0131s\u0131 olduk\u00e7a fazlad\u0131r, farkl\u0131d\u0131r ve herkesin kendine g\u00f6re verece\u011fi cevaplar vard\u0131r. Bu soruya verilecek cevaplar\u0131n farkl\u0131l\u0131\u011f\u0131 nerede durdu\u011funuza ve nereden bakt\u0131\u011f\u0131n\u0131za ba\u011fl\u0131d\u0131r. Bizim durdu\u011fumuz ve bakt\u0131\u011f\u0131m\u0131z yerden 14 May\u0131s 1950 \u015f\u00f6yle g\u00f6r\u00fclmektedir:<\/span><\/p>\n<p class=\"ecxMsoNormal\" style=\"text-align: justify\"><span style=\"font-family: 'Palatino Linotype'\">Ad\u0131 cumhuriyet olan bir idarenin diktat\u00f6rl\u00fck ve \u015feflik d\u00f6nemi son bulmu\u015ftur. <\/span><\/p>\n<p class=\"ecxMsoNormal\" style=\"text-align: justify\"><span style=\"font-family: 'Palatino Linotype'\">Bin y\u0131ld\u0131r minarelerinden semaya yank\u0131lanan ezan sesi 18 y\u0131ll\u0131k kesintinin ard\u0131ndan yine, yeniden semalar\u0131m\u0131zda yank\u0131lanmaya ba\u015flam\u0131\u015ft\u0131r.<\/span><\/p>\n<p class=\"ecxMsoNormal\" style=\"text-align: justify\"><span style=\"font-family: 'Palatino Linotype'\">Ba\u015fta Kur\u2019an-\u0131 Kerim olmak \u00fczere dini kitaplar\u0131m\u0131z\u0131n tamam\u0131 g\u00f6m\u00fcld\u00fckleri tarlalardan, sakland\u0131klar\u0131 ma\u011faralardan \u00e7\u0131kar\u0131lm\u0131\u015ft\u0131r. Bir zamanlar\u0131n su\u00e7 aletlerinin ba\u015f\u0131nda gelen Kur\u2019an-\u0131 Kerim ve di\u011fer dini kitaplar bug\u00fcn devletin ba\u015fkan\u0131 taraf\u0131ndan meydanlarda semaya kald\u0131r\u0131labiliyorsa bu 14 May\u0131s\u2019\u0131n kazan\u0131mlar\u0131ndand\u0131r.<\/span><\/p>\n<p class=\"ecxMsoNormal\" style=\"text-align: justify\"><span style=\"font-family: 'Palatino Linotype'\">\u0130nanc\u0131m\u0131za, k\u00fclt\u00fcr\u00fcm\u00fcze, tarihimize y\u00f6nelik her t\u00fcrl\u00fc sistematik bask\u0131n\u0131n, zulm\u00fcn, hakaretin ve k\u00fcfr\u00fcn sonu gelmi\u015ftir.<\/span><\/p>\n<p class=\"ecxMsoNormal\" style=\"text-align: justify\"><span style=\"font-family: 'Palatino Linotype'\">Gizli mek\u00e2nlarda dile getirilen hakikatler art\u0131k g\u00fcn \u0131\u015f\u0131\u011f\u0131nda konu\u015fulmaya ba\u015flanm\u0131\u015ft\u0131r. <\/span><\/p>\n<p class=\"ecxMsoNormal\" style=\"text-align: justify\"><span style=\"font-family: 'Palatino Linotype'\">K\u00f6yl\u00fclerin, \u015falvarl\u0131lar\u0131n \u015fehirlere al\u0131nmad\u0131\u011f\u0131 karanl\u0131k g\u00fcnleri son bulmu\u015ftur.<\/span><\/p>\n<p class=\"ecxMsoNormal\" style=\"text-align: justify\"><span style=\"font-family: 'Palatino Linotype'\">\u0130nsanlar\u0131m\u0131z devletin zulm\u00fcnden, Jandarman\u0131n dip\u00e7i\u011finden, Tahsildar\u0131n kam\u00e7\u0131s\u0131ndan ka\u00e7mak i\u00e7in yerle\u015ftikleri da\u011flardan k\u00f6ylere, kasabalara, \u015fehirlere inmeye ba\u015flam\u0131\u015ft\u0131r.<\/span><\/p>\n<p class=\"ecxMsoNormal\" style=\"text-align: justify\"><span style=\"font-family: 'Palatino Linotype'\">Anadolu insan\u0131 a\u00e7\u0131s\u0131ndan Menderes, sadece Ezan\u2019la g\u00f6r\u00fclmedi. Birilerinin \u201cAraplar\u0131n kitaplar\u0131n\u0131 develere y\u00fckledik, Araplara geri g\u00f6nderdik.\u201d demelerine ra\u011fmen,\u00a0 g\u00f6nderdik dedikleri kitaplar da \u00f6zg\u00fcrl\u00fc\u011f\u00fcne kavu\u015fmu\u015ftu. S\u00fcleyman Hilmi Tunahan\u2019\u0131n hayvan vagonlar\u0131nda Kur\u2019an-\u0131 Kerim\u2019i \u00f6\u011fretmek i\u00e7in verdi\u011fi m\u00fccadele insan\u0131m\u0131z\u0131n ve tarihin haf\u0131zas\u0131nda sakl\u0131d\u0131r. Menderes d\u00f6nemi, Jandarma dip\u00e7i\u011finin, Tahsildar\u0131n kam\u00e7\u0131s\u0131n\u0131n unutuldu\u011fu, a\u00e7l\u0131\u011f\u0131n, sefilli\u011fin, peri\u015fanl\u0131\u011f\u0131n, karneyle kefen bezi, kaput bezi, ekmek verilmesinin son buldu\u011fu d\u00f6nemdi. \u0130nsan\u0131m\u0131z\u0131n kefen bezlerini sand\u0131klar\u0131 saklama d\u00f6neminin son bulmas\u0131d\u0131r 14 May\u0131s 1950. Anadolu insan\u0131n\u0131n ikinci s\u0131n\u0131f vatanda\u015f muamelesinden birinci s\u0131n\u0131f vatanda\u015fl\u0131\u011fa ge\u00e7ti\u011fi g\u00fcnd\u00fcr 14 May\u0131s 1950. <\/span><\/p>\n<p class=\"ecxMsoNormal\" style=\"text-align: justify\"><span style=\"font-family: 'Palatino Linotype'\">T\u00fcm bu kazan\u0131mlar, \u00f6zg\u00fcrl\u00fckler, ekonomik b\u00fcy\u00fcmeler, kalk\u0131nmalar milletimize \u00e7ok g\u00f6r\u00fcld\u00fc. Zalimler on y\u0131l bile tahamm\u00fcl edemediler. Her\u015fey Ezan\u2019la ba\u015flam\u0131\u015ft\u0131. Menderes ismi darbecilerin de unutmad\u0131klar\u0131 bir isimdir. Zira o g\u00fcn, Ezan\u0131n asli okunu\u015funa kavu\u015ftu\u011fu g\u00fcn notlar\u0131n\u0131 alm\u0131\u015flard\u0131 ve bir g\u00fcn bunun hesab\u0131n\u0131 soracaklard\u0131, bedelini \u00f6dettireceklerdi. Ezan u\u011fruna bedel \u00f6demek, \u00f6denen bedellerin en g\u00fczeliydi. \u0130\u015fte bu y\u00fczden Menderes unutulmad\u0131, unutturulamad\u0131, unutturulamayacak. \u0130\u015fte bu Anadolu\u2019dan bak\u0131nca g\u00f6r\u00fclen Menderes\u2019tir. <\/span><\/p>\n<p class=\"ecxMsoNormal\" style=\"text-align: justify\"><span style=\"font-family: 'Palatino Linotype'\">\u201cEzandan Dara\u011fac\u0131na Menderes\u201d ba\u015fl\u0131\u011f\u0131m\u0131z ayn\u0131 zamanda bug\u00fcnlerde \u00e7\u0131kacak olan kitab\u0131m\u0131z\u0131n da ad\u0131d\u0131r. D\u00f6nemin tan\u0131klar\u0131n\u0131n anlat\u0131mlar\u0131ndan olu\u015fan kitab\u0131m\u0131zda bilmedi\u011finiz, duymad\u0131\u011f\u0131n\u0131z bir\u00e7ok hakikati de okuyacaks\u0131n\u0131z. Menderes d\u00f6neminin DS\u0130 Genel M\u00fcd\u00fcr\u00fc olan Dokuzuncu Cumhurba\u015fkan\u0131 S\u00fcleyman Demirel\u2019in anlat\u0131mlar\u0131 ilk defa duyaca\u011f\u0131n\u0131z bilgileri i\u00e7ermektedir. Yine 1950 \u00f6ncesinde CHP\u2019nin en gen\u00e7 bakanlar\u0131ndan Cemil Barlas\u2019\u0131n o\u011flu Gazeteci-Yazar Mehmet Barlas\u2019\u0131n anlatt\u0131klar\u0131 \u00e7ok \u00f6nemlidir. Zira kendisi Beyaz Devrim\u2019in ertesi g\u00fcn\u00fc 15 May\u0131s 1950\u2019de babas\u0131n\u0131n kar\u015f\u0131s\u0131na ge\u00e7ip \u201cBaba bende Demokrat\u2019\u0131m\u201d diyebilmi\u015ftir.\u00a0 D\u00f6nemin tan\u0131klar\u0131ndan olup bug\u00fcn isimleri pek de hat\u0131rlanmayan politikac\u0131lar\u0131m\u0131z\u0131n anlat\u0131mlar\u0131 d\u00f6nemin sosyal ve psikolojik havas\u0131n\u0131 \u00e7ok iyi tahlil etmektedir. \u0130\u00e7inde bulundu\u011fumuz g\u00fcnlerin k\u0131ymetini bilmek a\u00e7\u0131s\u0131ndan o zor ve kor g\u00fcnleri yak\u0131ndan tan\u0131mam\u0131z ve bilmemiz gerekmektedir. <\/span><\/p>\n<p class=\"ecxMsoNormal\" style=\"text-align: justify\"><span style=\"font-family: 'Palatino Linotype'\">Allah bu millete 1950 \u00f6ncesini, 12 Eyl\u00fcl ve 28 \u015eubat d\u00f6nemlerini bir daha ya\u015fatmas\u0131n. Rabbimiz! Bizleri, iman\u0131m\u0131z\u0131 ve inanc\u0131m\u0131z\u0131 \u00f6zg\u00fcrce ya\u015famaktan mahrum etmek isteyenlere f\u0131rsat vermesin. <\/span><\/p>\n<p class=\"ecxMsoNormal\" style=\"text-align: justify\"><span style=\"font-family: 'Palatino Linotype';font-size: 11pt\">\u00a0<\/span><\/p>\n<p class=\"ecxMsoNormal\" style=\"text-align: justify\"><b><span style=\"font-family: Tahoma;font-size: 20pt\">\u00d6mer Naci YILMAZ<\/span><\/b><\/p>\n<p class=\"ecxMsoNormal\" style=\"text-align: justify\"><span style=\"font-family: 'Palatino Linotype'\">\u00a0<\/span><\/p>\n<p class=\"ecxMsoNormal\" style=\"text-align: justify\"><span style=\"font-family: 'Palatino Linotype';font-size: 11pt\">\u00a0<\/span><\/p>\n<p class=\"ecxMsoNormal\" style=\"text-align: center\" align=\"center\"><span style=\"font-family: 'Palatino Linotype';font-size: 11pt\">\u00a0<\/span><\/p>\n<p class=\"ecxMsoNormal\" style=\"text-align: justify\"><span style=\"font-family: 'Palatino Linotype';font-size: 11pt\">\u00a0<\/span><\/p>\n<p class=\"ecxMsoNormal\" style=\"text-align: justify\"><span style=\"font-family: 'Palatino Linotype';font-size: 11pt\">\u00a0<\/span><\/p>\n","protected":false},"excerpt":{"rendered":"<p>Bug\u00fcn 14 May\u0131s 2015. Bundan tam altm\u0131\u015fbe\u015f y\u0131l \u00f6nce bug\u00fcn, T\u00fcrk siyasi tarihi a\u00e7\u0131s\u0131ndan \u00e7ok \u00f6nemli bir g\u00fcnd\u00fcr. Siyaset bilimcilerimiz, T\u00fcrkiye\u2019nin siyasi tarihini 14 May\u0131s 1950\u2019den \u00f6nce ve 14 May\u0131s 1950\u2019den sonra \u015feklinde iki devrede incelenmektedirler. Peki, 14 May\u0131s 1950\u2019de ne oldu? Buna verilecek cevaplar\u0131n say\u0131s\u0131 olduk\u00e7a fazlad\u0131r, farkl\u0131d\u0131r ve herkesin kendine g\u00f6re verece\u011fi cevaplar &hellip;<\/p>\n","protected":false},"author":26,"featured_media":48521,"comment_status":"open","ping_status":"open","sticky":false,"template":"","format":"standard","meta":{"om_disable_all_campaigns":false,"_themeisle_gutenberg_block_has_review":false,"_joinchat":[],"footnotes":""},"categories":[38,54,43],"tags":[],"class_list":["post-5316","post","type-post","status-publish","format-standard","has-post-thumbnail","","category-guncel","category-omer","category-yazarlar"],"_links":{"self":[{"href":"https:\/\/akincilardergisi.com\/tr\/wp-json\/wp\/v2\/posts\/5316","targetHints":{"allow":["GET"]}}],"collection":[{"href":"https:\/\/akincilardergisi.com\/tr\/wp-json\/wp\/v2\/posts"}],"about":[{"href":"https:\/\/akincilardergisi.com\/tr\/wp-json\/wp\/v2\/types\/post"}],"author":[{"embeddable":true,"href":"https:\/\/akincilardergisi.com\/tr\/wp-json\/wp\/v2\/users\/26"}],"replies":[{"embeddable":true,"href":"https:\/\/akincilardergisi.com\/tr\/wp-json\/wp\/v2\/comments?post=5316"}],"version-history":[{"count":0,"href":"https:\/\/akincilardergisi.com\/tr\/wp-json\/wp\/v2\/posts\/5316\/revisions"}],"wp:featuredmedia":[{"embeddable":true,"href":"https:\/\/akincilardergisi.com\/tr\/wp-json\/wp\/v2\/media\/48521"}],"wp:attachment":[{"href":"https:\/\/akincilardergisi.com\/tr\/wp-json\/wp\/v2\/media?parent=5316"}],"wp:term":[{"taxonomy":"category","embeddable":true,"href":"https:\/\/akincilardergisi.com\/tr\/wp-json\/wp\/v2\/categories?post=5316"},{"taxonomy":"post_tag","embeddable":true,"href":"https:\/\/akincilardergisi.com\/tr\/wp-json\/wp\/v2\/tags?post=5316"}],"curies":[{"name":"wp","href":"https:\/\/api.w.org\/{rel}","templated":true}]}}