{"id":53158,"date":"2026-03-13T12:25:34","date_gmt":"2026-03-13T09:25:34","guid":{"rendered":"https:\/\/akincilardergisi.com\/tr\/?p=53158"},"modified":"2026-03-13T12:25:36","modified_gmt":"2026-03-13T09:25:36","slug":"islam-ve-ideal-insan","status":"publish","type":"post","link":"https:\/\/akincilardergisi.com\/tr\/islam-ve-ideal-insan\/","title":{"rendered":"\u0130slam ve \u0130deal \u0130nsan"},"content":{"rendered":"\n<p>\u0130slam dini, insan\u0131n hem Allah\u2019a kar\u015f\u0131 kulluk g\u00f6revini hem de topluma kar\u015f\u0131 sorumluluklar\u0131n\u0131 en g\u00fczel \u015fekilde yerine getirmesini \u00f6\u011f\u00fctler. Bu ba\u011flamda \u201cihsan\u201d kavram\u0131, dinin en y\u00fcksek ahlaki ve manevi mertebelerinden biri olarak \u00f6ne \u00e7\u0131kar. \u0130hsan, sadece ibadetlerde de\u011fil, hayat\u0131n her alan\u0131nda insan\u0131n davran\u0131\u015flar\u0131n\u0131 Allah\u2019\u0131n onu g\u00f6rd\u00fc\u011f\u00fcne ve izledi\u011fine inanarak \u015fekillendirmesinin \u00f6l\u00e7\u00fcd\u00fcr.<\/p>\n\n\n\n<p>Hz. Peygamber\u2019in Cibril Hadis\u2019inde ifade etti\u011fi \u00fczere ihsan, \u201cAllah\u2019\u0131 g\u00f6r\u00fcyormu\u015f gibi kulluk etmektir; her ne kadar sen O\u2019nu g\u00f6rm\u00fcyorsan da O seni g\u00f6rmektedir.\u201d Bu tan\u0131m, ihsan\u0131n \u00f6z\u00fcnde Allah\u2019\u0131n s\u00fcrekli g\u00f6zetimi alt\u0131nda olma bilinci bulundu\u011funu ortaya koyar. \u0130hsan, iman ve ibadetin \u00f6tesinde, kalbin derinliklerinde Allah\u2019a ba\u011fl\u0131l\u0131k ve samimiyetin en \u00fcst seviyesi ve zirvesidir.<\/p>\n\n\n\n<p><strong>\u0130hsan sahibi bir insan:<\/strong><\/p>\n\n\n\n<p>\u0130badetlerinde samimidir; g\u00f6steri\u015f ve riyadan uzak, her eylem ve s\u00f6ylemini yaln\u0131zca Allah r\u0131zas\u0131 i\u00e7in yapar.<\/p>\n\n\n\n<p>\u00dcst\u00fcn bir ahlak sahibidir; do\u011fruluk, adalet, merhamet ve sab\u0131r gibi erdemleri hayat\u0131na ta\u015f\u0131r.<\/p>\n\n\n\n<p>Toplumsal ili\u015fkilerinde \u00f6rnek bir insand\u0131r; bar\u0131\u015f ve huzurun taraf\u0131nda insanlara iyilik yapar, kimseye zarar vermez, hakk\u0131 g\u00f6zetir,&nbsp;<\/p>\n\n\n\n<p>\u00c7al\u0131\u015fma ve \u00fcretiminde titiz ve Hakk\u0131 g\u00f6zetir; i\u015fini en g\u00fczel \u015fekilde yapmay\u0131 Allah\u2019a kullu\u011fun bir par\u00e7as\u0131 olarak g\u00f6r\u00fcr.<\/p>\n\n\n\n<p><strong>\u0130deal \u0130nsan Modeli olarak insan:<\/strong><\/p>\n\n\n\n<p>\u0130nsan, sadece bireysel ibadetlerle de\u011fil, t\u00fcm ya\u015fam\u0131yla Allah\u2019a kulluk eder. Bu nedenle ideal insand\u0131r. Buna g\u00f6re;<\/p>\n\n\n\n<p>Kalbi temiz, niyeti halis, dili ve yolu do\u011fru olmal\u0131d\u0131r.<\/p>\n\n\n\n<p>Topluma faydal\u0131, \u00e7evresine g\u00fcven veren, adaletli bir birey olmal\u0131d\u0131r.<\/p>\n\n\n\n<p>Kendi nefsini terbiye eden, sab\u0131r ve \u015f\u00fck\u00fcrle hayat\u0131n\u0131 s\u00fcrd\u00fcren bir kul olmal\u0131d\u0131r.<\/p>\n\n\n\n<p>\u0130hsan, \u0130slam\u2019\u0131n ruhunu yans\u0131tan en y\u00fcce kavramlardan biridir. \u0130hsan sahibi insan, Allah\u2019\u0131n huzurunda daima bilin\u00e7li, toplum i\u00e7inde ise \u00f6rnek bir \u015fahsiyet olarak ya\u015far ve \u00f6ne \u00e7\u0131kar. B\u00f6ylece hem&nbsp;<a href=\"https:\/\/www.haber7.com\/dunya\" target=\"_blank\" rel=\"noreferrer noopener\">d\u00fcnya<\/a>&nbsp;hayat\u0131nda huzura kavu\u015fur, hem de ahirette Allah\u2019\u0131n r\u0131zas\u0131na uygun ya\u015fam\u0131\u015f bir kul olarak muamele g\u00f6r\u00fcr.&nbsp;<\/p>\n\n\n\n<p>\u0130hsan, sadece bir kavram de\u011fil, insan\u0131n kalbinde s\u00fcrekli canl\u0131 tutmas\u0131 gereken \u00f6rnek bir fark\u0131ndal\u0131kt\u0131r. Allah\u2019\u0131n her an bizi g\u00f6rd\u00fc\u011f\u00fcn\u00fc bilmek, hayat\u0131n her alan\u0131nda sorumluluk bilinciyle hareket etmek, insan\u0131n hem kendisine hem de \u00e7evresine kar\u015f\u0131 d\u00fcr\u00fcst, adil ve merhametli olmas\u0131n\u0131 sa\u011flar.<\/p>\n\n\n\n<p>\u0130hsan sahibi bir insan, kalbini s\u00fcrekli ar\u0131nd\u0131rmaya \u00e7al\u0131\u015f\u0131r. Niyetlerini sorgular, g\u00f6steri\u015ften uzak durur, yapt\u0131\u011f\u0131 her i\u015fte Allah\u2019\u0131n r\u0131zas\u0131n\u0131 g\u00f6zetir. Bu, insan\u0131n i\u00e7sel huzurunu art\u0131r\u0131r ve onu daha dengeli bir ki\u015fili\u011fe d\u00f6n\u00fc\u015ft\u00fcr\u00fcr.<\/p>\n\n\n\n<p>\u0130hsan, bireysel bir bilin\u00e7 h\u00e2li olmakla birlikte toplumsal ili\u015fkilerde de kendini g\u00f6stererek; Hakk\u0131 g\u00f6zeten, adaletten sapmayan, g\u00fcven veren, iyilik yapmay\u0131 bir g\u00f6rev de\u011fil, bir hayat tarz\u0131 olarak kabul eden bir insan tipi ortaya \u00e7\u0131kar\u0131r.<\/p>\n\n\n\n<p>O, i\u015fini en g\u00fczel \u015fekilde yapmay\u0131 Allah\u2019a sunulan bir ibadet oldu\u011funa inan\u0131r.<\/p>\n\n\n\n<p>\u0130slami anlay\u0131\u015fa g\u00f6re ideal insan, hem kalbiyle hem davran\u0131\u015flar\u0131yla Allah\u2019a ba\u011fl\u0131d\u0131r. O, sab\u0131rl\u0131, \u015f\u00fckreden, merhametli, adaletli ve g\u00fcvenilir bir ki\u015fi ve ki\u015filiktir. B\u00f6yle bir insan, hem kendi i\u00e7 d\u00fcnyas\u0131nda huzuru bulur hem de toplumda \u00f6rnek bir \u015fahsiyet h\u00e2line gelerek \u00e2leme \u00f6rnek olur.<\/p>\n\n\n\n<p>\u0130slam\u2019\u0131n \u00f6z\u00fcn\u00fc yans\u0131tan bir ya\u015fam bi\u00e7imi olarak ihsan sahibi insan, Allah\u2019\u0131n huzurunda bilin\u00e7li, toplum i\u00e7inde ise g\u00fcvenilir ve faydal\u0131 bir birey olarak ya\u015fayand\u0131r. Bu davran\u0131\u015f insana hem d\u00fcnya hayat\u0131nda huzur, hem de ahirette Allah\u2019\u0131n r\u0131zas\u0131n\u0131 kazand\u0131r\u0131r.<br>M\u00fcbarek Ramazan\u0131 \u015eerifin h\u00fcrmetine Rabbim bizleri ve \u0130slam \u00fcmmetini Muhsinlerden eylesin ve S\u0131rat\u0131 M\u00fcstakimden, kendi yolunda ya\u015famaktan ve m\u00fccadele etmekten ay\u0131rmas\u0131n!<\/p>\n\n\n\n<p>Selam ve dualar\u0131mla\u2026<\/p>\n\n\n\n<p><\/p>\n","protected":false},"excerpt":{"rendered":"<p>\u0130slam dini, insan\u0131n hem Allah\u2019a kar\u015f\u0131 kulluk g\u00f6revini hem de topluma kar\u015f\u0131 sorumluluklar\u0131n\u0131 en g\u00fczel \u015fekilde yerine getirmesini \u00f6\u011f\u00fctler. Bu ba\u011flamda \u201cihsan\u201d kavram\u0131, dinin en y\u00fcksek ahlaki ve manevi mertebelerinden biri olarak \u00f6ne \u00e7\u0131kar. \u0130hsan, sadece ibadetlerde de\u011fil, hayat\u0131n her alan\u0131nda insan\u0131n davran\u0131\u015flar\u0131n\u0131 Allah\u2019\u0131n onu g\u00f6rd\u00fc\u011f\u00fcne ve izledi\u011fine inanarak \u015fekillendirmesinin \u00f6l\u00e7\u00fcd\u00fcr. Hz. Peygamber\u2019in Cibril Hadis\u2019inde &hellip;<\/p>\n","protected":false},"author":2,"featured_media":53159,"comment_status":"open","ping_status":"open","sticky":false,"template":"","format":"standard","meta":{"om_disable_all_campaigns":false,"_themeisle_gutenberg_block_has_review":false,"_joinchat":[],"footnotes":""},"categories":[49,38,43],"tags":[],"class_list":["post-53158","post","type-post","status-publish","format-standard","has-post-thumbnail","","category-arif","category-guncel","category-yazarlar"],"_links":{"self":[{"href":"https:\/\/akincilardergisi.com\/tr\/wp-json\/wp\/v2\/posts\/53158","targetHints":{"allow":["GET"]}}],"collection":[{"href":"https:\/\/akincilardergisi.com\/tr\/wp-json\/wp\/v2\/posts"}],"about":[{"href":"https:\/\/akincilardergisi.com\/tr\/wp-json\/wp\/v2\/types\/post"}],"author":[{"embeddable":true,"href":"https:\/\/akincilardergisi.com\/tr\/wp-json\/wp\/v2\/users\/2"}],"replies":[{"embeddable":true,"href":"https:\/\/akincilardergisi.com\/tr\/wp-json\/wp\/v2\/comments?post=53158"}],"version-history":[{"count":1,"href":"https:\/\/akincilardergisi.com\/tr\/wp-json\/wp\/v2\/posts\/53158\/revisions"}],"predecessor-version":[{"id":53160,"href":"https:\/\/akincilardergisi.com\/tr\/wp-json\/wp\/v2\/posts\/53158\/revisions\/53160"}],"wp:featuredmedia":[{"embeddable":true,"href":"https:\/\/akincilardergisi.com\/tr\/wp-json\/wp\/v2\/media\/53159"}],"wp:attachment":[{"href":"https:\/\/akincilardergisi.com\/tr\/wp-json\/wp\/v2\/media?parent=53158"}],"wp:term":[{"taxonomy":"category","embeddable":true,"href":"https:\/\/akincilardergisi.com\/tr\/wp-json\/wp\/v2\/categories?post=53158"},{"taxonomy":"post_tag","embeddable":true,"href":"https:\/\/akincilardergisi.com\/tr\/wp-json\/wp\/v2\/tags?post=53158"}],"curies":[{"name":"wp","href":"https:\/\/api.w.org\/{rel}","templated":true}]}}