{"id":53154,"date":"2026-03-13T03:25:14","date_gmt":"2026-03-13T00:25:14","guid":{"rendered":"https:\/\/akincilardergisi.com\/tr\/?p=53154"},"modified":"2026-03-13T03:30:07","modified_gmt":"2026-03-13T00:30:07","slug":"evet-sirada-israil-var","status":"publish","type":"post","link":"https:\/\/akincilardergisi.com\/tr\/evet-sirada-israil-var\/","title":{"rendered":"EVET, SIRADA \u0130SRA\u0130L VAR"},"content":{"rendered":"\n<p>Paradigma de\u011fi\u015fti<\/p>\n\n\n\n<p>Ama<\/p>\n\n\n\n<p>Hala bunun fark\u0131nda olmayan dostlar\u0131m\u0131z var.<\/p>\n\n\n\n<p>Neymi\u015f?<\/p>\n\n\n\n<p>Suriye\u2019den sonra s\u0131rada \u0130ran varm\u0131\u015f.. ondan sonra da s\u0131ra T\u00fcrkiye\u2019ye gelecekmi\u015f.<\/p>\n\n\n\n<p>Nedenmi\u015f o? Biz muz cumhuriyeti miyiz?<\/p>\n\n\n\n<p>30-40 y\u0131l \u00f6nce<\/p>\n\n\n\n<p>Zaman ve zeminin \u015fartlar\u0131na g\u00f6re s\u00f6ylenmi\u015f bir s\u00f6z\u00fc bug\u00fcne getiremeyiz.<\/p>\n\n\n\n<p>Neden?<\/p>\n\n\n\n<p><strong>SUR\u0130YE<\/strong><\/p>\n\n\n\n<p>Suriye-\u0130ran-T\u00fcrkiye masal\u0131n\u0131n<\/p>\n\n\n\n<p>Daha birinci aya\u011f\u0131 \u00e7\u00f6kt\u00fc.<\/p>\n\n\n\n<p>Bug\u00fcn<\/p>\n\n\n\n<p>Suriye\u2019de kimin s\u00f6z\u00fc ge\u00e7iyor?<\/p>\n\n\n\n<p>T\u00fcrkiye\u2019nin\u2026<\/p>\n\n\n\n<p>Peki, bundan \u00f6nce Suriye\u2019de kimin s\u00f6z\u00fc ge\u00e7iyordu?<\/p>\n\n\n\n<p>Kukla Be\u015f\u015far Esad, \u0130ran, Rusya!<\/p>\n\n\n\n<p>Hal b\u00f6yleyken \u0130srail can\u0131 istedi\u011fi zaman Suriye\u2019yi bombalay\u0131p taciz ediyor muydu?<\/p>\n\n\n\n<p>Ediyordu\u2026<\/p>\n\n\n\n<p>Bir g\u00fcn olsun bile B. Esad saraydan kafas\u0131n\u0131 \u00e7\u0131kar\u0131p \u0130srail\u2019e \u201cNe oluyor?\u201d diyebildi mi veya Rusya ve \u0130ran bu taciz at\u0131\u015flar\u0131na veya B. Esad\u2019\u0131n saray\u0131 \u00fczerinden al\u00e7ak u\u00e7u\u015f yapan \u0130srail\u2019e tek laf ettiler mi?<\/p>\n\n\n\n<p>Etmediler\u2026<\/p>\n\n\n\n<p>Yak\u0131n bir tarihte i\u015fgal g\u00fc\u00e7leri olan ABD ve Rusya Suriye\u2019yi terk etti mi?<\/p>\n\n\n\n<p>Etti\u2026<\/p>\n\n\n\n<p>Peki, onlar\u0131n ta\u015feronlar\u0131 YPG\/SDG vs. teslim bayra\u011f\u0131 \u00e7ekti mi?<\/p>\n\n\n\n<p>\u00c7ekti\u2026<\/p>\n\n\n\n<p>\u015eu anda akan kan durup Suriye s\u00fckuna erdi mi?<\/p>\n\n\n\n<p>Erdi\u2026<\/p>\n\n\n\n<p>Suriye T\u00fcrkiye taraf\u0131ndan te\u00e7hizatland\u0131r\u0131l\u0131p d\u00fczenle bir ordu haline getiriliyor mu?<\/p>\n\n\n\n<p>Evet\u2026<\/p>\n\n\n\n<p>Bu durum \u0130srail\u2019in korkulu r\u00fcyas\u0131 olmaya devam ediyor mu?<\/p>\n\n\n\n<p>Ediyor\u2026<\/p>\n\n\n\n<p><strong>\u0130SRA\u0130L\u2019\u0130N KAR\u015eISINDA<\/strong><\/p>\n\n\n\n<p><strong>SIRA DAYA\u011eINA D\u0130Z\u0130LM\u0130\u015e \u00d6\u011eRENC\u0130LER G\u0130B\u0130<\/strong><\/p>\n\n\n\n<p>Peki, o halde;<\/p>\n\n\n\n<p>Neden hala \u201cSuriye\u2019den sonra \u0130ran.. sonra s\u0131ra T\u00fcrkiye\u2019ye gelecek!\u201d diyorsunuz? Biz s\u0131ra daya\u011f\u0131na dizilmi\u015f \u00f6\u011frenci miyiz?<\/p>\n\n\n\n<p>\u015eu s\u00f6ylemini de\u011fi\u015ftirme zaman\u0131 gelmedi mi?<\/p>\n\n\n\n<p>Nas\u0131l?<\/p>\n\n\n\n<p><strong>SUR\u0130YE-\u0130RAN-\u0130SRA\u0130L<\/strong><\/p>\n\n\n\n<p>\u201cBundan sonra s\u0131ra \u0130srail\u2019e gelecek!\u201d demeliyiz\u2026<\/p>\n\n\n\n<p>T\u00fcrkiye<\/p>\n\n\n\n<p>Emperyalistleri Suriye\u2019den \u00e7\u0131kararak \u0130srail\u2019in kap\u0131s\u0131na dayanm\u0131\u015fken \u201c\u0130ran\u2019dan sonra T\u00fcrkiye!\u201d demenin mant\u0131\u011f\u0131 var m\u0131?<\/p>\n\n\n\n<p>\u015eu anda ABD+\u0130srail<\/p>\n\n\n\n<p>\u0130ran\u2019\u0131 vurarak T\u00fcrkiye\u2019ye g\u00f6z da\u011f\u0131 veriyor. Halbuki \u0130srail son kozlar\u0131n\u0131 oynay\u0131p g\u00fcc\u00fcn\u00fc yitirdi\u011fini yak\u0131nda g\u00f6recek.<\/p>\n\n\n\n<p>E\u011fer \u0130ran<\/p>\n\n\n\n<p>Bir yanl\u0131\u015fl\u0131k yap\u0131p T\u00fcrkiye\u2019yi vurmaya kalk\u0131\u015fmasa \u0130srail\u2019in g\u00fcnleri say\u0131l\u0131d\u0131r.<\/p>\n\n\n\n<p>Neden?<\/p>\n\n\n\n<p><strong>T\u00dcRK\u0130YE \u0130RAN DE\u011e\u0130LD\u0130R<\/strong><\/p>\n\n\n\n<p>\u0130ran<\/p>\n\n\n\n<p>Daha yak\u0131n zamanda \u0130srail taraf\u0131ndan vurulup komuta kademesini kaybetti\u011fi halde hava savunma sistemini geli\u015ftirip \u00fclkesini koruma alt\u0131na almad\u0131 veya alamad\u0131. O y\u00fczden bu ikinci sald\u0131r\u0131da daha a\u011f\u0131r kay\u0131plar verdi.<\/p>\n\n\n\n<p>Halbuki<\/p>\n\n\n\n<p>Hava savunma sistemi g\u00fc\u00e7l\u00fc olan<\/p>\n\n\n\n<p>Ve<\/p>\n\n\n\n<p>\u0130ran\u2019la m\u00fcttefik olan Rusya ve \u00c7in\u2019den bu s\u00fcre i\u00e7inde hava savunma sistemlerini alabilirdi. Neden almad\u0131 bilemiyoruz. Bu soru bu heng\u00e2me i\u00e7inde cevaplanamaz\u2026<\/p>\n\n\n\n<p>Yani<\/p>\n\n\n\n<p>\u0130ran tehdit alt\u0131ndayken bile bunu yapmad\u0131.<\/p>\n\n\n\n<p>Peki, T\u00fcrkiye ne yapt\u0131?<\/p>\n\n\n\n<p>S-400<\/p>\n\n\n\n<p>Ortada hi\u00e7bir \u015fey yokken<\/p>\n\n\n\n<p>Rusya\u2019dan S-400 hava savunma sistemi ald\u0131k.<\/p>\n\n\n\n<p>Yetmedi.<\/p>\n\n\n\n<p>Kendimiz de kendi \u00e7ap\u0131m\u0131zda hava savunma sistemlerini geli\u015ftirdik. \u0130HA-S\u0130HA, KAAN, KIZILELMA vb. gibi silahlar\u0131m\u0131z\u0131n konusuna girmiyorum. \u015e\u00fck\u00fcrler olsun o konuda sadece \u0130ran\u2019dan de\u011fil Avrupa \u00fclkelerinden de \u00fcst\u00fcn\u00fcz.<\/p>\n\n\n\n<p>Biz bu savunma sistemlerini tedarik ederken \u00e7aps\u0131z ve \u00f6ng\u00f6r\u00fcs\u00fcz muhalefet hep kar\u015f\u0131 \u00e7\u0131kt\u0131.<\/p>\n\n\n\n<p>Hele bir tanesi vard\u0131 ki,<\/p>\n\n\n\n<p>S-400\u2019leri Ukrayna\u2019 ya vermemizi teklif etmi\u015fti.<\/p>\n\n\n\n<p>Yani<\/p>\n\n\n\n<p>Daha 3 y\u0131l \u00f6nce bizi Rusya ile sava\u015fa sokacaklard\u0131.<\/p>\n\n\n\n<p><strong>E\u011eER O \u00c7APSIZ MUHALEFET<\/strong><\/p>\n\n\n\n<p><strong>BUG\u00dcN \u0130KT\u0130DAR OLSAYDI<\/strong><\/p>\n\n\n\n<p>2023 se\u00e7imlerinde Cumhurba\u015fkan\u0131m\u0131z\u0131 de\u011fil de 6\u2019l\u0131 Masa + E. \u0130mamo\u011flu + M. Yava\u015f\u2019\u0131 se\u00e7mi\u015f olsayd\u0131k, i\u015fte o zaman \u201cSuriye\u2019den sonra \u0130ran.. sonra s\u0131ra T\u00fcrkiye\u2019ye gelecek!\u201d diyebilirdiniz!<\/p>\n\n\n\n<p>Zaten<\/p>\n\n\n\n<p>6\u2019l\u0131 Masa\u2019n\u0131n y\u00f6netti\u011fi bir T\u00fcrkiye\u2019yi i\u015fgal etmeye gerek var m\u0131 ki!? Emperyalistler daha istemeden her t\u00fcrl\u00fc bilgi belge ve kaynaklar\u0131m\u0131z\u0131n pe\u015fke\u015f \u00e7ekildi\u011fini yak\u0131n zamanda g\u00f6rd\u00fck.. haz\u0131rlanan iddianemede g\u00f6rmeye devam ediyoruz.<\/p>\n\n\n\n<p>Bu arada<\/p>\n\n\n\n<p>6\u2019l\u0131 Masa\u2019n\u0131n y\u00f6netti\u011fi bir T\u00fcrkiye\u2019de ise;<\/p>\n\n\n\n<p>Suriye\u2019nin ABD ve Rusya i\u015fgali alt\u0131nda ve \u0130ran\u2019\u0131n destekledi\u011fi katil Baas rejimi ile y\u00f6netilmeye devam edece\u011fini s\u00f6ylemeye gerek yok.<\/p>\n\n\n\n<p><strong>Emin Batur<\/strong><\/p>\n\n\n\n<p><\/p>\n","protected":false},"excerpt":{"rendered":"<p>Paradigma de\u011fi\u015fti Ama Hala bunun fark\u0131nda olmayan dostlar\u0131m\u0131z var. Neymi\u015f? Suriye\u2019den sonra s\u0131rada \u0130ran varm\u0131\u015f.. ondan sonra da s\u0131ra T\u00fcrkiye\u2019ye gelecekmi\u015f. Nedenmi\u015f o? Biz muz cumhuriyeti miyiz? 30-40 y\u0131l \u00f6nce Zaman ve zeminin \u015fartlar\u0131na g\u00f6re s\u00f6ylenmi\u015f bir s\u00f6z\u00fc bug\u00fcne getiremeyiz. Neden? SUR\u0130YE Suriye-\u0130ran-T\u00fcrkiye masal\u0131n\u0131n Daha birinci aya\u011f\u0131 \u00e7\u00f6kt\u00fc. Bug\u00fcn Suriye\u2019de kimin s\u00f6z\u00fc ge\u00e7iyor? T\u00fcrkiye\u2019nin\u2026 Peki, &hellip;<\/p>\n","protected":false},"author":14,"featured_media":53157,"comment_status":"open","ping_status":"open","sticky":false,"template":"","format":"standard","meta":{"om_disable_all_campaigns":false,"_themeisle_gutenberg_block_has_review":false,"_joinchat":[],"footnotes":""},"categories":[56,38,43],"tags":[],"class_list":["post-53154","post","type-post","status-publish","format-standard","has-post-thumbnail","","category-emin","category-guncel","category-yazarlar"],"_links":{"self":[{"href":"https:\/\/akincilardergisi.com\/tr\/wp-json\/wp\/v2\/posts\/53154","targetHints":{"allow":["GET"]}}],"collection":[{"href":"https:\/\/akincilardergisi.com\/tr\/wp-json\/wp\/v2\/posts"}],"about":[{"href":"https:\/\/akincilardergisi.com\/tr\/wp-json\/wp\/v2\/types\/post"}],"author":[{"embeddable":true,"href":"https:\/\/akincilardergisi.com\/tr\/wp-json\/wp\/v2\/users\/14"}],"replies":[{"embeddable":true,"href":"https:\/\/akincilardergisi.com\/tr\/wp-json\/wp\/v2\/comments?post=53154"}],"version-history":[{"count":1,"href":"https:\/\/akincilardergisi.com\/tr\/wp-json\/wp\/v2\/posts\/53154\/revisions"}],"predecessor-version":[{"id":53155,"href":"https:\/\/akincilardergisi.com\/tr\/wp-json\/wp\/v2\/posts\/53154\/revisions\/53155"}],"wp:featuredmedia":[{"embeddable":true,"href":"https:\/\/akincilardergisi.com\/tr\/wp-json\/wp\/v2\/media\/53157"}],"wp:attachment":[{"href":"https:\/\/akincilardergisi.com\/tr\/wp-json\/wp\/v2\/media?parent=53154"}],"wp:term":[{"taxonomy":"category","embeddable":true,"href":"https:\/\/akincilardergisi.com\/tr\/wp-json\/wp\/v2\/categories?post=53154"},{"taxonomy":"post_tag","embeddable":true,"href":"https:\/\/akincilardergisi.com\/tr\/wp-json\/wp\/v2\/tags?post=53154"}],"curies":[{"name":"wp","href":"https:\/\/api.w.org\/{rel}","templated":true}]}}