{"id":53152,"date":"2026-03-13T03:22:37","date_gmt":"2026-03-13T00:22:37","guid":{"rendered":"https:\/\/akincilardergisi.com\/tr\/?p=53152"},"modified":"2026-03-13T03:22:39","modified_gmt":"2026-03-13T00:22:39","slug":"devlet-olmak","status":"publish","type":"post","link":"https:\/\/akincilardergisi.com\/tr\/devlet-olmak\/","title":{"rendered":"DEVLET OLMAK !.."},"content":{"rendered":"\n<p>Azerbaycan&#8217;in \u0130ran&#8217;a kar\u015f\u0131 askeri hareketlilik i\u00e7inde oldu\u011fu s\u00f6yleniyor.&nbsp;<\/p>\n\n\n\n<p>Do\u011frudur veya yaland\u0131r bilemem ama her iki hal de devlet refleksidir ve bu durum \u0130ran&#8217;\u0131n Suriye&#8217;deki ve di\u011fer ba\u015fka yerlerdeki durumunu anlamam\u0131za bir \u00f6rnek te\u015fkil eder.&nbsp;<\/p>\n\n\n\n<p>Israrla s\u00f6yl\u00fcyorum ki devlet i\u015fi, devletin bilinen s\u0131fat\u0131 ; yani rejimi ne olursa olsun &#8220;laik&#8221; tir ve sadece devletin \u00e7\u0131kar\u0131 ne ise ona g\u00f6redir.\u00a0<\/p>\n\n\n\n<p>Cengiz Mo\u011foldur Timur T\u00fcrk ve m\u00fcsl\u00fcmand\u0131r. Mo\u011fol ordular\u0131n\u0131n islam d\u00fcnyas\u0131na y\u00fcr\u00fcy\u00fc\u015f\u00fc ile Timur&#8217;un kendi topra\u011f\u0131ndan bat\u0131 \u0130sl\u00e2m illerine y\u00fcr\u00fcy\u00fc\u015f\u00fc aras\u0131nda hemen hi\u00e7bir fark yoktur. Cengiz ordular\u0131n\u0131n Ba\u011fdat&#8217;ta yapt\u0131\u011f\u0131 ile Timur ordusunun Sivas&#8217;ta yap\u0131p etti\u011fi ayn\u0131 \u015feydir.&nbsp;<\/p>\n\n\n\n<p>Yani m\u00fcsl\u00fcman Timur&#8217;un m\u00fcsl\u00fcmanlara etti\u011fi ile kafir Cengiz \u0131n m\u00fcsl\u00fcmanlara ettigi farks\u0131zd\u0131r.&nbsp;<\/p>\n\n\n\n<p>Dolay\u0131s\u0131yla meseleyi ve tarifi anlayal\u0131m.&nbsp;<\/p>\n\n\n\n<p>Efendim \u0130ran Suriye&#8217;de, Yemen&#8217;de ve hatta Afganistan&#8217;da \u015funlar\u0131 yapt\u0131 \u015funlar\u0131 yapt\u0131. Ona nas\u0131l m\u00fcsl\u00fcman denilebilir diye deniliyor. Bunlara \u0130ran&#8217;\u0131n yapt\u0131\u011f\u0131 ile Timur&#8217;un yapt\u0131\u011f\u0131 aras\u0131nda ne fark vard\u0131r?&nbsp;<\/p>\n\n\n\n<p>Timur Horasan ve T\u00fcrkistan diyar\u0131nda ve hatta bizim diyarlarda evliya mertebesinde bir h\u00fck\u00fcmdar olarak akl\u0131m\u0131zdadir.&nbsp;<\/p>\n\n\n\n<p>Neden?&nbsp;<\/p>\n\n\n\n<p>\u00c7\u00fcnk\u00fc Timur tekil olarak belki evliyadir lakin devleti devlettir. Hi\u00e7bir devlet evliya de\u011fildir. Sivas&#8217;ta yap\u0131p ettikleri halen bir darbe \u0131 meseldir.&nbsp;<\/p>\n\n\n\n<p>Yezid&#8217;in devleti de evliya de\u011fildi. Bu y\u00fczden hz H\u00fcseyin Yezid&#8217;in devleti eliyle \u015fehid edildi. Hz H\u00fcseyin&#8217;i Yezid&#8217;in devleti \u015fehid etti ama bu \u015fehadete en \u00e7ok uzulenin de Yezid oldu\u011funun \u015fahitleri vard\u0131r.&nbsp;<\/p>\n\n\n\n<p>Yani devlet olmak b\u00f6yle bir \u015feydir. Devlet, devlet olmak i\u00e7in kendi evlatlar\u0131n\u0131 kendi eliyle cephelere g\u00f6nderir ve &#8220;Ben size \u00f6lmeyi emrediyorum&#8221; der.&nbsp;<\/p>\n\n\n\n<p>Ve bug\u00fcn Azerbaycan&#8230; \u0130n\u015fallah \u00f6yle bir \u015fey yap\u0131lmaz ama bir de yap\u0131ld\u0131\u011f\u0131n\u0131 d\u00fc\u015f\u00fcn\u00fcn.&nbsp;<\/p>\n\n\n\n<p>Ne olur co\u011frafyam\u0131z\u0131n hali&#8230; Ne olur t\u00fcrkl\u00fc\u011f\u00fcn nam\u0131 ve \u015ferefi&#8230; Olur mu \u00f6yle \u015fey&#8230; Olur mu?&nbsp;<\/p>\n\n\n\n<p>Ama olursa ben \u015fahsen \u015fa\u015fmam. Bundan dolay\u0131 T\u00fcrkl\u00fc\u011fe bir \u015ferefsizlik ve al\u00e7akl\u0131k y\u00fcklemem.&nbsp;<\/p>\n\n\n\n<p>Al\u00e7akl\u0131\u011f\u0131 devlet olmaya y\u00fcklerim.&nbsp;<\/p>\n\n\n\n<p>\u0130ran ve Suriye konusu da b\u00f6yle&#8230;&nbsp;<\/p>\n\n\n\n<p>Konu \u015eiilik veya \u0130ranl\u0131l\u0131k de\u011fildir. Konu \u0130ran&#8217;\u0131n devlet olmas\u0131d\u0131r.&nbsp;<\/p>\n\n\n\n<p>Anlayal\u0131m.<\/p>\n\n\n\n<p><\/p>\n","protected":false},"excerpt":{"rendered":"<p>Azerbaycan&#8217;in \u0130ran&#8217;a kar\u015f\u0131 askeri hareketlilik i\u00e7inde oldu\u011fu s\u00f6yleniyor.&nbsp; Do\u011frudur veya yaland\u0131r bilemem ama her iki hal de devlet refleksidir ve bu durum \u0130ran&#8217;\u0131n Suriye&#8217;deki ve di\u011fer ba\u015fka yerlerdeki durumunu anlamam\u0131za bir \u00f6rnek te\u015fkil eder.&nbsp; Israrla s\u00f6yl\u00fcyorum ki devlet i\u015fi, devletin bilinen s\u0131fat\u0131 ; yani rejimi ne olursa olsun &#8220;laik&#8221; tir ve sadece devletin \u00e7\u0131kar\u0131 ne &hellip;<\/p>\n","protected":false},"author":17,"featured_media":48521,"comment_status":"open","ping_status":"open","sticky":false,"template":"","format":"standard","meta":{"om_disable_all_campaigns":false,"_themeisle_gutenberg_block_has_review":false,"_joinchat":[],"footnotes":""},"categories":[53,38,43],"tags":[],"class_list":["post-53152","post","type-post","status-publish","format-standard","has-post-thumbnail","","category-aydin","category-guncel","category-yazarlar"],"_links":{"self":[{"href":"https:\/\/akincilardergisi.com\/tr\/wp-json\/wp\/v2\/posts\/53152","targetHints":{"allow":["GET"]}}],"collection":[{"href":"https:\/\/akincilardergisi.com\/tr\/wp-json\/wp\/v2\/posts"}],"about":[{"href":"https:\/\/akincilardergisi.com\/tr\/wp-json\/wp\/v2\/types\/post"}],"author":[{"embeddable":true,"href":"https:\/\/akincilardergisi.com\/tr\/wp-json\/wp\/v2\/users\/17"}],"replies":[{"embeddable":true,"href":"https:\/\/akincilardergisi.com\/tr\/wp-json\/wp\/v2\/comments?post=53152"}],"version-history":[{"count":1,"href":"https:\/\/akincilardergisi.com\/tr\/wp-json\/wp\/v2\/posts\/53152\/revisions"}],"predecessor-version":[{"id":53153,"href":"https:\/\/akincilardergisi.com\/tr\/wp-json\/wp\/v2\/posts\/53152\/revisions\/53153"}],"wp:featuredmedia":[{"embeddable":true,"href":"https:\/\/akincilardergisi.com\/tr\/wp-json\/wp\/v2\/media\/48521"}],"wp:attachment":[{"href":"https:\/\/akincilardergisi.com\/tr\/wp-json\/wp\/v2\/media?parent=53152"}],"wp:term":[{"taxonomy":"category","embeddable":true,"href":"https:\/\/akincilardergisi.com\/tr\/wp-json\/wp\/v2\/categories?post=53152"},{"taxonomy":"post_tag","embeddable":true,"href":"https:\/\/akincilardergisi.com\/tr\/wp-json\/wp\/v2\/tags?post=53152"}],"curies":[{"name":"wp","href":"https:\/\/api.w.org\/{rel}","templated":true}]}}