{"id":53030,"date":"2026-01-30T10:21:09","date_gmt":"2026-01-30T07:21:09","guid":{"rendered":"https:\/\/akincilardergisi.com\/tr\/?p=53030"},"modified":"2026-01-30T10:21:11","modified_gmt":"2026-01-30T07:21:11","slug":"jon-turkler-ve-sovalyeler","status":"publish","type":"post","link":"https:\/\/akincilardergisi.com\/tr\/jon-turkler-ve-sovalyeler\/","title":{"rendered":"J\u00f6n T\u00fcrkler ve \u015e\u00f6valyeler"},"content":{"rendered":"\n<ul class=\"wp-block-list\">\n<li>G\u0130R\u0130\u015e30.01.2026 09:10<\/li>\n\n\n\n<li>G\u00dcNCELLEME30.01.2026 09:10<\/li>\n<\/ul>\n\n\n\n<p>\u0130ngilizler \u0130stanbulu 13 Kas\u0131m 1918 ve 16 Mart 1920&#8242; de olmak \u00fczere iki kez i\u015fgal ettiler. Krali\u00e7esi taraf\u0131ndan Abdullah G\u00fcl\u2019 e verilen \u201cB\u00fcy\u00fck \u015e\u00f6valye\u201d ni\u015fan\u0131 \u00f6d\u00fcl\u00fc de 9 Kas\u0131m 2010 tarihindedir.<\/p>\n\n\n\n<p>B\u00fcy\u00fck \u015e\u00f6valye Ni\u015fan\u0131 takmak i\u00e7in gelen Krali\u00e7e Elizabeth\u2019in Gemisi MMS Illustrious, T\u00fcrk karasular\u0131na girdi\u011finde takmas\u0131 gereken T\u00fcrk bayra\u011f\u0131 takmaz.&nbsp;<\/p>\n\n\n\n<p>T\u00fcrkiye\u2019ye 9 Kas\u0131m 2010 da gelen \u0130ngiliz gemisi 1918\u2019de \u0130stanbul\u2019u i\u015fgal etmek \u00fczere gelen \u0130ngiliz i\u015fgal gemisinin demirledi\u011fi yere demirler. Bu gemide bir de askeri t\u00f6ren d\u00fczenlenir. T\u00f6rende Abdullah G\u00fcl ve E\u015fi, Egemen Ba\u011f\u0131\u015f, C\u00fcneyt Zapsu ve Ali Babacan\u2019 da haz\u0131r bulunur.&nbsp;&nbsp;<\/p>\n\n\n\n<p>\u0130srail devletini kuran, Sykes Picot haritalar\u0131n\u0131 \u00e7izen, Sevr Anla\u015fmas\u0131n\u0131 yapan ve Osmanl\u0131y\u0131 y\u0131kma planlar\u0131 yap\u0131lan<strong>&nbsp;\u201cChat ham House\u201d \u0131n ad\u0131<\/strong>, 2004 y\u0131l\u0131nda&nbsp;<strong>\u201cKraliyet Uluslararas\u0131 Enstit\u00fcs\u00fc\u201d&nbsp;<\/strong>olarak de\u011fi\u015ftirilir. \u0130ngiltere ad\u0131na b\u00fcy\u00fck strateji ve sava\u015flar\u0131n planlar\u0131 burada tart\u0131\u015f\u0131l\u0131p, buradan y\u00f6nlendirilir.&nbsp;<\/p>\n\n\n\n<p>T\u00fcrkiye\u2019 de Cumhurba\u015fkanl\u0131\u011f\u0131 yapm\u0131\u015f bir ki\u015finin, bu kurumun \u00f6d\u00fcl\u00fcne lay\u0131k g\u00f6r\u00fclmesi ve Abdullah G\u00fcl\u2019 \u00fcn bu emperyalist, i\u015fgalci \u0130ngiltere\u2019 nin kendisini \u015f\u00f6valye ni\u015fan\u0131yla kabul etti.<\/p>\n\n\n\n<p>Abdullah G\u00fcl, G\u00fcl\u2019 \u00fcn ba\u015f dan\u0131\u015fman\u0131 Durmu\u015f Y\u0131lmaz ve Gazeteci Fehmi Koru\u2019nun Chat ham House ile yak\u0131n ba\u011flant\u0131 i\u00e7inde olan Exeter \u00dcniversitesi mezunudur.&nbsp; Bu \u00dcniversitede okuyan veya doktoras\u0131n\u0131 burada yapan M\u00fcsl\u00fcman \u00fclke vatanda\u015flar\u0131n\u0131n \u00fclkelerine d\u00f6n\u00fcnce \u00f6nemli&nbsp;<a href=\"https:\/\/ekonomi.haber7.com\/\" target=\"_blank\" rel=\"noreferrer noopener\">ekonomi<\/a>k ve siyasi kurulu\u015flar\u0131n ba\u015f\u0131nda veya devletin zirvesinde rol almalar\u0131, \u0130slam co\u011frafyas\u0131 ve \u00fclkemizde ne \u00e7ok \u015e\u00f6valye Abdullahlar\u0131n oldu\u011funun g\u00f6stermektedir.&nbsp;<\/p>\n\n\n\n<p>15 Temmuz hain darbesinin ard\u0131nda \u0130ngiliz derin devletinin oldu\u011funu ve m\u00fcttefiki ABD\u2019 nin bilgisi ve deste\u011fi ile bu darbe giri\u015fimini planlad\u0131\u011f\u0131n\u0131 art\u0131k&nbsp;<a href=\"https:\/\/www.haber7.com\/dunya\" target=\"_blank\" rel=\"noreferrer noopener\">d\u00fcnya<\/a>&nbsp;\u00e2lem biliyor.<br>Biz bunlar\u0131 T\u00fcrkiye\u2019nin ayd\u0131nlar\u0131 yaz\u0131p s\u00f6yledi\u011finde \u0130ngiliz b\u00fcy\u00fckel\u00e7isi Richart More Twitter hesab\u0131nda pi\u015fkin bir y\u00fczle, \u201cdaha yeni mi anlad\u0131n\u0131z\u201d diye cevap verip \u015e\u00f6valye Abdullahlarla da gurur duyuyor olmal\u0131.<\/p>\n\n\n\n<p>\u0130stanbul\u2019a 31 Temmuz 1908\u2019de gelen \u0130ngiliz b\u00fcy\u00fckel\u00e7isi Gerard Lowther\u2019in arabas\u0131n\u0131n atlar\u0131n\u0131 Sirkeci gar\u0131nda s\u00f6k\u00fcp Galata\u2019n\u0131n sarp sokaklar\u0131ndan ge\u00e7erek \u0130ngiliz b\u00fcy\u00fckel\u00e7ili\u011finin bulundu\u011fu \u0130stiklal Caddesindeki bug\u00fcnk\u00fc binas\u0131na kadar getiren \u0130ttihat\u00e7\u0131 J\u00f6n T\u00fcrklerin uzant\u0131s\u0131 bug\u00fcnk\u00fc \u00d6zellerin atalar\u0131 ve a\u011fabeyleri \u015e\u00f6valye Abdullahlarla birlikte, halk\u0131 M\u00fcsl\u00fcman olan \u00fclkelerin y\u00f6neticili\u011fini yapt\u0131lar. Ey millet! \u201c Daha anlamad\u0131n\u0131z m\u0131\u2019\u2019 diye kendimize sormal\u0131y\u0131z.<\/p>\n\n\n\n<p>Ne iki ayakl\u0131 beygirler, ne \u0130ngiliz Kemaller, ne kendi elimizle adam diye se\u00e7ti\u011fimiz \u015e\u00f6valyeler ve ne de \u00e7ok \u2018\u2019\u00d6zel\u2019\u2019 dedikleri politika cambazlar\u0131 g\u00f6rd\u00fc bu millet. Hepsinin de karanl\u0131k tarihimizin ihanet sahifelerinde emekleri ve ihanetleri var.<\/p>\n\n\n\n<p>Beygirler kar\u0131n toklu\u011funa, \u00f6l\u00fcnceye kadar sahiplerine hizmet eden \u201c\u00d6zel\u201d&nbsp; ve sad\u0131k hayvanlard\u0131r. J\u00f6n T\u00fcrklerin devam\u0131 olarak y\u00fczlerinin ve g\u00f6n\u00fcllerinin bat\u0131ya d\u00f6n\u00fck oldu\u011funu ve Osmanl\u0131ya, Osmanl\u0131 \u00e7ocuklar\u0131na kar\u015f\u0131 olduklar\u0131n\u0131 s\u00f6yleyen \u00e7akma politikac\u0131 soytar\u0131lar ve partileri mutlaka millet taraf\u0131ndan oyunun d\u0131\u015f\u0131na at\u0131lmak zorundalar. T\u00fcrkiye\u2019nin tam ba\u011f\u0131ms\u0131z ve \u00f6zg\u00fcr bir \u00fclke olabilmes\u0131 i\u00e7in, yolumuzun bu molozlardan ar\u0131nd\u0131r\u0131lmas\u0131 stratejik bir \u00f6nem ta\u015f\u0131maktad\u0131r. Yoksa bu \u00f6zel beygirler her zaman, her \u015fekilde, her yerde a\u011fam\u0131za pranga olmaya devam edecekler.&nbsp;&nbsp;<\/p>\n\n\n\n<p>\u0130breti \u00e2lem i\u00e7in yerli beygirlerimizin ve \u00f6zel \u015f\u00f6valyelerimizin resimlerini ve heykellerini de Kayseri\u2019 de bulunan \u2018\u2019A. G. \u015e\u00f6valye M\u00fczesine\u2019\u2019 konulmal\u0131.<\/p>\n\n\n\n<p>Bug\u00fcnlerde tarihi g\u00fcnlerden ge\u00e7ti\u011fimizin fark\u0131nda olarak hareket etmek sorumluluk sahibi her ki\u015finin vatan ve millete, \u00fclkemize ve devletimize olan g\u00f6revidir. Her devlet kendi \u00e7\u0131karlar\u0131 i\u00e7in, kendi usul ve tarz\u0131yla kendi oyunlar\u0131n\u0131 oynuyor.<\/p>\n\n\n\n<p>Cumhurba\u015fkan\u0131m\u0131z Erdo\u011fan\u2019\u0131n s\u0131k s\u0131k tekrarlad\u0131\u011f\u0131,\u2019\u2019Nereden nereye\u2019\u2019 s\u00f6z\u00fcn\u00fc bir de\u011fil bin defa d\u00fc\u015f\u00fcnmemiz gerekiyor. Bu yeni bir d\u00f6nem ve tarihi g\u00fcnlerde Rabbim ayaklar\u0131m\u0131z\u0131 s\u0131rat\u0131 m\u00fcstakim \u00fczere sabit k\u0131ls\u0131n! Bizlere ve milletimize de sab\u0131r ve \u015fuur nasip etsin!&nbsp; Selam ve dualar\u0131mla..<\/p>\n\n\n\n<p><\/p>\n","protected":false},"excerpt":{"rendered":"<p>G\u0130R\u0130\u015e30.01.2026 09:10 G\u00dcNCELLEME30.01.2026 09:10 \u0130ngilizler \u0130stanbulu 13 Kas\u0131m 1918 ve 16 Mart 1920&#8242; de olmak \u00fczere iki kez i\u015fgal ettiler. Krali\u00e7esi taraf\u0131ndan Abdullah G\u00fcl\u2019 e verilen \u201cB\u00fcy\u00fck \u015e\u00f6valye\u201d ni\u015fan\u0131 \u00f6d\u00fcl\u00fc de 9 Kas\u0131m 2010 tarihindedir. B\u00fcy\u00fck \u015e\u00f6valye Ni\u015fan\u0131 takmak i\u00e7in gelen Krali\u00e7e Elizabeth\u2019in Gemisi MMS Illustrious, T\u00fcrk karasular\u0131na girdi\u011finde takmas\u0131 gereken T\u00fcrk bayra\u011f\u0131 takmaz.&nbsp; T\u00fcrkiye\u2019ye &hellip;<\/p>\n","protected":false},"author":2,"featured_media":53031,"comment_status":"open","ping_status":"open","sticky":false,"template":"","format":"standard","meta":{"om_disable_all_campaigns":false,"_themeisle_gutenberg_block_has_review":false,"_joinchat":[],"footnotes":""},"categories":[49,38,43],"tags":[],"class_list":["post-53030","post","type-post","status-publish","format-standard","has-post-thumbnail","","category-arif","category-guncel","category-yazarlar"],"_links":{"self":[{"href":"https:\/\/akincilardergisi.com\/tr\/wp-json\/wp\/v2\/posts\/53030","targetHints":{"allow":["GET"]}}],"collection":[{"href":"https:\/\/akincilardergisi.com\/tr\/wp-json\/wp\/v2\/posts"}],"about":[{"href":"https:\/\/akincilardergisi.com\/tr\/wp-json\/wp\/v2\/types\/post"}],"author":[{"embeddable":true,"href":"https:\/\/akincilardergisi.com\/tr\/wp-json\/wp\/v2\/users\/2"}],"replies":[{"embeddable":true,"href":"https:\/\/akincilardergisi.com\/tr\/wp-json\/wp\/v2\/comments?post=53030"}],"version-history":[{"count":1,"href":"https:\/\/akincilardergisi.com\/tr\/wp-json\/wp\/v2\/posts\/53030\/revisions"}],"predecessor-version":[{"id":53032,"href":"https:\/\/akincilardergisi.com\/tr\/wp-json\/wp\/v2\/posts\/53030\/revisions\/53032"}],"wp:featuredmedia":[{"embeddable":true,"href":"https:\/\/akincilardergisi.com\/tr\/wp-json\/wp\/v2\/media\/53031"}],"wp:attachment":[{"href":"https:\/\/akincilardergisi.com\/tr\/wp-json\/wp\/v2\/media?parent=53030"}],"wp:term":[{"taxonomy":"category","embeddable":true,"href":"https:\/\/akincilardergisi.com\/tr\/wp-json\/wp\/v2\/categories?post=53030"},{"taxonomy":"post_tag","embeddable":true,"href":"https:\/\/akincilardergisi.com\/tr\/wp-json\/wp\/v2\/tags?post=53030"}],"curies":[{"name":"wp","href":"https:\/\/api.w.org\/{rel}","templated":true}]}}