{"id":53026,"date":"2026-01-28T11:21:00","date_gmt":"2026-01-28T08:21:00","guid":{"rendered":"https:\/\/akincilardergisi.com\/tr\/?p=53026"},"modified":"2026-01-28T11:21:02","modified_gmt":"2026-01-28T08:21:02","slug":"dr-vahap-dizdaroglu","status":"publish","type":"post","link":"https:\/\/akincilardergisi.com\/tr\/dr-vahap-dizdaroglu\/","title":{"rendered":"DR VAHAP D\u0130ZDARO\u011eLU"},"content":{"rendered":"\n<p><strong>DR MURAT D\u0130LMENER<\/strong><\/p>\n\n\n\n<p><strong>VE<\/strong><\/p>\n\n\n\n<p><strong>CUMHURBA\u015eKANIMIZIN VEFASI<\/strong><\/p>\n\n\n\n<p>1970\u2019li y\u0131llarda<\/p>\n\n\n\n<p>Mardin\u2019in \u00fc\u00e7 efsane doktoru vard\u0131.<\/p>\n\n\n\n<p>Dr. Vahap<\/p>\n\n\n\n<p>Dr. Murat<\/p>\n\n\n\n<p>Ve Dr. Tahsin\u2026<\/p>\n\n\n\n<p>Dr. Tahsin T\u00fcrksoy kad\u0131n do\u011fum uzman\u0131yd\u0131.<\/p>\n\n\n\n<p>Mahallelerde do\u011fum yapt\u0131ran ya\u015fl\u0131 kad\u0131nlar\u0131n azalmas\u0131 ve hastaneye kolay kolay do\u011fuma gidilmedi\u011fi i\u00e7in genellikle hamile annelerin ilk dura\u011f\u0131 Dr. Tahsin T\u00fcrksoy olurdu. Mardinlilerin deyimiyle \u201cTahsin \u0131d-doktoor\u201d<\/p>\n\n\n\n<p>DR. A. VAHAP D\u0130ZDARO\u011eLU<\/p>\n\n\n\n<p>Ama<\/p>\n\n\n\n<p>Mardin\u2019in gelmi\u015f ge\u00e7mi\u015f en me\u015fhur doktoru kimdir diye sorarsan\u0131z Dr. A. Vahap Dizdaro\u011flu\u2019dur derdim.<\/p>\n\n\n\n<p>Hac farizas\u0131n\u0131 yerine getirdi\u011fi i\u00e7in ve aile dostumuz oldu\u011fundan biz kendisine \u201cHac\u0131 Abi\u201d derdik.<\/p>\n\n\n\n<p>1960 darbesinden sonra 1961\u2019deki kurucu mecliste Mardin temsilcisi olarak g\u00f6rev alm\u0131\u015f b\u00f6ylece siyasete girmi\u015fti.<\/p>\n\n\n\n<p>DR. VAHAP D\u0130ZDARO\u011eLU\u2019NUN HAYATI<\/p>\n\n\n\n<p>YAKIN TAR\u0130H\u0130M\u0130Z\u0130N B\u0130R \u00d6ZET\u0130 G\u0130B\u0130D\u0130R<\/p>\n\n\n\n<p>Siyasi hayat\u0131na CHP ile devam eden Dizdaro\u011flu.. tan\u0131\u015ft\u0131\u011f\u0131m\u0131z zaman dilimi i\u00e7inde anlad\u0131\u011f\u0131m kadar\u0131yla o zamanki CHP genel ba\u015fkan\u0131 Ecevit\u2019le anla\u015famayarak bir m\u00fcddet siyasetten uzak kalm\u0131\u015ft\u0131<\/p>\n\n\n\n<p>Ama<\/p>\n\n\n\n<p>ANAP kurulup kendisine teklif gidince \u00d6zal\u2019\u0131n Anavatan partisinden Mardin milletvekili se\u00e7ilmi\u015fti.<\/p>\n\n\n\n<p>Asl\u0131nda<\/p>\n\n\n\n<p>Hac\u0131 Abi\u2019nin \u015f\u00f6hreti o kadar \u00e7ok ki, hangi partiden adayl\u0131\u011f\u0131n\u0131 koyarsa se\u00e7ilirdi.<\/p>\n\n\n\n<p>Yani o<\/p>\n\n\n\n<p>Partilerin arkas\u0131ndan ko\u015fmaz partiler onun arkas\u0131ndan ko\u015fard\u0131.<\/p>\n\n\n\n<p>HAC-NAMAZ-KUR\u2019AN<\/p>\n\n\n\n<p>Sabahlar\u0131 kendisine u\u011frar bir ihtiyac\u0131 olup olmad\u0131\u011f\u0131n\u0131 sorard\u0131m (o s\u0131rada ailesi Ankara\u2019da, o\u011flu Mehmet Amerika\u2019da ya\u015f\u0131yordu)<\/p>\n\n\n\n<p>Genellikle<\/p>\n\n\n\n<p>Onu seccadede Kur\u2019an-\u0131 Kerim\u2019i Latin harfleriyle okurken g\u00f6r\u00fcrd\u00fcm.<\/p>\n\n\n\n<p>MUAYENEHANEN\u0130N \u00d6N\u00dcNDEK\u0130 KUYRUK<\/p>\n\n\n\n<p>Bana \u2018otur\u2019 der, \u2018beraber \u00e7\u0131kar\u0131z\u2019 derdi.<\/p>\n\n\n\n<p>Muayenehanesine vard\u0131\u011f\u0131m\u0131zda hayret ederdim:<\/p>\n\n\n\n<p>Kad\u0131n- erkek \u00e7oluk \u00e7ocuk kap\u0131n\u0131n \u00f6n\u00fcnde dizilmi\u015f.. ama ayakta da kalacak halleri kalmam\u0131\u015f ki, yerlere serilmi\u015f veya oturmu\u015f vaziyette uzun bir kuyruk olu\u015fturduklar\u0131n\u0131 g\u00f6r\u00fcrd\u00fcm. \u00c7\u00fcnk\u00fc uzak k\u00f6ylerden erken saatte kalk\u0131p geldikleri i\u00e7in mecalleri kalmam\u0131\u015f yere \u00e7\u00f6km\u00fc\u015f olurlard\u0131.<\/p>\n\n\n\n<p>O kadar doktor varken neden buraya y\u0131\u011f\u0131l\u0131rlard\u0131?<\/p>\n\n\n\n<p>PRAT\u0130K VE UCUZ<\/p>\n\n\n\n<p>\u00c7\u00fcnk\u00fc<\/p>\n\n\n\n<p>Rahmetli \u00e7ok pratik bir doktordu. \u0130nsanlar\u0131 ilaca bo\u011fmaz tahlil, tetkik \u015fu bu istemez direkt te\u015fhisini koyard\u0131. 2 t\u00fcr hap yazd\u0131\u011f\u0131 \u00e7ok nadirdir. Tek ila\u00e7 yazar ve hasta genellikle onunla \u015fifa bulurdu.<\/p>\n\n\n\n<p>\u0130ki parma\u011f\u0131n\u0131 hastan\u0131n g\u00f6be\u011fine koyar \u201ct\u0131k, t\u0131k\u201d vurur.. bir de s\u0131rt\u0131n\u0131 dinleyip bo\u011faz\u0131na bakt\u0131 m\u0131 \u201ctamam\u201d der re\u00e7eteyi yazard\u0131. Durumu iyi olmayandan da genellikle muayene paras\u0131 almazd\u0131.<\/p>\n\n\n\n<p>Hastaya verece\u011fi ila\u00e7larla \u015fifa bulamayacak gibiyse bo\u015funa umut vermez yak\u0131nlar\u0131na durumu s\u00f6yler ama \u201cAllah\u2019tan da \u00fcmit kesilmez isterseniz Diyarbak\u0131r\u2019a g\u00f6t\u00fcr\u00fcn\u201d derdi.<\/p>\n\n\n\n<p>Bundan dolay\u0131<\/p>\n\n\n\n<p>\u015e\u00f6hreti Mardin\u2019in en \u00fccra k\u00f6\u015felerine ula\u015fm\u0131\u015f, hat\u0131r\u0131 k\u0131ymeti bilinen bir doktorumuzdu.<\/p>\n\n\n\n<p>KUR\u2019AN-I KER\u0130M\u2019\u0130 \u00d6\u011eRENMES\u0130<\/p>\n\n\n\n<p>Rahmetli<\/p>\n\n\n\n<p>Bana iki \u015feyden dolay\u0131 \u00e7ok iltifat ederdi.<\/p>\n\n\n\n<p>Birincisi<\/p>\n\n\n\n<p>Gen\u00e7 ya\u015fta bir \u00fcniversite \u00f6\u011frencisi olarak b\u00f6yle bir zamanda 5 vakit namaz\u0131m\u0131 k\u0131ld\u0131\u011f\u0131m i\u00e7in.. ikincisi Kur\u2019an-\u0131 Kerimi asl\u0131ndan okumas\u0131na vesile oldu\u011fum i\u00e7in beni adeta aileden biri sayar.. bana hep dua etti\u011fini s\u00f6ylerdi.<\/p>\n\n\n\n<p>Kur\u2019an-\u0131 \u00f6\u011frenmesi \u015f\u00f6yle olmu\u015ftu:<\/p>\n\n\n\n<p>Bir g\u00fcn ona<\/p>\n\n\n\n<p>\u0130sterse 15-20 g\u00fcnde Kur\u2019an-\u0131 Kerimi okuyabilece\u011fini bunun i\u00e7in de kendisine bir hoca tavsiyesinde bulunabilece\u011fimi s\u00f6yleyince; g\u00fclerek \u2018olur\u2019 demi\u015fti.<\/p>\n\n\n\n<p>KLAS\u0130K CHP MANTI\u011eI<\/p>\n\n\n\n<p>Az \u00f6nce rahmetlinin hayat\u0131 \u00fclkemizin k\u0131sa tarihini \u00f6zetler demi\u015ftim<\/p>\n\n\n\n<p>Ama<\/p>\n\n\n\n<p>Bunu k\u0131sa bir yaz\u0131da anlatmak m\u00fcmk\u00fcn de\u011fil\u2026<\/p>\n\n\n\n<p>Tekrar mevzuya d\u00f6necek olursak onu Zeynel (Tepe) hocamla tan\u0131\u015ft\u0131rd\u0131m ve ger\u00e7ekten 15-20 g\u00fcn gibi k\u0131sa bir s\u00fcrede Kur\u2019an-\u0131 Kerimi asl\u0131ndan okumaya ba\u015flam\u0131\u015ft\u0131.<\/p>\n\n\n\n<p>Sonraki y\u0131llarda<\/p>\n\n\n\n<p>Olay\u0131 nas\u0131l d\u00fc\u015f\u00fcnd\u00fc\u011f\u00fcn\u00fc bana \u015f\u00f6yle anlatt\u0131:<\/p>\n\n\n\n<p>\u201cEmin bana kim bilir nas\u0131l bir hoca g\u00f6nderecek. Allah bilir \u00fcst\u00fc ba\u015f\u0131 d\u00f6k\u00fclen ceketinin kenarlar\u0131 kirden ya\u011flanm\u0131\u015f bir heriften ben ders mi alaca\u011f\u0131m? Hocan\u0131n eline birka\u00e7 kuru\u015f s\u0131k\u0131\u015ft\u0131r\u0131r g\u00f6nderirim gider\u2026\u201d<\/p>\n\n\n\n<p>Rahmetli me\u011ferse;<\/p>\n\n\n\n<p>S\u0131rf hat\u0131r\u0131m\u0131 k\u0131rmamak i\u00e7in hocan\u0131n gidip ders vermesini kabul etmi\u015f.<\/p>\n\n\n\n<p>Ama sonradan Kur\u2019an-\u0131 kerimi \u00f6\u011frenmekle kalmam\u0131\u015f.. Hocam\u0131zdan o kadar \u00e7ok etkilenmi\u015f ki; evde tefsir, hadis ve Kur\u2019an- Kerimi anlama \u00fczerine dini sohbetler yap\u0131lmaya ba\u015flanm\u0131\u015ft\u0131.<\/p>\n\n\n\n<p>Rahmetli<\/p>\n\n\n\n<p>Gerek Mardin kurucu meclisinde g\u00f6rev al\u0131rken gerekse daha \u00f6nceki ve sonraki siyasi ve sosyal hayat\u0131nda Mardinli olmas\u0131na ra\u011fmen m\u00fctedeyyin insanlarla fazla irtibat\u0131 olmam\u0131\u015f hep CHP zihniyeti etkisinde kalm\u0131\u015ft\u0131. Onlar da dindar m\u00fctedeyyin insanlar\u0131 alt tabaka olarak g\u00f6rm\u00fc\u015f ve \u00f6yle de muamele etmi\u015flerdi.<\/p>\n\n\n\n<p>Nitekim<\/p>\n\n\n\n<p>Biz tan\u0131\u015ft\u0131\u011f\u0131m\u0131zda CHP milletvekilli\u011fi \u00fczerinden fazla bir zaman ge\u00e7memi\u015fti. Hoca tak\u0131m\u0131na ters bak\u0131\u015f\u0131 bundand\u0131<\/p>\n\n\n\n<p>Ama<\/p>\n\n\n\n<p>Bizleri tan\u0131d\u0131k\u00e7a sevdi hatta takdir etmeye ba\u015flam\u0131\u015ft\u0131.<\/p>\n\n\n\n<p>Bir ilkokul \u00f6\u011fretmeni olan Zeynel Hoca\u2019m\u0131z\u0131n Kur\u2019an-\u0131 Kerimi bu kadar g\u00fczel bilip \u00f6\u011fretmesine hayret eder ayr\u0131ca sosyal-siyasi ve f\u0131k\u0131h bilgisine olan hayranl\u0131\u011f\u0131n\u0131 gizlemezdi.<\/p>\n\n\n\n<p>PROF. DR. MURAT D\u0130LMENER<\/p>\n\n\n\n<p>VE CUMHURBA\u015eKANIMIZIN VEFASI<\/p>\n\n\n\n<p>Dr. Vahap Dizdaro\u011flu\u2019nu anlatmay\u0131 bitirmedim<\/p>\n\n\n\n<p>Ama<\/p>\n\n\n\n<p>Yaz\u0131 uzad\u0131\u011f\u0131 i\u00e7in Dr. Murat ve Cumhurba\u015fkan\u0131m\u0131z\u0131n vefakarl\u0131\u011f\u0131na ge\u00e7mek istiyorum.<\/p>\n\n\n\n<p>Prof. Dr. Murat Dilmener<\/p>\n\n\n\n<p>S\u00fcryani olan Mardinli hem\u015ferilerimizdendir.<\/p>\n\n\n\n<p>Kendisi Dr. Vahap Dizdaro\u011flu gibi i\u015finin ehli ve yard\u0131msever kimli\u011fi ile bilinir \u00fc\u00e7\u00fcne be\u015fine bakmaz hatta gerekti\u011finde Dr. Vahap gibi vizite \u00fccreti almazd\u0131. Bu konuda M\u00fcsl\u00fcman S\u00fcryani ay\u0131r\u0131m\u0131 da yapmazd\u0131.<\/p>\n\n\n\n<p>\u0130stanbul\u2019a ta\u015f\u0131nd\u0131ktan sonra bile Mardinliler gider onu bulur o da aynen Mardin\u2019de oldu\u011fu gibi vefakarl\u0131\u011f\u0131n\u0131 g\u00f6sterir alakadar olurdu.<\/p>\n\n\n\n<p>Vefat etti\u011finde t\u00fcm Mardinli hem\u015fehrilerimiz \u00fcz\u00fclm\u00fc\u015ft\u00fc.<\/p>\n\n\n\n<p>Cumhurba\u015fkan\u0131m\u0131z<\/p>\n\n\n\n<p>B\u00f6yle hay\u0131rsever bir doktoru unutmad\u0131. Ye\u015filk\u00f6y Atat\u00fcrk Havaliman\u0131\u2019ndaki Millet Bah\u00e7esi\u2019ne yap\u0131lan tam te\u015fekk\u00fcll\u00fc hastaneye ad\u0131n\u0131 verdi.<\/p>\n\n\n\n<p>\u015eimdi<\/p>\n\n\n\n<p>S\u0131k s\u0131k buraya hasta ta\u015f\u0131yan kara ve hava ambulanslar\u0131 (helikopter ve u\u00e7aklar) onun hat\u0131ras\u0131n\u0131 ya\u015fat\u0131yor.<\/p>\n\n\n\n<p>MUSTAFA KESER<\/p>\n\n\n\n<p>Sanat\u00e7\u0131 Mustafa Keser<\/p>\n\n\n\n<p>Kanser olan han\u0131m\u0131yla ilgilendi\u011fi i\u00e7in Cumhurba\u015fkan\u0131m\u0131za te\u015fekk\u00fcr etti\u011fini g\u00f6r\u00fcnce bunlar akl\u0131ma geldi.<\/p>\n\n\n\n<p>Allah<\/p>\n\n\n\n<p>Devletimize milletimize zeval vermesin\u2026<\/p>\n\n\n\n<p><\/p>\n","protected":false},"excerpt":{"rendered":"<p>DR MURAT D\u0130LMENER VE CUMHURBA\u015eKANIMIZIN VEFASI 1970\u2019li y\u0131llarda Mardin\u2019in \u00fc\u00e7 efsane doktoru vard\u0131. Dr. Vahap Dr. Murat Ve Dr. Tahsin\u2026 Dr. Tahsin T\u00fcrksoy kad\u0131n do\u011fum uzman\u0131yd\u0131. Mahallelerde do\u011fum yapt\u0131ran ya\u015fl\u0131 kad\u0131nlar\u0131n azalmas\u0131 ve hastaneye kolay kolay do\u011fuma gidilmedi\u011fi i\u00e7in genellikle hamile annelerin ilk dura\u011f\u0131 Dr. Tahsin T\u00fcrksoy olurdu. Mardinlilerin deyimiyle \u201cTahsin \u0131d-doktoor\u201d DR. A. VAHAP &hellip;<\/p>\n","protected":false},"author":14,"featured_media":53027,"comment_status":"open","ping_status":"open","sticky":false,"template":"","format":"standard","meta":{"om_disable_all_campaigns":false,"_themeisle_gutenberg_block_has_review":false,"_joinchat":[],"footnotes":""},"categories":[56,38,43],"tags":[],"class_list":["post-53026","post","type-post","status-publish","format-standard","has-post-thumbnail","","category-emin","category-guncel","category-yazarlar"],"_links":{"self":[{"href":"https:\/\/akincilardergisi.com\/tr\/wp-json\/wp\/v2\/posts\/53026","targetHints":{"allow":["GET"]}}],"collection":[{"href":"https:\/\/akincilardergisi.com\/tr\/wp-json\/wp\/v2\/posts"}],"about":[{"href":"https:\/\/akincilardergisi.com\/tr\/wp-json\/wp\/v2\/types\/post"}],"author":[{"embeddable":true,"href":"https:\/\/akincilardergisi.com\/tr\/wp-json\/wp\/v2\/users\/14"}],"replies":[{"embeddable":true,"href":"https:\/\/akincilardergisi.com\/tr\/wp-json\/wp\/v2\/comments?post=53026"}],"version-history":[{"count":1,"href":"https:\/\/akincilardergisi.com\/tr\/wp-json\/wp\/v2\/posts\/53026\/revisions"}],"predecessor-version":[{"id":53028,"href":"https:\/\/akincilardergisi.com\/tr\/wp-json\/wp\/v2\/posts\/53026\/revisions\/53028"}],"wp:featuredmedia":[{"embeddable":true,"href":"https:\/\/akincilardergisi.com\/tr\/wp-json\/wp\/v2\/media\/53027"}],"wp:attachment":[{"href":"https:\/\/akincilardergisi.com\/tr\/wp-json\/wp\/v2\/media?parent=53026"}],"wp:term":[{"taxonomy":"category","embeddable":true,"href":"https:\/\/akincilardergisi.com\/tr\/wp-json\/wp\/v2\/categories?post=53026"},{"taxonomy":"post_tag","embeddable":true,"href":"https:\/\/akincilardergisi.com\/tr\/wp-json\/wp\/v2\/tags?post=53026"}],"curies":[{"name":"wp","href":"https:\/\/api.w.org\/{rel}","templated":true}]}}