{"id":52859,"date":"2025-12-15T14:36:10","date_gmt":"2025-12-15T11:36:10","guid":{"rendered":"https:\/\/akincilardergisi.com\/tr\/?p=52859"},"modified":"2025-12-15T14:36:12","modified_gmt":"2025-12-15T11:36:12","slug":"heykeller-ve-putculuk","status":"publish","type":"post","link":"https:\/\/akincilardergisi.com\/tr\/heykeller-ve-putculuk\/","title":{"rendered":"HEYKELLER VE PUT\u00c7ULUK"},"content":{"rendered":"\n<p>Heykeller meselesi&#8230;<\/p>\n\n\n\n<p>Heykel&#8230; \u0130skelet demek. Arabalar i\u00e7in de \u015fase demek. Yani araban\u0131n iskeletine \u015fase deniliyor.<\/p>\n\n\n\n<p>Heykeller put mu?<\/p>\n\n\n\n<p>Baz\u0131lar\u0131 i\u00e7in put olabilir ama m\u00fcsl\u00fcmanlar i\u00e7in kesinlikle put de\u011filler.<\/p>\n\n\n\n<p>\u0130skelet nas\u0131l put olabilir ki!&#8230;<\/p>\n\n\n\n<p>Bu sadece bug\u00fcn i\u00e7in ve T\u00fcrkiyeli m\u00fcsl\u00fcmanlar i\u00e7in degil, m\u00fc\u015frik Mekke toplumundan sonra m\u00fcsl\u00fcmanlar\u0131n muhatap oldu\u011fu her yer i\u00e7in durum b\u00f6yledir.<\/p>\n\n\n\n<p>Nitekim:<\/p>\n\n\n\n<p>D\u00fc\u015f\u00fcn\u00fcn ki Afganistan&#8230; Yani T\u00fcrkistan hicri ilk y\u00fczy\u0131ldan beri \u0130slam topra\u011f\u0131 olmu\u015ftur ve mesela Afganistan&#8217;da daglarin yontulmas\u0131 ile yap\u0131lm\u0131\u015f&nbsp; Buda heykelleri&nbsp; bug\u00fcne kadar ya\u015fam\u0131\u015flard\u0131r. O topraklara m\u00fcsl\u00fcmanlar&nbsp; ve \u0130slam her \u015feyi ile hakimi iken o heykeller ayakta kalm\u0131\u015f ve onlara hi\u00e7 kimse ve hi\u00e7 bir g\u00fc\u00e7 dokunmamistir.<\/p>\n\n\n\n<p>\u00c7\u00fcnk\u00fc m\u00fcsl\u00fcmanlar arasindan hi\u00e7 kimse onlar\u0131 put diye g\u00f6rmemi\u015ftir..<\/p>\n\n\n\n<p>Fakat diyelim Taliban geldi ve ilk geli\u015f g\u00fcnlerinde o heykelleri bombalar ile patlatt\u0131.<\/p>\n\n\n\n<p>\u00c7\u00fcnk\u00fc onlar Taliban idiler. Yani talebe&#8230;<\/p>\n\n\n\n<p>Yani put ile heykelin fark\u0131n\u0131 bilmiyorlard\u0131 ve put denilen \u015fey, onlara g\u00f6re heykel idi.<\/p>\n\n\n\n<p>Halbuki&#8230; Hele \u015fimdiki zamanda put, kelimelerde ve s\u00f6zlerde.<\/p>\n\n\n\n<p>Kimse heykele tap\u0131nm\u0131yor.<\/p>\n\n\n\n<p>\u0130deolojiler&#8230; Ve ideolojileri ifade eden kelimeler&#8230;<\/p>\n\n\n\n<p>Esas put\u00e7uluk kelimelerde ve s\u00f6zlerde.<\/p>\n\n\n\n<p>&#8220;Karde\u015fim \u0130brahim&nbsp;<\/p>\n\n\n\n<p>Bana putlar\u0131 nas\u0131l k\u0131raca\u011f\u0131mi<\/p>\n\n\n\n<p>Bir bir \u00f6\u011fretmi\u015fti.<\/p>\n\n\n\n<p>Ama siz<\/p>\n\n\n\n<p>Kelimelerdekini ve s\u00f6zlerdekini bana ogretmediniz &#8220;<\/p>\n\n\n\n<p>Ulu hocalar bize ogretmediler ve biz de ogretmedik kimseye. Bu y\u00fczden herkes bir siyaseti din edinmi\u015f ve herkes bir birini kendi heykelleri ile putperest ilan edip duruyorlar.<\/p>\n\n\n\n<p>Ve tabii baz\u0131 heykeller de baz\u0131 kimseler i\u00e7in puttan da \u00f6te bir anlam ifade ediyorlar. Ancak bunda heykellerin su\u00e7u yoktur. Keza o heykellere o anlam\u0131 y\u00fckleyenler de \u0130br\u00e2him gibi de\u011filler.&nbsp;<\/p>\n\n\n\n<p>\u0130brahim Allah&#8217;\u0131n yaratt\u0131\u011f\u0131 \u015feylerde Allah&#8217;\u0131 ar\u0131yordu ve her putperest kendi inanc\u0131nda ne kadar samimi ise o kadar ibrahim olmaya yak\u0131nd\u0131r diye anla\u015f\u0131labilir ama bug\u00fcnk\u00fc T\u00fcrkiye&#8217;de baz\u0131 heykellere kendi anlamlar\u0131n\u0131 y\u00fckleyen ki\u015filerin ibrahim Aleyhisselam ile hi\u00e7bir yak\u0131nl\u0131klar\u0131 eminim ki yoktur.&nbsp;<\/p>\n\n\n\n<p>\u00c7\u00fcnk\u00fc \u0130br\u00e2him aray\u0131\u015f\u0131nda&nbsp; hen\u00fcz arayan iken&nbsp; bunlar bulmu\u015flard\u0131r ve tanr\u0131lar\u0131n\u0131 bulduklar\u0131ndan&nbsp; o kadar emindirler.&nbsp;<\/p>\n","protected":false},"excerpt":{"rendered":"<p>Heykeller meselesi&#8230; Heykel&#8230; \u0130skelet demek. Arabalar i\u00e7in de \u015fase demek. Yani araban\u0131n iskeletine \u015fase deniliyor. Heykeller put mu? Baz\u0131lar\u0131 i\u00e7in put olabilir ama m\u00fcsl\u00fcmanlar i\u00e7in kesinlikle put de\u011filler. \u0130skelet nas\u0131l put olabilir ki!&#8230; Bu sadece bug\u00fcn i\u00e7in ve T\u00fcrkiyeli m\u00fcsl\u00fcmanlar i\u00e7in degil, m\u00fc\u015frik Mekke toplumundan sonra m\u00fcsl\u00fcmanlar\u0131n muhatap oldu\u011fu her yer i\u00e7in durum b\u00f6yledir. Nitekim: &hellip;<\/p>\n","protected":false},"author":17,"featured_media":52860,"comment_status":"open","ping_status":"open","sticky":false,"template":"","format":"standard","meta":{"om_disable_all_campaigns":false,"_themeisle_gutenberg_block_has_review":false,"_joinchat":[],"footnotes":""},"categories":[53,38,43],"tags":[],"class_list":["post-52859","post","type-post","status-publish","format-standard","has-post-thumbnail","","category-aydin","category-guncel","category-yazarlar"],"_links":{"self":[{"href":"https:\/\/akincilardergisi.com\/tr\/wp-json\/wp\/v2\/posts\/52859","targetHints":{"allow":["GET"]}}],"collection":[{"href":"https:\/\/akincilardergisi.com\/tr\/wp-json\/wp\/v2\/posts"}],"about":[{"href":"https:\/\/akincilardergisi.com\/tr\/wp-json\/wp\/v2\/types\/post"}],"author":[{"embeddable":true,"href":"https:\/\/akincilardergisi.com\/tr\/wp-json\/wp\/v2\/users\/17"}],"replies":[{"embeddable":true,"href":"https:\/\/akincilardergisi.com\/tr\/wp-json\/wp\/v2\/comments?post=52859"}],"version-history":[{"count":1,"href":"https:\/\/akincilardergisi.com\/tr\/wp-json\/wp\/v2\/posts\/52859\/revisions"}],"predecessor-version":[{"id":52861,"href":"https:\/\/akincilardergisi.com\/tr\/wp-json\/wp\/v2\/posts\/52859\/revisions\/52861"}],"wp:featuredmedia":[{"embeddable":true,"href":"https:\/\/akincilardergisi.com\/tr\/wp-json\/wp\/v2\/media\/52860"}],"wp:attachment":[{"href":"https:\/\/akincilardergisi.com\/tr\/wp-json\/wp\/v2\/media?parent=52859"}],"wp:term":[{"taxonomy":"category","embeddable":true,"href":"https:\/\/akincilardergisi.com\/tr\/wp-json\/wp\/v2\/categories?post=52859"},{"taxonomy":"post_tag","embeddable":true,"href":"https:\/\/akincilardergisi.com\/tr\/wp-json\/wp\/v2\/tags?post=52859"}],"curies":[{"name":"wp","href":"https:\/\/api.w.org\/{rel}","templated":true}]}}