{"id":52854,"date":"2025-12-13T10:07:45","date_gmt":"2025-12-13T07:07:45","guid":{"rendered":"https:\/\/akincilardergisi.com\/tr\/?p=52854"},"modified":"2025-12-17T12:36:02","modified_gmt":"2025-12-17T09:36:02","slug":"tayyip-erdogan-icin-hangi-imkansizlik-mumkun","status":"publish","type":"post","link":"https:\/\/akincilardergisi.com\/tr\/tayyip-erdogan-icin-hangi-imkansizlik-mumkun\/","title":{"rendered":"TAYY\u0130P ERDO\u011eAN \u0130\u00c7\u0130N HANG\u0130 \u0130MKANSIZLIK M\u00dcMK\u00dcN?\u00a0"},"content":{"rendered":"\n<p>Bu degerlendirmemiz bir ka\u00e7 y\u0131l \u00f6nceye \u00e2it. \u00d6nemli g\u00f6r\u00fcp sizinle payla\u015f\u0131yorum.&nbsp;<\/p>\n\n\n\n<p>&#8230;&nbsp;<\/p>\n\n\n\n<p>\u0130nsanlara g\u00f6re bir &#8220;iyi Erdo\u011fan&#8221; var bir de &#8220;k\u00f6t\u00fc Erdo\u011fan&#8221;<\/p>\n\n\n\n<p>Bir zamana kadar iyi Erdo\u011fan sonra da k\u00f6t\u00fc Erdo\u011fan. B\u00f6yle diyenler var.&nbsp;<\/p>\n\n\n\n<p>Tabii bir de kaalubeladan beri k\u00f6t\u00fc Erdo\u011fan&#8230;diye kabul edenler ve diyenler var.<\/p>\n\n\n\n<p>Erdo\u011fan&#8217;\u0131n hayat\u0131n\u0131 2001 den ba\u015flatirsaniz mesela 2012 y\u0131l\u0131na kadar iyi Erdo\u011fan diyenlerin \u00f6nemli bir k\u0131sm\u0131 o tarihlerden ba\u015flayarak&nbsp; her ge\u00e7en g\u00fcn de \u00e7o\u011falan \u015fekilde Erdo\u011fan i\u00e7in k\u00f6t\u00fc Erdo\u011fan demeye ba\u015flad\u0131lar.<\/p>\n\n\n\n<p>Bu d\u00f6nem Akparti iktidar\u0131n\u0131n fetulla yap\u0131lanmas\u0131 ile yollar\u0131n\u0131 ay\u0131rmaya \u00e7al\u0131\u015ft\u0131\u011f\u0131 d\u00f6neme tekabul ediyor.<\/p>\n\n\n\n<p>Yani&#8230;<\/p>\n\n\n\n<p>Erdo\u011fan di\u011fer k\u00f6t\u00fclerden kurtard\u0131\u011f\u0131 devleti o tarihten itibaren de bir ba\u015fka k\u00f6t\u00fc olan fetulla k\u00f6t\u00fcs\u00fcnden de kurtarmak istedi.<\/p>\n\n\n\n<p>Bu durumda ne beklersiniz? Beklersiniz ki Erdo\u011fan i\u00e7in &#8220;Art\u0131k daha iyisi oldu, oluyor&#8221; denilsin.&nbsp;<\/p>\n\n\n\n<p>Ancak ne oldu?&nbsp;<\/p>\n\n\n\n<p>Bu andan itibaren o g\u00fcne kadar Erdo\u011fan guzellemesi yapanlar o tarihten sonra hem i\u00e7eriden hem de d\u0131\u015far\u0131dan &#8220;Erdo\u011fan k\u00f6t\u00fc oldu&#8221; edebiyat\u0131na ge\u00e7tiler.<\/p>\n\n\n\n<p>\u015eimdilerde t\u00fcm k\u00f6t\u00fcler&#8230; Yani&#8230; Erdo\u011fan, devleti kimin elinden ald\u0131 ise&#8230;. Ki s\u0131ra fetullaya gelinceye kadarki kabule g\u00f6re iyi olan\u0131 yap\u0131yordu ve Erdo\u011fan onlara g\u00f6re de iyi Erdo\u011fan idi&#8230; \u0130\u015fte onlar\u0131n hepsi hep bir a\u011f\u0131zdan &#8220;k\u00f6t\u00fc Erdo\u011fan&#8221; tablosu \u00e7izmeye ba\u015flad\u0131lar.<\/p>\n\n\n\n<p>\u015eimdi soru \u015fu:<\/p>\n\n\n\n<p>Esasen hangi Erdo\u011fan daha iyi?<\/p>\n\n\n\n<p>Tabii bir de &#8220;Hangi Erdo\u011fan daha k\u00f6t\u00fc?&#8221; Sorusu var ama bu soru ziyade bir soru.&nbsp;<\/p>\n\n\n\n<p>\u00c7\u00fcnk\u00fc Erdo\u011fan daha i\u015finin ba\u015f\u0131nda &#8220;\u0130yi&#8221; oldu\u011fu i\u00e7in millet taraf\u0131ndan se\u00e7ildi.&nbsp;<\/p>\n\n\n\n<p>&#8220;K\u00f6t\u00fc oldu&#8221; dedikleri d\u00f6neme kadar da yine millet taraf\u0131ndan se\u00e7ildi. Yani Erdo\u011fan en az\u0131ndan se\u00e7ilmi\u015f bir ki\u015fi ve se\u00e7ilmi\u015f bir kimlik.<\/p>\n\n\n\n<p>Yani hangi Erdo\u011fan daha k\u00f6t\u00fc sorusunun kar\u015f\u0131l\u0131k olacak bir cevab\u0131 do\u011frudan milleti kar\u015f\u0131ya almak ve milletin tercihine meydan okumak demektir.<\/p>\n\n\n\n<p>As\u0131l soru &#8220;Hangi Erdo\u011fan daha iyi?&#8221; Sorusudur.<\/p>\n\n\n\n<p>Bence<\/p>\n\n\n\n<p>\u015eimdiki Erdo\u011fan ilk halindeki Erdo\u011fan&#8217;dan da ara d\u00f6nemlerindeki her Erdo\u011fan&#8217;dan daha iyidir.<\/p>\n\n\n\n<p>Mant\u0131k b\u00f6yle demeyi gerektirir.<\/p>\n\n\n\n<p>\u00c7\u00fcnk\u00fc Erdo\u011fan.<\/p>\n\n\n\n<p>Devleti hemen hemen her k\u00f6t\u00fcden temizlemi\u015f durumda ve k\u00f6t\u00fcl\u00fckleri bilinen her kesim Erdo\u011fan&#8217;a kar\u015f\u0131.&nbsp;<\/p>\n\n\n\n<p>\u00d6yleyse&nbsp;<\/p>\n\n\n\n<p>\u0130yilerin Erdo\u011fan&#8217;a k\u00f6t\u00fc diyebilmesi do\u011frudan k\u00f6t\u00fcler ile agizbirligi etme anlam\u0131na gelir.<\/p>\n\n\n\n<p>Erdo\u011fan niye k\u00f6t\u00fc olsun ki?<\/p>\n\n\n\n<p>K\u00f6t\u00fcler zaten biliniyor ve k\u00f6t\u00fcleri temizleyen de Erdo\u011fan.<\/p>\n\n\n\n<p>O halde Erdo\u011fan kendinden ba\u015fka kime benzeyip de k\u00f6t\u00fc olabilir ki?<\/p>\n\n\n\n<p>Ki\u015fi kendisi oldu\u011fu veya kendisine benzedi\u011fi i\u00e7in hi\u00e7 k\u00f6t\u00fc olur mu ki?<\/p>\n\n\n\n<p>Bence olmaz.<\/p>\n\n\n\n<p>Vaktiyle b\u00f6yle demi\u015fiz. Tabii \u015fimdi de ayn\u0131s\u0131n\u0131 diyoruz ve sizinle payla\u015fm\u0131\u015f olduk.&nbsp;<\/p>\n\n\n\n<p><\/p>\n","protected":false},"excerpt":{"rendered":"<p>Bu degerlendirmemiz bir ka\u00e7 y\u0131l \u00f6nceye \u00e2it. \u00d6nemli g\u00f6r\u00fcp sizinle payla\u015f\u0131yorum.&nbsp; &#8230;&nbsp; \u0130nsanlara g\u00f6re bir &#8220;iyi Erdo\u011fan&#8221; var bir de &#8220;k\u00f6t\u00fc Erdo\u011fan&#8221; Bir zamana kadar iyi Erdo\u011fan sonra da k\u00f6t\u00fc Erdo\u011fan. B\u00f6yle diyenler var.&nbsp; Tabii bir de kaalubeladan beri k\u00f6t\u00fc Erdo\u011fan&#8230;diye kabul edenler ve diyenler var. Erdo\u011fan&#8217;\u0131n hayat\u0131n\u0131 2001 den ba\u015flatirsaniz mesela 2012 y\u0131l\u0131na kadar &hellip;<\/p>\n","protected":false},"author":17,"featured_media":52855,"comment_status":"open","ping_status":"open","sticky":false,"template":"","format":"standard","meta":{"om_disable_all_campaigns":false,"_themeisle_gutenberg_block_has_review":false,"_joinchat":[],"footnotes":""},"categories":[53,38,43],"tags":[],"class_list":["post-52854","post","type-post","status-publish","format-standard","has-post-thumbnail","","category-aydin","category-guncel","category-yazarlar"],"_links":{"self":[{"href":"https:\/\/akincilardergisi.com\/tr\/wp-json\/wp\/v2\/posts\/52854","targetHints":{"allow":["GET"]}}],"collection":[{"href":"https:\/\/akincilardergisi.com\/tr\/wp-json\/wp\/v2\/posts"}],"about":[{"href":"https:\/\/akincilardergisi.com\/tr\/wp-json\/wp\/v2\/types\/post"}],"author":[{"embeddable":true,"href":"https:\/\/akincilardergisi.com\/tr\/wp-json\/wp\/v2\/users\/17"}],"replies":[{"embeddable":true,"href":"https:\/\/akincilardergisi.com\/tr\/wp-json\/wp\/v2\/comments?post=52854"}],"version-history":[{"count":1,"href":"https:\/\/akincilardergisi.com\/tr\/wp-json\/wp\/v2\/posts\/52854\/revisions"}],"predecessor-version":[{"id":52856,"href":"https:\/\/akincilardergisi.com\/tr\/wp-json\/wp\/v2\/posts\/52854\/revisions\/52856"}],"wp:featuredmedia":[{"embeddable":true,"href":"https:\/\/akincilardergisi.com\/tr\/wp-json\/wp\/v2\/media\/52855"}],"wp:attachment":[{"href":"https:\/\/akincilardergisi.com\/tr\/wp-json\/wp\/v2\/media?parent=52854"}],"wp:term":[{"taxonomy":"category","embeddable":true,"href":"https:\/\/akincilardergisi.com\/tr\/wp-json\/wp\/v2\/categories?post=52854"},{"taxonomy":"post_tag","embeddable":true,"href":"https:\/\/akincilardergisi.com\/tr\/wp-json\/wp\/v2\/tags?post=52854"}],"curies":[{"name":"wp","href":"https:\/\/api.w.org\/{rel}","templated":true}]}}