{"id":52850,"date":"2025-12-12T11:37:22","date_gmt":"2025-12-12T08:37:22","guid":{"rendered":"https:\/\/akincilardergisi.com\/tr\/?p=52850"},"modified":"2025-12-12T11:37:44","modified_gmt":"2025-12-12T08:37:44","slug":"psikolojik-savasin-medya-ayagi","status":"publish","type":"post","link":"https:\/\/akincilardergisi.com\/tr\/psikolojik-savasin-medya-ayagi\/","title":{"rendered":"Psikolojik sava\u015f\u0131n medya aya\u011f\u0131"},"content":{"rendered":"\n<p>Sava\u015f sadece cephelerde verilen bir m\u00fccadele de\u011fil, hayat\u0131n her kesiminde ve alan\u0131nda, a\u00e7\u0131k veya gizli olarak kar\u015f\u0131m\u0131za \u00e7\u0131kan bir ge\u00e7ektir. Siyasi, askeri, istihbari,&nbsp;<a href=\"https:\/\/ekonomi.haber7.com\/\" target=\"_blank\" rel=\"noreferrer noopener\">ekonomi<\/a>k, k\u00fclt\u00fcrel, diplomatik ve medya gibi alanlarda propaganda, e\u011fitim, \u00f6\u011fretim, alg\u0131 operasyonu ve k\u0131\u015fk\u0131rtma ama\u00e7l\u0131 geni\u015f bir alan\u0131 kaps\u0131yor.<\/p>\n\n\n\n<p>Psikolojik sava\u015flar daha \u00e7ok yabanc\u0131 g\u00fc\u00e7ler taraf\u0131ndan finanse ve organize edilen ama\u00e7 ve hedefleri \u00f6nceden tespit edilmi\u015f m\u00fccadele tarz\u0131d\u0131r. Bu m\u00fccadelenin bir kanad\u0131n\u0131 ta\u015feronlar ve muhalefet partileri destekleyip sahiplenirler.<\/p>\n\n\n\n<p>Muhalefet guruplar\u0131 hangi ideoloji ve g\u00f6r\u00fc\u015fte olursa olsun iktidar\u0131 y\u0131pratmak, zay\u0131flat\u0131p i\u015flemez hale getirmek i\u00e7in her f\u0131rsat\u0131 de\u011ferlendirirler. Bu husustan kendilerine d\u00fc\u015fen g\u00f6revi veya ihaleyi ne kadar iyi yerine getirirlerse, onlar\u0131 finansa eden ve y\u00f6neten g\u00fc\u00e7lerce o oranda \u00f6d\u00fcllendirilir.<\/p>\n\n\n\n<p>Bu i\u015fleri yapan, oyunlar\u0131 oynayan odaklar g\u00f6beklerinden ba\u011fl\u0131 olduklar\u0131 i\u00e7 ve d\u0131\u015f g\u00fc\u00e7lerin haz\u0131rlad\u0131\u011f\u0131 ve planlad\u0131\u011f\u0131 tiyatro, filim, gazete, radyo, TV gibi medya organlar\u0131yla toplumu y\u00f6nlendirme ve dizaynetme, devlet ve h\u00fck\u00fcmete ayar verme gibi i\u015fleri demokrasi, bas\u0131n \u00f6zg\u00fcrl\u00fc\u011f\u00fc ve&nbsp;<a href=\"https:\/\/www.haber7.com\/\" target=\"_blank\" rel=\"noreferrer noopener\">haber<\/a>cilik kamuflaj\u0131 alt\u0131nda y\u00fcr\u00fct\u00fcrler.<\/p>\n\n\n\n<p>Bunlar i\u015fledikleri su\u00e7lar ve yapt\u0131klar\u0131 kanunsuzluklar y\u00fcz\u00fcnden cezaland\u0131r\u0131lsalar bile, finanse edildikleri \u00fclkeler taraf\u0131ndan korunurlar.<\/p>\n\n\n\n<p>Kimse onlar\u0131n d\u0131\u015f g\u00fc\u00e7ler ad\u0131na \u00e7al\u0131\u015fan lejyonerler oldu\u011funu, kendi \u00fclkeleri aleyhine d\u00fc\u015fman g\u00fc\u00e7lere ajanl\u0131k ve ta\u015feronluk yapt\u0131klar\u0131ndan bahsetmez. Bir bakars\u0131n\u0131z hi\u00e7 ad\u0131 duyulmayan silik bir yazar, \u00e7izer, tiyatrocu, filim yap\u0131mc\u0131s\u0131 veya medya patronu bir anda haber man\u015fetlerinden inmez. Bu tipler bir anda me\u015fhur ve kahraman ilan edilir. Bu tip ta\u015feronlara ve kuklalara T\u00fcrkiye ve T\u00fcrkiye gibi emperyalistlerin ilgi duydu\u011fu \u00fclkelerde s\u0131k s\u0131k rastlan\u0131l\u0131r.<\/p>\n\n\n\n<p>Bu i\u015flerle u\u011fra\u015fan \u00f6zel g\u00f6revliler maa\u015flar\u0131n\u0131 bir bat\u0131 \u00fclkesinin ilgili vak\u0131f, kurum veya organlar\u0131ndan al\u0131rlar. Onun ad\u0131na da insani yard\u0131m, bilimsel ara\u015ft\u0131rma vs. diye bir ad uydururlar. &nbsp;<\/p>\n\n\n\n<p>T\u00fcrkiye\u2019de bu \u015fekilde faaliyet g\u00f6steren bir\u00e7ok bat\u0131l\u0131 istihbarat te\u015fkilatlar\u0131 ad\u0131na \u00e7al\u0131\u015fan yerli ve yabanc\u0131 vak\u0131flar, ara\u015ft\u0131rma kurulu\u015flar\u0131, sanat ve k\u00fclt\u00fcr merkezleri, dil ve k\u00fclt\u00fcr organizasyonlar\u0131 dernekler ve e\u011fitim kurumlar\u0131 vard\u0131r.<\/p>\n\n\n\n<p>Bunlar o \u00fclkenin siyasi, askeri, ticari hedef ve ama\u00e7lar\u0131 do\u011frultusunda her alan ve meslekte, her tip ve k\u0131l\u0131kta, her ideoloji ve siyasi kanatta finansa eden devlet ve kurum ad\u0131na \u00e7al\u0131\u015f\u0131rlar.<\/p>\n\n\n\n<p>Bunlar\u0131n y\u00f6netti\u011fi insanlar oynatt\u0131\u011f\u0131 kuklalar sat\u0131n ald\u0131klar\u0131 o \u00fclkenin yozla\u015fm\u0131\u015f yabanc\u0131la\u015fm\u0131\u015f kullan\u0131lmaya m\u00fcsait ezik insanlar\u0131d\u0131r.<\/p>\n\n\n\n<p>Bug\u00fcn T\u00fcrkiye \u00fcslenmi\u015f medya kurulu\u015fundan bir\u00e7o\u011fu devlete ve millete kar\u015f\u0131 sava\u015f a\u00e7m\u0131\u015f durumda, yabanc\u0131 g\u00fc\u00e7lerin beslemesi ve kontrol\u00fc alt\u0131nda \u00fclkemize kar\u015f\u0131 psikolojik bir sava\u015f y\u00fcr\u00fctmektedir.<\/p>\n\n\n\n<p>Toplum psikolojisini alt \u00fcst eden TV dizileri, aile yap\u0131m\u0131z\u0131 hedef alan aldatma sahneleri, aile i\u00e7i \u00e7apraz ili\u015fkiler, fuhu\u015f, akran ve mahalle zorbal\u0131\u011f\u0131, uyu\u015fturucu alkol ve ahlaki yozla\u015ft\u0131rmalar psikolojik sava\u015f\u0131n bir par\u00e7as\u0131 olarak her an ekranlar\u0131m\u0131zda zehir kusmaktad\u0131r.<\/p>\n\n\n\n<p>K\u00f6\u015fklerde villalarda l\u00fcks ve zenginlik i\u00e7inde hi\u00e7bir dini, ahlaki, k\u00fclt\u00fcrel ve etik kural tan\u0131madan \u00e7\u0131lg\u0131nca s\u00fcrd\u00fcr\u00fclen yapay bir hayata gen\u00e7leri \u00f6zendirmek ve onlar\u0131 yoldan \u00e7\u0131karmak, sonra onlar\u0131 i\u00e7ki ve fuhu\u015f masalar\u0131nda sarho\u015f kusmuklu a\u011f\u0131zlara meze etmek bu sava\u015f\u0131n bir par\u00e7as\u0131d\u0131r.<\/p>\n\n\n\n<p>D\u00fc\u015f\u00fcnmeyen, \u00fcretmeyen, \u00e7al\u0131\u015fmay\u0131 sevmeyen, hayat\u0131 en ucuzdan kazanmaya \u00f6zendirilen, &nbsp;a\u015f\u0131r\u0131 harcayan, s\u0131n\u0131rs\u0131z \u00f6zg\u00fcrl\u00fck isteyip k\u00f6le t\u00fcccarlar\u0131n\u0131n eline d\u00fc\u015fen hedefsiz, \u015fuursuz, ama\u00e7s\u0131z ku\u015faklar\u0131n yeti\u015fmesi bu psikolojik sava\u015flar\u0131n \u00fcr\u00fcn\u00fcd\u00fcr.<\/p>\n\n\n\n<p>Bu sava\u015f milletimizin birbirine olan g\u00fcvenini, dayan\u0131\u015fma duygusunu, sevgi ve sayg\u0131s\u0131n\u0131 sistematik olarak yok etmektedir. Medyam\u0131z\u0131n ana haber b\u00fcltenleri \u015fiddet, kan, kin, nefret ve korku \u00fcreten, cinayet ve karga\u015fa haberleriyle halk\u0131m\u0131z\u0131n ruh sa\u011fl\u0131\u011f\u0131n\u0131 bozan b\u00fcy\u00fck bir fitne arac\u0131 haline gelmi\u015ftir.<\/p>\n\n\n\n<p>Bunlar ve bunlar gibi olaylar kendili\u011finden meydana gelen geli\u015fmeler de\u011fil,&nbsp; planl\u0131 programl\u0131 psikolojik sava\u015f\u0131n bir par\u00e7as\u0131 olan ku\u015fatmalard\u0131r.<\/p>\n\n\n\n<p>Ey devlet! Ey millet! Ey yarg\u0131 ve emniyet, e\u011fitim ve \u00f6\u011fretim mensuplar\u0131m\u0131z, ey anne babalar hepimiz bu \u00e7\u00fcr\u00fcmenin, bu \u00e7\u00f6k\u00fc\u015f\u00fcn i\u00e7inde sele kap\u0131lan \u00e7er \u00e7\u00f6pler gibi b\u00f6yle \u015fuursuzca nereye s\u00fcr\u00fcklenip gidiyoruz?<\/p>\n\n\n\n<p>\u00dclkemizdeki toplumsal yozla\u015fmaya, yabanc\u0131la\u015fmaya, gen\u00e7 ku\u015faklar\u0131m\u0131z\u0131 benli\u011finden ve kimli\u011finden kopar\u0131lmas\u0131na ne zaman \u2018\u2019DUR\u2019\u2019 diyece\u011fiz?<\/p>\n\n\n\n<p>Aile yap\u0131s\u0131n\u0131n \u00e7\u00fcr\u00fcd\u00fc\u011f\u00fc, toplumsal yap\u0131s\u0131n\u0131n \u00e7\u00f6kt\u00fc\u011f\u00fc bir millet ve devlet uzun s\u00fcre kendisi olarak ayakta ve hayatta kalmas\u0131 m\u00fcmk\u00fcn m\u00fcd\u00fcr?<\/p>\n\n\n\n<p>\u00dclkemize ve milletimize kar\u015f\u0131 verilen psikolojik sava\u015flar\u0131n birer par\u00e7as\u0131 olan fitne yuvalar\u0131 ve odaklar\u0131na kar\u015f\u0131 neden gerekli en etkin \u00f6nlemleri alm\u0131yoruz?<\/p>\n\n\n\n<p>En b\u00fcy\u00fck ve tehlikeli d\u00fc\u015fman, d\u0131\u015f\u0131m\u0131zdakiler de\u011fil i\u00e7imizdeki bizden g\u00f6r\u00fcnen yerli m\u00fcnaf\u0131klar ve d\u00fc\u015fmanlar\u0131m\u0131z\u0131n ta\u015feronlar\u0131 oldu\u011funu art\u0131k anlamak ve gerekli her t\u00fcrl\u00fc \u00f6nlemi almak zorunday\u0131z. \u00d6zg\u00fcr ve ba\u011f\u0131ms\u0131z b\u00fcy\u00fck devlet olmak devlete ve millete uzanan elleri k\u0131rmaktan ve onu tesirsiz hale getirmekten ge\u00e7er.<\/p>\n","protected":false},"excerpt":{"rendered":"<p>Sava\u015f sadece cephelerde verilen bir m\u00fccadele de\u011fil, hayat\u0131n her kesiminde ve alan\u0131nda, a\u00e7\u0131k veya gizli olarak kar\u015f\u0131m\u0131za \u00e7\u0131kan bir ge\u00e7ektir. Siyasi, askeri, istihbari,&nbsp;ekonomik, k\u00fclt\u00fcrel, diplomatik ve medya gibi alanlarda propaganda, e\u011fitim, \u00f6\u011fretim, alg\u0131 operasyonu ve k\u0131\u015fk\u0131rtma ama\u00e7l\u0131 geni\u015f bir alan\u0131 kaps\u0131yor. Psikolojik sava\u015flar daha \u00e7ok yabanc\u0131 g\u00fc\u00e7ler taraf\u0131ndan finanse ve organize edilen ama\u00e7 ve hedefleri &hellip;<\/p>\n","protected":false},"author":2,"featured_media":52851,"comment_status":"open","ping_status":"open","sticky":false,"template":"","format":"standard","meta":{"om_disable_all_campaigns":false,"_themeisle_gutenberg_block_has_review":false,"_joinchat":[],"footnotes":""},"categories":[49,38,43],"tags":[],"class_list":["post-52850","post","type-post","status-publish","format-standard","has-post-thumbnail","","category-arif","category-guncel","category-yazarlar"],"_links":{"self":[{"href":"https:\/\/akincilardergisi.com\/tr\/wp-json\/wp\/v2\/posts\/52850","targetHints":{"allow":["GET"]}}],"collection":[{"href":"https:\/\/akincilardergisi.com\/tr\/wp-json\/wp\/v2\/posts"}],"about":[{"href":"https:\/\/akincilardergisi.com\/tr\/wp-json\/wp\/v2\/types\/post"}],"author":[{"embeddable":true,"href":"https:\/\/akincilardergisi.com\/tr\/wp-json\/wp\/v2\/users\/2"}],"replies":[{"embeddable":true,"href":"https:\/\/akincilardergisi.com\/tr\/wp-json\/wp\/v2\/comments?post=52850"}],"version-history":[{"count":1,"href":"https:\/\/akincilardergisi.com\/tr\/wp-json\/wp\/v2\/posts\/52850\/revisions"}],"predecessor-version":[{"id":52852,"href":"https:\/\/akincilardergisi.com\/tr\/wp-json\/wp\/v2\/posts\/52850\/revisions\/52852"}],"wp:featuredmedia":[{"embeddable":true,"href":"https:\/\/akincilardergisi.com\/tr\/wp-json\/wp\/v2\/media\/52851"}],"wp:attachment":[{"href":"https:\/\/akincilardergisi.com\/tr\/wp-json\/wp\/v2\/media?parent=52850"}],"wp:term":[{"taxonomy":"category","embeddable":true,"href":"https:\/\/akincilardergisi.com\/tr\/wp-json\/wp\/v2\/categories?post=52850"},{"taxonomy":"post_tag","embeddable":true,"href":"https:\/\/akincilardergisi.com\/tr\/wp-json\/wp\/v2\/tags?post=52850"}],"curies":[{"name":"wp","href":"https:\/\/api.w.org\/{rel}","templated":true}]}}