{"id":52846,"date":"2025-12-10T18:13:08","date_gmt":"2025-12-10T15:13:08","guid":{"rendered":"https:\/\/akincilardergisi.com\/tr\/?p=52846"},"modified":"2025-12-10T18:13:09","modified_gmt":"2025-12-10T15:13:09","slug":"itikatta-papaya-karsi-amelde-noel-asigi","status":"publish","type":"post","link":"https:\/\/akincilardergisi.com\/tr\/itikatta-papaya-karsi-amelde-noel-asigi\/","title":{"rendered":"\u0130T\u0130KATTA PAPA\u2019YA KAR\u015eI AMELDE NOEL A\u015eI\u011eI"},"content":{"rendered":"\n<p>Ge\u00e7en hafta<\/p>\n\n\n\n<p>\u00dclkemizi ziyaret eden Papa<\/p>\n\n\n\n<p>Cumhurba\u015fkan\u0131m\u0131z taraf\u0131ndan resm\u00ee t\u00f6renle kar\u015f\u0131lan\u0131nca<\/p>\n\n\n\n<p>Muhalefetin eline bir f\u0131rsat ge\u00e7ti.<\/p>\n\n\n\n<p>Ve k\u0131sa s\u00fcreli de olsa Papa\u2019n\u0131n etraf\u0131nda bir f\u0131rt\u0131na koparmay\u0131 ba\u015fard\u0131lar.<\/p>\n\n\n\n<p>\u00d6yle ya;<\/p>\n\n\n\n<p>Ya Papa Anadolu\u2019yu tekrar Hristiyanla\u015ft\u0131r\u0131rsa diye CHP endi\u015feye kap\u0131ld\u0131.<\/p>\n\n\n\n<p>CHP BELED\u0130YELER\u0130<\/p>\n\n\n\n<p>NOEL\u2019\u0130 KAR\u015eILIYOR<\/p>\n\n\n\n<p>H\u00e2lbuki ayn\u0131 CHP<\/p>\n\n\n\n<p>Bir yandan Papa \u00fczerinden<\/p>\n\n\n\n<p>\u201cDincilik\u201d yaparak m\u00fctedeyyin se\u00e7menin kafas\u0131n\u0131 kar\u0131\u015ft\u0131r\u0131rken,<\/p>\n\n\n\n<p>Di\u011fer yandan<\/p>\n\n\n\n<p>Noel\u2019i kar\u015f\u0131lamak i\u00e7in har\u0131l har\u0131l \u00e7al\u0131\u015f\u0131yor.. bunun i\u00e7in de belediye b\u00fct\u00e7esini hesaps\u0131z bir \u015fekilde harcamaktan \u00e7ekinmiyor.<\/p>\n\n\n\n<p>Hatta<\/p>\n\n\n\n<p>\u015ei\u015fli belediyesine kayyum atanmadan \u00f6nceki d\u00f6nemde<\/p>\n\n\n\n<p>Ni\u015fanta\u015f\u0131 sokak ve caddelerini<\/p>\n\n\n\n<p>\u0130ngiliz asker \u00fcniforma ve k\u0131yafetleri ile donatm\u0131\u015f.. Noel\u2019i \u00f6yle kar\u015f\u0131lam\u0131\u015ft\u0131.<\/p>\n\n\n\n<p>B\u00f6ylece<\/p>\n\n\n\n<p>100 y\u0131l \u00f6nce \u0130stanbul\u2019u i\u015fgal eden \u0130ngilizlerin devriye gezen askerlerine at\u0131fta bulunmu\u015ftu.<\/p>\n\n\n\n<p>Bunu yapan CHP\u2019nin<\/p>\n\n\n\n<p>Ne milli ne dini duygular\u0131 rencide olmam\u0131\u015ft\u0131<\/p>\n\n\n\n<p>Ama<\/p>\n\n\n\n<p>\u00dclkemize resmi bir ziyarette bulunan Papa\u2019ya kar\u015f\u0131 dini duygular\u0131 kabar\u0131yor Cumhurba\u015fkan\u0131m\u0131za tarizde bulunuyor.<\/p>\n\n\n\n<p>H\u00e2lbuki\u2026<\/p>\n\n\n\n<p>AVRUPA\u2019DA B\u0130LE<\/p>\n\n\n\n<p>HR\u0130ST\u0130YANLIK B\u0130TM\u0130\u015e<\/p>\n\n\n\n<p>H\u00e2lbuki<\/p>\n\n\n\n<p>Papa\u2019n\u0131n b\u0131rak\u0131n Anadolu\u2019yu Hristiyanla\u015ft\u0131rmas\u0131n\u0131<\/p>\n\n\n\n<p>T\u00fcm Ha\u00e7l\u0131 seferlerinin ba\u015flad\u0131\u011f\u0131 Hristiyan d\u00fcnyas\u0131n\u0131n merkezi Avrupa\u2019da bile Hristiyanl\u0131k g\u00fcn g\u00fcn eriyor. Avrupa\u2019daki gurbet\u00e7ilerimiz de bo\u015f kalan kiliseleri al\u0131p al\u0131p camiye \u00e7eviriyor.<\/p>\n\n\n\n<p>PAPA K\u0130M\u0130N UMURUNDA<\/p>\n\n\n\n<p>Yani Papa<\/p>\n\n\n\n<p>Kendi co\u011frafyas\u0131nda bile ba\u015far\u0131s\u0131zken, gelip Anadolu\u2019yu Hristiyanla\u015ft\u0131raca\u011f\u0131n\u0131 d\u00fc\u015f\u00fcnmek abesle i\u015ftigaldir.<\/p>\n\n\n\n<p>\u00c7\u00fcnk\u00fc<\/p>\n\n\n\n<p>Hristiyan bat\u0131 d\u00fcnyas\u0131 gen\u00e7lerin kafas\u0131ndaki sorulara cevap veremiyor<\/p>\n\n\n\n<p>B\u00fcy\u00fck bir inan\u00e7 (inan\u00e7s\u0131zl\u0131k) girdab\u0131 i\u00e7inde debelenip duruyor.<\/p>\n\n\n\n<p>Binaenaleyh<\/p>\n\n\n\n<p>Avrupa\u2019da Hristiyanl\u0131k de\u011fil, deizm.. agnostisizm ve ateizm alm\u0131\u015f ba\u015f\u0131n\u0131 gidiyor. Bilhassa Kuzey Avrupa \u00fclkelerinin ne din ne mezhep ne Papa umurlar\u0131nda de\u011fil.<\/p>\n\n\n\n<p>\u00c7\u00fcnk\u00fc<\/p>\n\n\n\n<p>Hristiyanl\u0131\u011f\u0131n bu karma\u015f\u0131k<\/p>\n\n\n\n<p>Ve<\/p>\n\n\n\n<p>Akla mant\u0131\u011fa ayk\u0131r\u0131 \u00f6\u011fretileri -akidesi- onlar\u0131 dinden uzakla\u015ft\u0131rm\u0131\u015f.. bilhassa gen\u00e7leri derin bir inan\u00e7s\u0131zl\u0131k girdab\u0131na itmi\u015ftir.<\/p>\n\n\n\n<p>Bundan dolay\u0131<\/p>\n\n\n\n<p>\u0130ntihar oranlar\u0131n\u0131n en y\u00fcksek oldu\u011fu \u00fclkeler de bu \u00fclkelerdir.<\/p>\n\n\n\n<p>PAPA MI, ELON MUSK MI, BILL GATES M\u0130?<\/p>\n\n\n\n<p>Yani Papa<\/p>\n\n\n\n<p>Ne o eski g\u00fcc\u00fcnde ne de art\u0131k gen\u00e7lerin umursad\u0131\u011f\u0131 bir fig\u00fcr de\u011fil\u2026<\/p>\n\n\n\n<p>Ama<\/p>\n\n\n\n<p>Elon Musk, Bill Gates veya Larry Ellison gen\u00e7ler i\u00e7in tap\u0131lacak derecede \u00f6nemli.<\/p>\n\n\n\n<p>Hatta sahnede tepinip duran \u015fark\u0131c\u0131lar bile onlar i\u00e7in \u00e7ok \u00f6nemli olup bunlar i\u00e7in ay\u0131l\u0131p bay\u0131l\u0131yorlar.<\/p>\n\n\n\n<p>CHP\u2019nin<\/p>\n\n\n\n<p>S\u00f6yleyecek bir s\u00f6z\u00fc varsa d\u00fcnyam\u0131z\u0131 \u015fekillendiren (bozan) bu idollere bir \u015fey s\u00f6ylesin.<\/p>\n\n\n\n<p>\u00c7\u00fcnk\u00fc<\/p>\n\n\n\n<p>As\u0131l tehlike bunlard\u0131r.<\/p>\n\n\n\n<p>09.12.2025<\/p>\n\n\n\n<p>Emin Batur<\/p>\n\n\n\n<p><\/p>\n","protected":false},"excerpt":{"rendered":"<p>Ge\u00e7en hafta \u00dclkemizi ziyaret eden Papa Cumhurba\u015fkan\u0131m\u0131z taraf\u0131ndan resm\u00ee t\u00f6renle kar\u015f\u0131lan\u0131nca Muhalefetin eline bir f\u0131rsat ge\u00e7ti. Ve k\u0131sa s\u00fcreli de olsa Papa\u2019n\u0131n etraf\u0131nda bir f\u0131rt\u0131na koparmay\u0131 ba\u015fard\u0131lar. \u00d6yle ya; Ya Papa Anadolu\u2019yu tekrar Hristiyanla\u015ft\u0131r\u0131rsa diye CHP endi\u015feye kap\u0131ld\u0131. CHP BELED\u0130YELER\u0130 NOEL\u2019\u0130 KAR\u015eILIYOR H\u00e2lbuki ayn\u0131 CHP Bir yandan Papa \u00fczerinden \u201cDincilik\u201d yaparak m\u00fctedeyyin se\u00e7menin kafas\u0131n\u0131 kar\u0131\u015ft\u0131r\u0131rken, &hellip;<\/p>\n","protected":false},"author":31,"featured_media":52847,"comment_status":"open","ping_status":"open","sticky":false,"template":"","format":"standard","meta":{"om_disable_all_campaigns":false,"_themeisle_gutenberg_block_has_review":false,"_joinchat":[],"footnotes":""},"categories":[56,38,43],"tags":[],"class_list":["post-52846","post","type-post","status-publish","format-standard","has-post-thumbnail","","category-emin","category-guncel","category-yazarlar"],"_links":{"self":[{"href":"https:\/\/akincilardergisi.com\/tr\/wp-json\/wp\/v2\/posts\/52846","targetHints":{"allow":["GET"]}}],"collection":[{"href":"https:\/\/akincilardergisi.com\/tr\/wp-json\/wp\/v2\/posts"}],"about":[{"href":"https:\/\/akincilardergisi.com\/tr\/wp-json\/wp\/v2\/types\/post"}],"author":[{"embeddable":true,"href":"https:\/\/akincilardergisi.com\/tr\/wp-json\/wp\/v2\/users\/31"}],"replies":[{"embeddable":true,"href":"https:\/\/akincilardergisi.com\/tr\/wp-json\/wp\/v2\/comments?post=52846"}],"version-history":[{"count":1,"href":"https:\/\/akincilardergisi.com\/tr\/wp-json\/wp\/v2\/posts\/52846\/revisions"}],"predecessor-version":[{"id":52848,"href":"https:\/\/akincilardergisi.com\/tr\/wp-json\/wp\/v2\/posts\/52846\/revisions\/52848"}],"wp:featuredmedia":[{"embeddable":true,"href":"https:\/\/akincilardergisi.com\/tr\/wp-json\/wp\/v2\/media\/52847"}],"wp:attachment":[{"href":"https:\/\/akincilardergisi.com\/tr\/wp-json\/wp\/v2\/media?parent=52846"}],"wp:term":[{"taxonomy":"category","embeddable":true,"href":"https:\/\/akincilardergisi.com\/tr\/wp-json\/wp\/v2\/categories?post=52846"},{"taxonomy":"post_tag","embeddable":true,"href":"https:\/\/akincilardergisi.com\/tr\/wp-json\/wp\/v2\/tags?post=52846"}],"curies":[{"name":"wp","href":"https:\/\/api.w.org\/{rel}","templated":true}]}}