{"id":5280,"date":"2015-05-10T10:41:08","date_gmt":"2015-05-10T07:41:08","guid":{"rendered":"http:\/\/akincilardergisi.com\/dergi\/?p=5280"},"modified":"2023-11-04T20:12:26","modified_gmt":"2023-11-04T17:12:26","slug":"kenan-evren-gunu-dolayisiyla-millete","status":"publish","type":"post","link":"https:\/\/akincilardergisi.com\/tr\/kenan-evren-gunu-dolayisiyla-millete\/","title":{"rendered":"&#8220;KENAN EVREN G\u00dcN\u00dc&#8221; DOLAYISIYLA M\u0130LLETE"},"content":{"rendered":"<p>Lanet okuyacaksan\u0131z, Kenan Evren&#8217;e de\u011fil, her zaman, siyaseten kar\u015f\u0131n\u0131zda olan insanlar\u0131 vatan haini yapan sa\u011fc\u0131l\u0131k ve solculuk veya bir ba\u015fka siyasi tarafgirli\u011finize lanet edin.<\/p>\n<p>Bir\u00a0 de;<\/p>\n<p>\u015eu iflah olmaz dalkavuklu\u011funuza ve hi\u00e7 bir tevil g\u00f6t\u00fcrmeyen \u015fu nank\u00f6rl\u00fc\u011f\u00fcn\u00fcze lanet edin.<\/p>\n<p>Siz de\u011fil misiniz 12 Eyl\u00fcl \u00f6ncesinde, biribirlerinizi &#8220;vatan haini&#8221; ilan edenler ve bir kahvehane i\u00e7inde belki bir tane vatan haini vard\u0131r diye b\u00fct\u00fcn kahvehaneyi yayl\u0131m ate\u015fine alanlar.<\/p>\n<p>Ve: &#8220;Darbe oldu&#8221; denildi\u011fi g\u00fcn: S\u00f6zde\u00a0 &#8220;insan&#8221; olanlar.<\/p>\n<p>Ve bu &#8220;insanl\u0131klar\u0131&#8221;n\u0131 bu sefer de cezaevlerinde, karakollarda, nizamiyelerde devam ettirenler.<\/p>\n<p>Hepiniz &#8220;Darbeyi biz yapt\u0131k&#8221; diye o kadar sahiplendiniz ki: Karakol, Nizamiye ve Cezaevlerinde elinize ge\u00e7irdi\u011finiz insanlar\u0131 i\u015fkencelere ald\u0131n\u0131z. Sen sa\u011fc\u0131 idin o zaman, solcuyu vatan haini diye i\u015fkenceye ald\u0131n: Sen solcu idin, sa\u011fc\u0131y\u0131 i\u015fkenceye ald\u0131n. Ve sen, her ikisi olarak &#8220;m\u00fcsl\u00fcman&#8221;lar\u0131 i\u015fkenceye ald\u0131n\u0131z.<\/p>\n<p>\u015eimdi:<\/p>\n<p>Siz, &#8220;insan&#8221; oldunuz ve o g\u00fcnk\u00fc &#8220;Darbe Lideri&#8221;niz, &#8220;cehennemlik&#8221; oldu \u00f6yle mi?<\/p>\n<p>Siz masumsunuz: \u00c7\u00fcnk\u00fc siz oyuna geldiniz: \u00c7\u00fcnk\u00fc, siz, darbe s\u00fcrecinin olgunla\u015fmas\u0131nda g\u00fcbre olarak kullan\u0131ld\u0131n\u0131z \u00f6yle mi?<\/p>\n<p>\u00d6yle mi?<\/p>\n<p>O halde siz masumsunuz, \u00f6yle mi?<\/p>\n<p>\u0130\u015fte, Haliniz, &#8220;Ahiret G\u00fcn\u00fc&#8221;nde de \u00f6yle olacak.<\/p>\n<p>&#8220;Biz g\u00fcbre idik&#8221; diyeceksiniz. Ama, burada,\u015fimdi, yeni nesillere yedirmeye \u00e7al\u0131\u015ft\u0131\u011f\u0131n\u0131z o g\u00fcbre halinizi, o g\u00fcn, kimse umursamayacak.<\/p>\n<p>&#8220;-Bizi liderlerimiz sap\u0131tt\u0131&#8221; da\u00a0 diyemeyeceksiniz.<\/p>\n<p>Diyeceksiniz&#8230; Diyeceksiniz de, sizi kimse, bu g\u00fcnk\u00fc gibi dinlemeyecek. Buradaki yalanc\u0131l\u0131\u011f\u0131n\u0131z\u0131, hainli\u011finizi, nank\u00f6rl\u00fc\u011f\u00fcn\u00fcz\u00fc &#8220;insanl\u0131k&#8221; diye \u00e7ocuklar\u0131n\u0131za yedirdi\u011finiz gibi orada kimsey\u0130 &#8220;Bizi liderlerimiz sap\u0131tt\u0131&#8221; diye aldatamayacaks\u0131n\u0131z.<\/p>\n<p>-Topunuzun can\u0131 cehenneme&#8230;. denilecek.<\/p>\n<p>\u015eimdi, siz, lideriniz Kenan Evren i\u00e7in &#8220;Can\u0131 cehenneme&#8221; diyorsunuz ya&#8230;<\/p>\n<p>Kim onu alk\u0131\u015flad\u0131 ise kim onun nam\u0131na herhangi bir &#8220;canl\u0131&#8221;ya zulm etti ise, bilsin ki: Ahiret g\u00fcn\u00fcnde, kendisi Kenan Evren&#8217;in yolda\u015f\u0131d\u0131r. O nereye, o oraya&#8230;<\/p>\n<p>E\u011fer, &#8220;insan&#8221; iseniz: Gidin, \u015fimdi, Kenan Evren&#8217;in cenazesinde namaz i\u00e7in saf tutun. O namaz s\u0131ras\u0131nda getirece\u011finiz Kelime-i \u015eehadet, size, &#8220;\u015fahit&#8221; olsun.<\/p>\n<p>Bundan sonra da, nas\u0131lsan\u0131z, \u00f6yle g\u00f6r\u00fcn\u00fcn.Ki, ahiret g\u00fcn\u00fcnde, hi\u00e7 de\u011filse: &#8220;Bari ona uysayd\u0131lar&#8221; diye de azaba al\u0131nmayas\u0131n\u0131z.<\/p>\n<p>Yoksa, sanmay\u0131n ki, bug\u00fcnk\u00fc g\u00fcnde, &#8220;Zul\u00fcm orta\u011f\u0131n\u0131z&#8221; Kenan Evren&#8217;e lanet okumakla kurtulursunuz.<\/p>\n<p>Sonra da :Bir kere de &#8220;Allah i\u00e7in&#8221; bir ad\u0131m at\u0131n.<\/p>\n","protected":false},"excerpt":{"rendered":"<p>Lanet okuyacaksan\u0131z, Kenan Evren&#8217;e de\u011fil, her zaman, siyaseten kar\u015f\u0131n\u0131zda olan insanlar\u0131 vatan haini yapan sa\u011fc\u0131l\u0131k ve solculuk veya bir ba\u015fka siyasi tarafgirli\u011finize lanet edin. Bir\u00a0 de; \u015eu iflah olmaz dalkavuklu\u011funuza ve hi\u00e7 bir tevil g\u00f6t\u00fcrmeyen \u015fu nank\u00f6rl\u00fc\u011f\u00fcn\u00fcze lanet edin. Siz de\u011fil misiniz 12 Eyl\u00fcl \u00f6ncesinde, biribirlerinizi &#8220;vatan haini&#8221; ilan edenler ve bir kahvehane i\u00e7inde belki &hellip;<\/p>\n","protected":false},"author":17,"featured_media":48521,"comment_status":"open","ping_status":"open","sticky":false,"template":"","format":"standard","meta":{"om_disable_all_campaigns":false,"_themeisle_gutenberg_block_has_review":false,"_joinchat":[],"footnotes":""},"categories":[53,38,43],"tags":[],"class_list":["post-5280","post","type-post","status-publish","format-standard","has-post-thumbnail","","category-aydin","category-guncel","category-yazarlar"],"_links":{"self":[{"href":"https:\/\/akincilardergisi.com\/tr\/wp-json\/wp\/v2\/posts\/5280","targetHints":{"allow":["GET"]}}],"collection":[{"href":"https:\/\/akincilardergisi.com\/tr\/wp-json\/wp\/v2\/posts"}],"about":[{"href":"https:\/\/akincilardergisi.com\/tr\/wp-json\/wp\/v2\/types\/post"}],"author":[{"embeddable":true,"href":"https:\/\/akincilardergisi.com\/tr\/wp-json\/wp\/v2\/users\/17"}],"replies":[{"embeddable":true,"href":"https:\/\/akincilardergisi.com\/tr\/wp-json\/wp\/v2\/comments?post=5280"}],"version-history":[{"count":0,"href":"https:\/\/akincilardergisi.com\/tr\/wp-json\/wp\/v2\/posts\/5280\/revisions"}],"wp:featuredmedia":[{"embeddable":true,"href":"https:\/\/akincilardergisi.com\/tr\/wp-json\/wp\/v2\/media\/48521"}],"wp:attachment":[{"href":"https:\/\/akincilardergisi.com\/tr\/wp-json\/wp\/v2\/media?parent=5280"}],"wp:term":[{"taxonomy":"category","embeddable":true,"href":"https:\/\/akincilardergisi.com\/tr\/wp-json\/wp\/v2\/categories?post=5280"},{"taxonomy":"post_tag","embeddable":true,"href":"https:\/\/akincilardergisi.com\/tr\/wp-json\/wp\/v2\/tags?post=5280"}],"curies":[{"name":"wp","href":"https:\/\/api.w.org\/{rel}","templated":true}]}}