{"id":52632,"date":"2025-10-31T09:54:52","date_gmt":"2025-10-31T06:54:52","guid":{"rendered":"https:\/\/akincilardergisi.com\/tr\/?p=52632"},"modified":"2025-10-31T09:58:11","modified_gmt":"2025-10-31T06:58:11","slug":"siyonist-emperyalizm","status":"publish","type":"post","link":"https:\/\/akincilardergisi.com\/tr\/siyonist-emperyalizm\/","title":{"rendered":"Siyonist emperyalizm"},"content":{"rendered":"\n<p>K\u00fcresel emperyalizmin Filistin\u2019e 1916 da yerle\u015ftirdi\u011fi Yahudiler ve \u0130srail ad\u0131yla kurdurdu\u011fu devleti 14 May\u0131s 1948&#8217;de ilk tan\u0131yan Amerika Birle\u015fik Devletleri olmu\u015ftur.&nbsp;<br>17 May\u0131s 1948&#8217;de Sovyetler Birli\u011fi, Nikaragua, \u00c7ekoslovakya, Yugoslavya ve Polonya gibi \u00fclkeler bu tan\u0131may\u0131 izlediler.<\/p>\n\n\n\n<p>Dikkat edin! Siyonizm ve Yahudiler s\u00f6z konusu olunca&nbsp;<a href=\"https:\/\/www.haber7.com\/dunya\" target=\"_blank\" rel=\"noreferrer noopener\">d\u00fcnya<\/a>&nbsp;\u00e7ap\u0131nda kedi k\u00f6pek gibi birbirleriyle bo\u011fu\u015fan Kapitalist ev Kom\u00fcnist blok \u00fclkeleri nas\u0131l ortak hareket edebiliyor. K\u00fcfr\u00fcn bir millet oldu\u011fu nas\u0131lda ortaya \u00e7\u0131k\u0131veriyor.<\/p>\n\n\n\n<p>T\u00fcrkiye \u0130srail\u2019 i Mart 1949&#8242; da tan\u0131yan ilk Halk\u0131 M\u00fcsl\u00fcman olan \u00fclkedir. Bu utan\u00e7 Cumhurba\u015fkan\u0131 \u0130smet \u0130n\u00f6n\u00fc, Ba\u015fbakan\u0131 Hasan Saka y\u00f6netimdeki CHP tek parti diktat\u00f6rl\u00fc\u011f\u00fcnde tarihimizi lekeler. 7 Ocak 1950&#8217;de de ilk diplomatik temsilcili\u011fi a\u00e7arlar.&nbsp;<\/p>\n\n\n\n<p>Haziran 2024 itibar\u0131yla, Birle\u015fmi\u015f Milletler&#8217; in (BM) 192 \u00fcyesinden 160&#8242; \u0131 \u0130srail&#8217;i devlet olarak tan\u0131yor.&nbsp; Tan\u0131mayanlar ise tabelada ad\u0131 ge\u00e7en \u00fclkelerdir.<\/p>\n\n\n\n<p>Osmanl\u0131n\u0131n i\u015fgal edilmi\u015f topraklar\u0131 Filistin\u2019de kurulan bu devlet, \u0130slam \u00fcmmeti ve topraklar\u0131n\u0131n ba\u015f\u0131na bela edilmesi ba\u015fta \u0130ngiltere ve Amerika olmak \u00fczere di\u011fer bat\u0131l\u0131 \u00fclkeleri taraf\u0131ndan da destek ve muhafaza g\u00f6rd\u00fc.<\/p>\n\n\n\n<p>Buna siz ister Ha\u00e7l\u0131- Siyonist ittifak\u0131, ister se Yahudilerin d\u00fcnya \u00e7ap\u0131ndaki etkinli\u011fi ve yapt\u0131r\u0131m g\u00fcc\u00fc, isterse&nbsp;<a href=\"https:\/\/www.haber7.com\/siyaset\" target=\"_blank\" rel=\"noreferrer noopener\">siyaset<\/a>&nbsp;<a href=\"https:\/\/ekonomi.haber7.com\/\" target=\"_blank\" rel=\"noreferrer noopener\">ekonomi<\/a>k g\u00fcc\u00fcn d\u00fcmen suyunda akmak zorundad\u0131r deyin, fark etmez.<\/p>\n\n\n\n<p>Yahudilerin elindeki ekonomik g\u00fc\u00e7 bir zaman sonra onlar\u0131 g\u00fc\u00e7 zehirlenmesine u\u011frat\u0131yor. Sonra o \u00fclkedeki siyasi ve askeri g\u00fcc\u00fc teslim almaya y\u00f6neliyor. Bu da, bu y\u00fczden tarihin her d\u00f6neminde, bulundu\u011fu her \u00fclkede, Yahudiler o \u00fclkenin ba\u015f\u0131na bela oldu\u011fundan, her yerden s\u00fcrg\u00fcn edilmek zorunda kal\u0131yorlar.&nbsp;<\/p>\n\n\n\n<p><img decoding=\"async\" src=\"https:\/\/i12.haber7.net\/\/haber\/haber7\/photos\/2025\/44\/4J5jL_1761891451_0635.jpg\"><br>&nbsp;<br>&nbsp; &nbsp; &nbsp; &nbsp; &nbsp; &nbsp; &nbsp; &nbsp; &nbsp; &nbsp; &nbsp; &nbsp; &nbsp; &nbsp; &nbsp; &nbsp; &nbsp; &nbsp; &nbsp; &nbsp; &nbsp; &nbsp; &nbsp; &nbsp; Yahudi S\u00fcrg\u00fcnleri<br><strong>D\u00fcnyan\u0131n neresine olursa olsun bu kavmin, bir g\u00fcn gelip, o \u00fclkenin lanetlileri olup oradan s\u00fcrg\u00fcn edilmesi tesad\u00fcf de\u011fildir.&nbsp;<\/strong>Yahudilerin \u00e7a\u011flar boyu o \u00fclkeden, bu \u00fclkeye, \u00f6teki ve beriki \u00fclkeye s\u00fcrg\u00fcn edilmesi hep s\u00fcrg\u00fcn edenin su\u00e7u de\u011fil, ayn\u0131 zamanda s\u00fcrg\u00fcn edilenin de bunu eylem ve s\u00f6ylemiyle bu s\u00fcrg\u00fcn\u00fc hak etmesindendir. Bir de\u011fil iki de\u011fil, ayn\u0131 hatalar\u0131 tekrar eden bir topluluk veya millet ayn\u0131 ceza ve s\u00fcrg\u00fcnlerin muhatab\u0131 olmas\u0131 onlar\u0131n kendi elleriyle \u00f6rd\u00fckleri kaderleridir. Bir toplum kendi tarihinden ders almaz ise tarih tekrar eder.<\/p>\n\n\n\n<p>Hatalar\u0131n tekrar\u0131na insanlar\u0131n g\u00f6sterdi\u011fi tepki ve cezan\u0131n da tekrar\u0131na yol a\u00e7ar. Kendilerini \u00e2lemin efendisi, di\u011fer insanlar\u0131 tanr\u0131n\u0131n kendileri i\u00e7in yaratt\u0131\u011f\u0131 hizmet\u00e7iler olarak g\u00f6ren bir din veya anlay\u0131\u015f\u0131n\u0131n, ya\u015fad\u0131klar\u0131 \u00fclkelerden s\u00fcrg\u00fcn edilmesi kadar normal bir olamaz.<\/p>\n\n\n\n<p>Yahudilerin tarih boyu s\u00fcrg\u00fcn olmalar\u0131n\u0131n isabetli ve yerinde bir karar olu\u015fu i\u00e7in delil olarak, 2 y\u0131ld\u0131r Gazze\u2019de b\u00fct\u00fcn uluslararas\u0131 kanun, ahlak, insanl\u0131k \u00f6l\u00e7\u00fc ve s\u0131n\u0131rlar\u0131n\u0131 \u00e7i\u011fneyerek barbarca yapt\u0131\u011f\u0131 katliamlara, y\u0131k\u0131mlara ve soyk\u0131r\u0131mlara g\u00f6z atmak yeter.&nbsp;<br>\u015eimdi d\u00fc\u015f\u00fcn\u00fcn! Gazze\u2019de yap\u0131lan bu zul\u00fcmler ve soyk\u0131r\u0131mlar cezas\u0131z m\u0131 kal\u0131naca\u011f\u0131 san\u0131l\u0131yor? Hayatta, kim hangi iyilik ve k\u00f6t\u00fcl\u00fc\u011f\u00fc yaparsa, mutlaka onun kar\u015f\u0131l\u0131\u011f\u0131n\u0131 g\u00f6rmesi Allah\u2019 \u0131n cc vadidir ve h\u00fck\u00fcm veren O\u2019 dur.<\/p>\n\n\n\n<p>\u2018\u2019Bir g\u00fcn gelecek M\u00fcsl\u00fcmanlarla Yahudiler aras\u0131nda bir sava\u015f \u00e7\u0131kacak, O g\u00fcn, \u00f6yle olacak ki Yahudiler ta\u015flar\u0131n ve a\u011fa\u00e7lar\u0131n arkas\u0131na saklanacak ama, (a\u011fa\u00e7lar ve ta\u015flar dile gelerek) &#8216;Ey Allah (cc) kullar\u0131! Gelin bak benim arkama gizlenmi\u015f bir Yahudi var\u2019\u2019 diyecektir. (M\u00fcsl\u00fcm)<\/p>\n\n\n\n<p><strong>\u0648\u064e\u0627\u0644\u0644\u0651\u0647\u064f \u0639\u064e\u0632\u0650\u064a\u0632\u064c \u0630\u064f\u0648 \u0627\u0646\u062a\u0650\u0642\u064e\u0627\u0645\u064d&nbsp;<\/strong>&nbsp;\u2018\u2019 Allah, Hak edenin hak etti\u011fini, kar\u015f\u0131 konulmas\u0131 imk\u00e2ns\u0131z bir g\u00fc\u00e7\/sistem i\u00e7inde ona ya\u015fatand\u0131r.\u2019\u2019 ( Ali \u0130mran; 4) Rabbim bizleri M\u00fcntakim ismi h\u00fcrmetine o g\u00fcnleri g\u00f6rmeye ve ya\u015famaya eri\u015ftirsin! Millet olarak bizi intikam\u0131n\u0131 almaya memur etsin! Amin!<\/p>\n\n\n\n<p>O g\u00fcn gelecek, o g\u00fcn gelecek in\u015fallah M\u00fcsl\u00fcman\u2026<\/p>\n\n\n\n<p><strong>Arif Altunba\u015f,&nbsp;<a href=\"https:\/\/www.haber7.com\/\" target=\"_blank\" rel=\"noreferrer noopener\">Haber<\/a>&nbsp;7<\/strong><\/p>\n\n\n\n<p><\/p>\n","protected":false},"excerpt":{"rendered":"<p>K\u00fcresel emperyalizmin Filistin\u2019e 1916 da yerle\u015ftirdi\u011fi Yahudiler ve \u0130srail ad\u0131yla kurdurdu\u011fu devleti 14 May\u0131s 1948&#8217;de ilk tan\u0131yan Amerika Birle\u015fik Devletleri olmu\u015ftur.&nbsp;17 May\u0131s 1948&#8217;de Sovyetler Birli\u011fi, Nikaragua, \u00c7ekoslovakya, Yugoslavya ve Polonya gibi \u00fclkeler bu tan\u0131may\u0131 izlediler. Dikkat edin! Siyonizm ve Yahudiler s\u00f6z konusu olunca&nbsp;d\u00fcnya&nbsp;\u00e7ap\u0131nda kedi k\u00f6pek gibi birbirleriyle bo\u011fu\u015fan Kapitalist ev Kom\u00fcnist blok \u00fclkeleri nas\u0131l ortak &hellip;<\/p>\n","protected":false},"author":31,"featured_media":52637,"comment_status":"open","ping_status":"open","sticky":false,"template":"","format":"standard","meta":{"om_disable_all_campaigns":false,"_themeisle_gutenberg_block_has_review":false,"_joinchat":[],"footnotes":""},"categories":[49,38,43],"tags":[],"class_list":["post-52632","post","type-post","status-publish","format-standard","has-post-thumbnail","","category-arif","category-guncel","category-yazarlar"],"_links":{"self":[{"href":"https:\/\/akincilardergisi.com\/tr\/wp-json\/wp\/v2\/posts\/52632","targetHints":{"allow":["GET"]}}],"collection":[{"href":"https:\/\/akincilardergisi.com\/tr\/wp-json\/wp\/v2\/posts"}],"about":[{"href":"https:\/\/akincilardergisi.com\/tr\/wp-json\/wp\/v2\/types\/post"}],"author":[{"embeddable":true,"href":"https:\/\/akincilardergisi.com\/tr\/wp-json\/wp\/v2\/users\/31"}],"replies":[{"embeddable":true,"href":"https:\/\/akincilardergisi.com\/tr\/wp-json\/wp\/v2\/comments?post=52632"}],"version-history":[{"count":2,"href":"https:\/\/akincilardergisi.com\/tr\/wp-json\/wp\/v2\/posts\/52632\/revisions"}],"predecessor-version":[{"id":52636,"href":"https:\/\/akincilardergisi.com\/tr\/wp-json\/wp\/v2\/posts\/52632\/revisions\/52636"}],"wp:featuredmedia":[{"embeddable":true,"href":"https:\/\/akincilardergisi.com\/tr\/wp-json\/wp\/v2\/media\/52637"}],"wp:attachment":[{"href":"https:\/\/akincilardergisi.com\/tr\/wp-json\/wp\/v2\/media?parent=52632"}],"wp:term":[{"taxonomy":"category","embeddable":true,"href":"https:\/\/akincilardergisi.com\/tr\/wp-json\/wp\/v2\/categories?post=52632"},{"taxonomy":"post_tag","embeddable":true,"href":"https:\/\/akincilardergisi.com\/tr\/wp-json\/wp\/v2\/tags?post=52632"}],"curies":[{"name":"wp","href":"https:\/\/api.w.org\/{rel}","templated":true}]}}