{"id":52621,"date":"2025-10-28T21:13:51","date_gmt":"2025-10-28T18:13:51","guid":{"rendered":"https:\/\/akincilardergisi.com\/tr\/?p=52621"},"modified":"2025-10-28T21:14:34","modified_gmt":"2025-10-28T18:14:34","slug":"netenyahu-ve-jack-de-molay","status":"publish","type":"post","link":"https:\/\/akincilardergisi.com\/tr\/netenyahu-ve-jack-de-molay\/","title":{"rendered":"NETENYAHU VE JACK DE MOLAY"},"content":{"rendered":"\n<p>Siyonist<\/p>\n\n\n\n<p>\u0130srail liderleri hi\u00e7bir kural tan\u0131madan zul\u00fcmlerine devam ediyor d\u00fcnyaya meydan okuyorlar.<\/p>\n\n\n\n<p>Gazze\u2019yi harabeye \u00e7evirdikleri yetmezmi\u015f gibi esirlere yapt\u0131klar\u0131 zul\u00fcmleri de \u00f6\u011f\u00fcnerek d\u00fcnyaya g\u00f6stermeleri k\u00fcstahl\u0131klar\u0131n\u0131n son noktas\u0131na geldi\u011fini g\u00f6steriyor.<\/p>\n\n\n\n<p>Ge\u00e7en g\u00fcn<\/p>\n\n\n\n<p>Netenyahu\u2019nun Fa\u015fist Bakan\u0131 Itamar Ben Gvir\u2019in yapt\u0131\u011f\u0131 al\u00e7akl\u0131k sosyal medyaya d\u00fc\u015fm\u00fc\u015ft\u00fc.<\/p>\n\n\n\n<p>Ben Gvir<\/p>\n\n\n\n<p>Gazetecileri toplay\u0131p hapishaneye g\u00f6t\u00fcr\u00fcyor. Mazgal\u0131 a\u00e7arak Filistinlilere nas\u0131l i\u015fkence ettiklerini s\u0131r\u0131tarak anlat\u0131yordu. Elleri arkadan ba\u011fl\u0131 secdeye kapat\u0131lm\u0131\u015f ve kafalar\u0131 bir peykenin alt\u0131na s\u0131k\u0131\u015ft\u0131r\u0131lm\u0131\u015f vaziyette gazetecilere g\u00f6steriyor.<\/p>\n\n\n\n<p>\u00c7\u0130N-\u0130SRA\u0130L<\/p>\n\n\n\n<p>En al\u00e7ak devlet bile<\/p>\n\n\n\n<p>Bu i\u015fkenceleri yapt\u0131\u011f\u0131nda kimseye g\u00f6stermez saklar.<\/p>\n\n\n\n<p>Mesela;<\/p>\n\n\n\n<p>\u00c7in D. T\u00fcrkistan\u2019da i\u015fkence yap\u0131yor M\u00fcsl\u00fcman karde\u015flerimizi \u00c7inlile\u015ftirmek i\u00e7in akla hayale gelmeyecek \u015feyler yap\u0131yor<\/p>\n\n\n\n<p>Ama<\/p>\n\n\n\n<p>Gazetecileri \u00e7a\u011f\u0131r\u0131p \u201cBak\u0131n bak\u0131n&#8230; Uygur T\u00fcrklerine neler yap\u0131yorum g\u00f6r\u00fcn!\u201d demiyor.<\/p>\n\n\n\n<p>Tam aksine yapt\u0131klar\u0131 bu maddi ve manevi i\u015fkenceleri d\u00fcnya kamuoyundan saklamak i\u00e7in \u00e7aba g\u00f6steriyorlar.<\/p>\n\n\n\n<p>Ancak<\/p>\n\n\n\n<p>\u0130srailli bakan yapt\u0131\u011f\u0131 i\u015fkenceyi \u00f6v\u00fcnerek g\u00f6steriyor.<\/p>\n\n\n\n<p>Neden?<\/p>\n\n\n\n<p>\u00c7\u00fcnk\u00fc:<\/p>\n\n\n\n<p>1- \u0130srail devleti bir devlet de\u011fil bir \u00e7ete.. bir haydutlar toplulu\u011fudur<\/p>\n\n\n\n<p>2- Eline ge\u00e7irdi\u011fi d\u00fcnya servetiyle d\u00fcnya liderlerini ya sat\u0131n alm\u0131\u015f veya \u015fantajlarla tehdit etti\u011fi i\u00e7in b\u00f6yle rahat davranabiliyor ama nereye kadar gidecek bunu yak\u0131nda g\u00f6rece\u011fiz.<\/p>\n\n\n\n<p>Tarihte<\/p>\n\n\n\n<p>Bu \u015fekilde \u015f\u0131maranlar\u0131n ba\u015f\u0131na neler gelmi\u015f \u00f6rne\u011fi \u00e7ok\u2026 Ben bunlardan Jack de Molay\u2019\u0131 se\u00e7tim.<\/p>\n\n\n\n<p>Jack de Molay\u2019\u0131 Netenyahu yerine<\/p>\n\n\n\n<p>Tap\u0131nak \u015e\u00f6valyeleri tarikat\u0131na da bug\u00fcnk\u00fc \u0130srail diyebiliriz. Jack de Molay Tap\u0131nak \u015e\u00f6valyelerinin son lideri olup, sahip oldu\u011fu \u00e7ok b\u00fcy\u00fck servet neticesinde zaman\u0131n Avrupa krallar\u0131na bile bor\u00e7 vererek tahakk\u00fcm alt\u0131na alacak seviyeye gelmi\u015fti<\/p>\n\n\n\n<p>Ama sonu nas\u0131l olmu\u015f ona bakal\u0131m.<\/p>\n\n\n\n<p>NOT: T\u00fcm devletler BM\u2019ye \u00fcye olmadan \u00f6nce kom\u015fular\u0131 veya di\u011fer devletler taraf\u0131ndan tan\u0131n\u0131r sonra BM\u2019ye \u00fcye olurlar<\/p>\n\n\n\n<p>Ama \u0130srail\u2019i<\/p>\n\n\n\n<p>\u00d6nce BM\u2019ye \u00fcye yapt\u0131lar sonra di\u011fer devletler tan\u0131maya ba\u015flad\u0131.<\/p>\n\n\n\n<p>Yani<\/p>\n\n\n\n<p>BM\u2019yi ve ona ba\u011fl\u0131 IMF, D\u00fcnya Bankas\u0131 vb. gibi kurulu\u015flar\u0131 da sat\u0131n alm\u0131\u015flar.<\/p>\n\n\n\n<p>Ellerinde nas\u0131l bir para g\u00fcc\u00fc varsa art\u0131k\u2026<\/p>\n\n\n\n<p>HA\u00c7LILAR<\/p>\n\n\n\n<p>TAPINAK \u015e\u00d6VALYELER\u0130<\/p>\n\n\n\n<p>VE JACK DE MOLAY<\/p>\n\n\n\n<p>Gelelim Jack de Molay\u2019e:<\/p>\n\n\n\n<p>Birinci Ha\u00e7l\u0131 seferi ile Kud\u00fcs Hristiyanlar\u0131n eline ge\u00e7ince Kud\u00fcs krall\u0131\u011f\u0131 kurulur.<\/p>\n\n\n\n<p>Sefere kat\u0131lan Ha\u00e7l\u0131lar\u0131n bir k\u0131sm\u0131 orada kalarak kutsal mabede hizmet etmek istediklerini Kral\u2019a bildirirler.<\/p>\n\n\n\n<p>Bu teklif kral\u0131n ho\u015funa gider ve onlara baz\u0131 imtiyazlar tan\u0131r.<\/p>\n\n\n\n<p>Tap\u0131nak \u015e\u00f6valyeleri\u2019nin ilk n\u00fcvesi olan bu toplulu\u011fun Avrupa\u2019ya d\u00f6nenleri de Papa\u2019y\u0131 ziyaret ederek ayn\u0131 \u015fekilde maksatlar\u0131n\u0131 iletirler.<\/p>\n\n\n\n<p>Papa onlara daha b\u00fcy\u00fck imtiyazlar verir.<\/p>\n\n\n\n<p>Mesela<\/p>\n\n\n\n<p>Cennetten yer satma i\u015fini bile bu m\u00fcbarek (!) tap\u0131nak\u00e7\u0131lara imtiyaz olarak verir.<\/p>\n\n\n\n<p>FRANSA<\/p>\n\n\n\n<p>Hayat\u0131nda<\/p>\n\n\n\n<p>K\u00f6y\u00fcnden tarlas\u0131ndan ba\u015fka bir yer g\u00f6rmemi\u015f olan cahil halk<\/p>\n\n\n\n<p>Bir an \u00f6ce<\/p>\n\n\n\n<p>Cennetten yer kapmak i\u00e7in Tap\u0131nak\u00e7\u0131lara ko\u015fup mal\u0131n\u0131 m\u00fclk\u00fcn\u00fc teslim ettikten sonra Ha\u00e7l\u0131 seferlerine kat\u0131larak Kud\u00fcs\u2019e do\u011fru yola \u00e7\u0131karlar.<\/p>\n\n\n\n<p>Yolda onlar\u0131 nelerin bekledi\u011fini bilmeyen bu cahil k\u00f6yl\u00fc tak\u0131m\u0131<\/p>\n\n\n\n<p>Kud\u00fcs\u2019e gitmek i\u00e7in daha Anadolu\u2019yu ge\u00e7meden<\/p>\n\n\n\n<p>Sel\u00e7uklunun k\u0131l\u0131\u00e7lar\u0131 alt\u0131nda telef olurlar.<\/p>\n\n\n\n<p>Bunlar<\/p>\n\n\n\n<p>Bir an \u00f6nce Kud\u00fcs\u2019e varmak i\u00e7in hesaps\u0131z bir \u015fekilde \u00f6nden giden Alman kuvvetleri idi. Ka\u00e7\u0131p geri d\u00f6nmeseler son fertlerine kadar yitip gideceklerdi.<\/p>\n\n\n\n<p>Sel\u00e7uklu Sultan\u0131 1. K\u0131l\u0131\u00e7 Arslan<\/p>\n\n\n\n<p>Bunlar\u0131n \u00e7apulcu basit bir k\u00f6yl\u00fc tak\u0131m\u0131 olduklar\u0131n\u0131 g\u00f6r\u00fcnce Ha\u00e7l\u0131lar\u0131 \u00f6nemsemez ve Malatya\u2019y\u0131 fethetmek \u00fczere askeri a\u011f\u0131rl\u0131\u011f\u0131n\u0131 do\u011fuya kayd\u0131r\u0131r.<\/p>\n\n\n\n<p>Ancak<\/p>\n\n\n\n<p>Arkadan gelen e\u011fitimli ve donan\u0131ml\u0131 Frans\u0131z Ha\u00e7l\u0131 ordusu o zaman\u0131n Sel\u00e7uklu ba\u015fkenti olan \u0130znik\u2019i de alarak yoluna devam eder.<\/p>\n\n\n\n<p>Kud\u00fcs\u2019\u00fc alan Ha\u00e7l\u0131lar b\u00fcy\u00fck bir ya\u011fma ve katliama giri\u015fir.<\/p>\n\n\n\n<p>Daha sonra<\/p>\n\n\n\n<p>Selahaddin Eyyubi de haklar\u0131nda gelip Kud\u00fcs\u2019\u00fc tekrar \u0130slam topra\u011f\u0131 yapm\u0131\u015ft\u0131r ama intikam yoluna gitmedi\u011fi gibi Kud\u00fcs Kral\u0131\u2019n\u0131 da affedip sal\u0131vermesi tarih\u00e7iler b\u00fcy\u00fck bir hata olarak g\u00f6r\u00fcr.<\/p>\n\n\n\n<p>Tekrar konumuza d\u00f6necek olursak \u015funu s\u00f6yleyebiliriz:<\/p>\n\n\n\n<p>Ha\u00e7l\u0131 seferlerine kat\u0131lanlar\u0131n %70\u2019i geri d\u00f6nemedi\u011fi i\u00e7in<\/p>\n\n\n\n<p>Ve<\/p>\n\n\n\n<p>Tap\u0131nak\u00e7\u0131lara b\u0131rakt\u0131klar\u0131 emanetlerini de aray\u0131p soran olmad\u0131\u011f\u0131 i\u00e7in zimmete ge\u00e7er. Geri kalan mallar\u0131 ile de cenneti sat\u0131n ald\u0131klar\u0131 i\u00e7in t\u00fcm miraslar\u0131 Tap\u0131nak \u015e\u00f6valyeleri\u2019ne kal\u0131r.<\/p>\n\n\n\n<p>Tap\u0131nak\u00e7\u0131lar<\/p>\n\n\n\n<p>\u0130lkel \u015fartlarda yapt\u0131klar\u0131 bankac\u0131l\u0131k ve hac\u0131lara para transferi gibi i\u015fleri de buna eklersek \u015fimdiki Yahudi bankerleri gibi \u00e7ok b\u00fcy\u00fck bir serveti gayri me\u015fru \u015fartlarla sahip olduklar\u0131 g\u00f6r\u00fcl\u00fcr.<\/p>\n\n\n\n<p>\u00d6yle ki,<\/p>\n\n\n\n<p>Krallar art\u0131k bu tarikat mensuplar\u0131na (Tap\u0131nak \u015e\u00f6valyelerine) bor\u00e7lan\u0131r olmu\u015ftur.<\/p>\n\n\n\n<p>\u00c7\u00fcnk\u00fc \u00f6yle bir servete kavu\u015fmu\u015flard\u0131 ki,<\/p>\n\n\n\n<p>Mesela,<\/p>\n\n\n\n<p>Fransa topraklar\u0131n\u0131n 2\/3\u2019si bunlar\u0131n eline ge\u00e7mi\u015fti.<\/p>\n\n\n\n<p>SONLARI GEL\u0130YOR<\/p>\n\n\n\n<p>Ha\u00e7l\u0131 Sava\u015flar\u0131&#8217;na Askeri ve mali destekte bulunan Fransa Kral\u0131 IV. Philippe borca batm\u0131\u015f<\/p>\n\n\n\n<p>Ve art\u0131k<\/p>\n\n\n\n<p>Mezk\u00fbr tarikata bor\u00e7lar\u0131n\u0131 \u00f6deyemeyecek duruma gelmi\u015fti.<\/p>\n\n\n\n<p>Bunun \u00fczerine<\/p>\n\n\n\n<p>Tap\u0131nak\u00e7\u0131lar\u0131 yoldan \u00e7\u0131km\u0131\u015f sap\u0131k k\u00e2firler olarak ilan etti.<\/p>\n\n\n\n<p>Bunun i\u00e7in de Papa V. Clemens&#8217;ten bir fetva alarak 1312&#8217;de tarikat\u0131 ortadan kald\u0131rmak i\u00e7in cad\u0131 av\u0131na ba\u015flad\u0131.<\/p>\n\n\n\n<p>Yakalad\u0131klar\u0131n\u0131 \u00f6nce i\u015fkence sonra idam ettiler.<\/p>\n\n\n\n<p>En son liderleri olan Jack de Molay da tutuklanarak kaz\u0131\u011fa oturtuldu ve yak\u0131larak k\u00fclleri savruldu.<\/p>\n\n\n\n<p>Tap\u0131nak \u015e\u00f6valyeleri\u2019nin t\u00fcm mal varl\u0131klar\u0131na el konularak da\u011f\u0131t\u0131ld\u0131.<\/p>\n\n\n\n<p>S\u0130YON\u0130ST TAPINAK\u00c7ILAR<\/p>\n\n\n\n<p>\u015eu anda<\/p>\n\n\n\n<p>Netenyahu ve kabinesindeki baz\u0131 bakanlar Yahudilerin ellerindeki servete g\u00fcvenip Jack de Molay gibi davran\u0131yorlar.<\/p>\n\n\n\n<p>Binaenaleyh<\/p>\n\n\n\n<p>\u0130srail hi\u00e7bir kural, anla\u015fma, ate\u015f-kes, hak-hukuk falan tan\u0131madan t\u00fcm d\u00fcnyaya meydan okuduklar\u0131na g\u00f6re sonlar\u0131 yakla\u015ft\u0131 demektir.<\/p>\n\n\n\n<p>\u00c7\u00fcnk\u00fc<\/p>\n\n\n\n<p>K\u00fcf\u00fcr devam eder ama zul\u00fcm asla\u2026<\/p>\n\n\n\n<p>S\u0131rp Kasab\u0131 Karaci\u00e7\u2019e hapishane arkada\u015f\u0131 olmalar\u0131 yak\u0131nd\u0131r.<\/p>\n\n\n\n<p>Devler de diz \u00fcst\u00fc \u00e7\u00f6kecek bir g\u00fcn,<\/p>\n\n\n\n<p>Putlar da g\u00f6zya\u015f\u0131 d\u00f6kecek bir g\u00fcn,<\/p>\n\n\n\n<p>Kurtulu\u015f yok, ama erken amma ge\u00e7,<\/p>\n\n\n\n<p>Eden etti\u011fini \u00e7ekecek bir g\u00fcn.<\/p>\n\n\n\n<p>Abd\u00fcrrahim Karako\u00e7<\/p>\n\n\n\n<p>28.10.2025<\/p>\n\n\n\n<p>Emin Batu<\/p>\n\n\n\n<p><\/p>\n","protected":false},"excerpt":{"rendered":"<p>Siyonist \u0130srail liderleri hi\u00e7bir kural tan\u0131madan zul\u00fcmlerine devam ediyor d\u00fcnyaya meydan okuyorlar. Gazze\u2019yi harabeye \u00e7evirdikleri yetmezmi\u015f gibi esirlere yapt\u0131klar\u0131 zul\u00fcmleri de \u00f6\u011f\u00fcnerek d\u00fcnyaya g\u00f6stermeleri k\u00fcstahl\u0131klar\u0131n\u0131n son noktas\u0131na geldi\u011fini g\u00f6steriyor. Ge\u00e7en g\u00fcn Netenyahu\u2019nun Fa\u015fist Bakan\u0131 Itamar Ben Gvir\u2019in yapt\u0131\u011f\u0131 al\u00e7akl\u0131k sosyal medyaya d\u00fc\u015fm\u00fc\u015ft\u00fc. Ben Gvir Gazetecileri toplay\u0131p hapishaneye g\u00f6t\u00fcr\u00fcyor. Mazgal\u0131 a\u00e7arak Filistinlilere nas\u0131l i\u015fkence ettiklerini s\u0131r\u0131tarak &hellip;<\/p>\n","protected":false},"author":14,"featured_media":52623,"comment_status":"open","ping_status":"open","sticky":false,"template":"","format":"standard","meta":{"om_disable_all_campaigns":false,"_themeisle_gutenberg_block_has_review":false,"_joinchat":[],"footnotes":""},"categories":[56,38,43],"tags":[],"class_list":["post-52621","post","type-post","status-publish","format-standard","has-post-thumbnail","","category-emin","category-guncel","category-yazarlar"],"_links":{"self":[{"href":"https:\/\/akincilardergisi.com\/tr\/wp-json\/wp\/v2\/posts\/52621","targetHints":{"allow":["GET"]}}],"collection":[{"href":"https:\/\/akincilardergisi.com\/tr\/wp-json\/wp\/v2\/posts"}],"about":[{"href":"https:\/\/akincilardergisi.com\/tr\/wp-json\/wp\/v2\/types\/post"}],"author":[{"embeddable":true,"href":"https:\/\/akincilardergisi.com\/tr\/wp-json\/wp\/v2\/users\/14"}],"replies":[{"embeddable":true,"href":"https:\/\/akincilardergisi.com\/tr\/wp-json\/wp\/v2\/comments?post=52621"}],"version-history":[{"count":1,"href":"https:\/\/akincilardergisi.com\/tr\/wp-json\/wp\/v2\/posts\/52621\/revisions"}],"predecessor-version":[{"id":52622,"href":"https:\/\/akincilardergisi.com\/tr\/wp-json\/wp\/v2\/posts\/52621\/revisions\/52622"}],"wp:featuredmedia":[{"embeddable":true,"href":"https:\/\/akincilardergisi.com\/tr\/wp-json\/wp\/v2\/media\/52623"}],"wp:attachment":[{"href":"https:\/\/akincilardergisi.com\/tr\/wp-json\/wp\/v2\/media?parent=52621"}],"wp:term":[{"taxonomy":"category","embeddable":true,"href":"https:\/\/akincilardergisi.com\/tr\/wp-json\/wp\/v2\/categories?post=52621"},{"taxonomy":"post_tag","embeddable":true,"href":"https:\/\/akincilardergisi.com\/tr\/wp-json\/wp\/v2\/tags?post=52621"}],"curies":[{"name":"wp","href":"https:\/\/api.w.org\/{rel}","templated":true}]}}