{"id":52601,"date":"2025-10-24T10:07:59","date_gmt":"2025-10-24T07:07:59","guid":{"rendered":"https:\/\/akincilardergisi.com\/tr\/?p=52601"},"modified":"2025-10-24T10:08:04","modified_gmt":"2025-10-24T07:08:04","slug":"gavurlasmanin-neresindeyiz","status":"publish","type":"post","link":"https:\/\/akincilardergisi.com\/tr\/gavurlasmanin-neresindeyiz\/","title":{"rendered":"G\u00e2vurla\u015fman\u0131n neresindeyiz"},"content":{"rendered":"\n<p>Bu kelimenin ne anlama geldi\u011fini, nerede, ni\u00e7in ve kimler i\u00e7in kullan\u0131ld\u0131\u011f\u0131n\u0131, buna g\u00f6re i\u00e7imizdeki g\u00e2vurlar\u0131n kimler ve nas\u0131l birileri oldu\u011funu a\u00e7\u0131klayal\u0131m \u00f6nce. Baz\u0131 g\u00e2vurlar da cehaletinin r\u00fczg\u00e2r\u0131na kap\u0131l\u0131p bize tellenmesinler.<\/p>\n\n\n\n<p>Oxford Languages\u2019 e g\u00f6re<strong>, \u2018\u2019M\u00fcsl\u00fcman olmayan kimselere, \u00f6zellikle H\u0131ristiyanlara, Avrupal\u0131 ve bat\u0131l\u0131lara\u2019\u2019&nbsp;<\/strong>&nbsp;T\u00fcrkiye\u2019de halk aras\u0131nda g\u00e2vur denilir. \u0130ngiliz g\u00e2vuru, Frans\u0131z g\u00e2vuru, Moskof g\u00e2vuru, Yunan g\u00e2vuru vs. gibi.<\/p>\n\n\n\n<p><strong>G\u00e2vur<\/strong>, genel olarak \u0130slam inanc\u0131 d\u0131\u015f\u0131nda olan kimselere denir. \u2018\u2019Allah kat\u0131nda tek din \u0130slam\u2019d\u0131r\u2019\u2019, ayetine g\u00f6re; \u0130slam d\u0131\u015f\u0131nda kalanlara yabanc\u0131 anlam\u0131nda G\u00e2vur denilir. G\u00e2vur M\u00fcsl\u00fcman olmayan yabanc\u0131 demektir.<\/p>\n\n\n\n<p><strong>Etimolojik olarak<\/strong>, k\u00f6keni Fars\u00e7adaki&nbsp;<strong>\u2018&#8217;gebr&#8217;\u2019<\/strong>&nbsp;kelimesinden gelen, \u2018&#8217;g\u00e2vur&#8217;\u2019 kelimesi \u2018\u2019&nbsp;<em>1. Dinsiz inan\u00e7s\u0131z kimse, 2. M\u00fcsl\u00fcman olmayan kimse, 3. Vicdans\u0131z, merhametsiz, ac\u0131mas\u0131z kimse, 4. \u0130nat\u00e7\u0131\u2019\u2019<\/em>&nbsp;&nbsp;kimseler i\u00e7in d\u00f6rt farkl\u0131 anlamda kullan\u0131l\u0131r. (TDK)<\/p>\n\n\n\n<p><strong>Bu kelime halk aras\u0131nda<\/strong>, \u0130slam\u2019\u0131 kabul etmeyen<strong>, kefere<\/strong>&nbsp;kelimesiyle e\u015f anlaml\u0131d\u0131r. G\u00e2vur demek; K\u00e2fir demek, k\u00e2fir demek \u0130slam\u2019\u0131 din olarak kabul etmeyen demektir.<\/p>\n\n\n\n<p><strong>Mecazi olarak<\/strong>, bir&nbsp;<em>\u2018\u2019i\u015fi g\u00e2vur etmek\u2019\u2019<\/em>&nbsp;demek onu,&nbsp;<em>\u2018\u2019bozmak, da\u011f\u0131tmak, i\u015fe yaramaz ve kullan\u0131lamaz hale getirmek, de\u011fersizle\u015ftirmek, bo\u015funa harcamak\u2019\u2019<\/em>&nbsp;demektir.<\/p>\n\n\n\n<p>D\u00fc\u015fman askerine de g\u00e2vur yerine halk a\u011fz\u0131nda&nbsp;<em>\u2018\u2019cav\u0131r\u2019\u2019<\/em>, a\u015f\u0131r\u0131 derecede kaba, yeteneksiz ve inat\u00e7\u0131 kimselere de \u2018\u2019<em>\u015feddeli g\u00e2vur\u2019\u2019<\/em>&nbsp;denir.<\/p>\n\n\n\n<p><strong>Argo olarak kullan\u0131ld\u0131\u011f\u0131nda ise<\/strong>; \u2018\u2019 Ac\u0131mas\u0131z davranmak, vicdans\u0131zla\u015fmak, insanl\u0131k de\u011ferlerinden uzakla\u015fmak, kural ve kaide tan\u0131mamak, barbarla\u015fmak\u2019\u2019 &nbsp;anlam\u0131nda kullan\u0131l\u0131r.<\/p>\n\n\n\n<p><strong>K\u0131saca<em>;<\/em><\/strong><em>&nbsp;\u2018\u2019G\u00e2vur<\/em>, M\u00fcsl\u00fcman olmayan yabanc\u0131\u2019\u2019, G\u00e2vurla\u015fmak ise<strong>;<\/strong>&nbsp;\u2018\u2019 \u0130slam\u2019a ayk\u0131r\u0131 eylem ve s\u00f6ylemlerde bulunarak yabanc\u0131la\u015fmak, \u0130slam dininden ve toplumundan uzakla\u015fman\u0131n ad\u0131na<em>&nbsp;\u2018\u2019g\u00e2vurla\u015fma\u2019\u2019&nbsp;<\/em>denir.<\/p>\n\n\n\n<p>Osmanl\u0131da, bat\u0131l\u0131la\u015fma hareketini sahiplenip savunan, onu devlet ve millet \u00fczerinde uygulatt\u0131rmaya \u00e7al\u0131\u015ft\u0131\u011f\u0131 i\u00e7in Sultan II. Mahmut\u2019 a \u0130slam ulamas\u0131 ve M\u00fcsl\u00fcman halk&nbsp;<em>\u2018\u2019G\u00e2vur Padi\u015fah\u2019\u2019<\/em>&nbsp;demi\u015ftir. \u0130slam \u00fcmmetinin bug\u00fcnk\u00fc her y\u00f6nden peri\u015fan haline bak\u0131ld\u0131\u011f\u0131nda, \u0130slam \u00e2limlerinin ne kadar hakl\u0131 ve isabetli tespitler yapt\u0131\u011f\u0131 apa\u00e7\u0131k ortadad\u0131r.<\/p>\n\n\n\n<p>Osmanl\u0131 devletinin geri kalmas\u0131n\u0131n nedeni Kur\u2019 andan uzakla\u015fmas\u0131 ve k\u0131blesini bat\u0131ya \u00e7evirmesidir.<\/p>\n\n\n\n<p>Bat\u0131l\u0131la\u015fman\u0131n \u00f6nc\u00fcleri olan Tanzimat\u00e7\u0131lar, J\u00f6n T\u00fcrkler, \u0130ttihat\u00e7\u0131lar, gayrim\u00fcslimler, Kemalistler, ateistler, laikler, solcular ve sosyalistler T\u00fcrkiye\u2019 deki yabanc\u0131la\u015fma, yozla\u015fma, toplumsal ahlaks\u0131zla\u015fma ve bozulman\u0131n ba\u015f akt\u00f6rleridirler. Onlara g\u00f6re \u0130slam \u00e7a\u011fd\u0131\u015f\u0131 bir din, M\u00fcsl\u00fcmanlar da hep yobaz ve gerici olarak damgalanm\u0131\u015ft\u0131r.<\/p>\n\n\n\n<p>Bat\u0131l\u0131la\u015fma \u0130slam d\u0131\u015f\u0131 bir anlay\u0131\u015f olarak y\u00f6netim, denetim, hukuk ve e\u011fitim alan\u0131nda devlet vas\u0131tas\u0131yla milletimize zor ve zorbal\u0131kla dayat\u0131lm\u0131\u015ft\u0131r. \u00dclkemizdeki yabanc\u0131la\u015fma, yozla\u015fma ve g\u00e2vurla\u015ft\u0131rmay\u0131 h\u0131zland\u0131rarak bug\u00fcnk\u00fc kimliksiz, benliksiz, ahlaks\u0131z, maneviyat\u0131z, Allah\u2019 s\u0131z, kitaps\u0131z ve hi\u00e7bir din ve mukaddesat tan\u0131mayan bir ku\u015fa\u011f\u0131n meydana gelmesi tepeden inme uygulanan bat\u0131l\u0131la\u015fman\u0131n ac\u0131 meyvesidir.<\/p>\n\n\n\n<p>Osmanl\u0131 ve \u0130slam \u00e2lemindeki \u0130slam ulamas\u0131n\u0131n bat\u0131l\u0131la\u015fmaya kar\u015f\u0131 \u00e7\u0131k\u0131\u015f\u0131 ve direni\u015fi bat\u0131l\u0131la\u015fmak isteyen fesat yuvalar\u0131 ve fitne ocaklar\u0131 taraf\u0131ndan s\u00fcrekli hedef tahtas\u0131na oturtularak zaman\u0131n en a\u011f\u0131r cezalar\u0131yla cezaland\u0131r\u0131lm\u0131\u015flard\u0131r.<\/p>\n\n\n\n<p>M\u00fcsl\u00fcman \u00e2limlerin ve toplumun \u2018\u2019teknolojiye, bilime, sanata, geli\u015fmeye kar\u015f\u0131 oldu\u011fu imaj\u0131 verilerek \u0130slam d\u00fc\u015fmanlar\u0131n\u0131n kara propagandalar\u0131na sermaye edilmi\u015ftir.<\/p>\n\n\n\n<p>Bug\u00fcn, \u0130slam \u00e2lemi ve T\u00fcrkiye\u2019 nin emperyalist bat\u0131l\u0131lara el avu\u00e7 a\u00e7mas\u0131, siyasi ve&nbsp;<a href=\"https:\/\/ekonomi.haber7.com\/\" target=\"_blank\" rel=\"noreferrer noopener\">ekonomi<\/a>k olarak geri kalmas\u0131n\u0131n, toplumsal olarak yozla\u015f\u0131p yabanc\u0131la\u015fmas\u0131, kimlik ve benlik krizine girmesi bat\u0131l\u0131la\u015fma ser\u00fcveniyle ba\u015flad\u0131. \u00dc\u00e7\u00fcy\u00fcz y\u0131l sonra M\u00fcsl\u00fcman bir milletin nesillerinin nas\u0131l g\u00e2vurla\u015ft\u0131r\u0131ld\u0131\u011f\u0131n\u0131 hala anlayamayanlar g\u00e2vurla\u015fman\u0131n neresinde olduklar\u0131n\u0131n bile fark\u0131nda olmayan mankurtlard\u0131r.<\/p>\n\n\n\n<p>Bat\u0131la\u015fan toplumun bir k\u0131sm\u0131 aynen Moskof ve Yunan g\u00e2vuru gibi, M\u00fcsl\u00fcmanlar\u0131 T\u00fcrkiye\u2019den atmak, hatta Hitler fa\u015fizmi ve soy k\u0131r\u0131mc\u0131 \u0130srail gibi soyk\u0131r\u0131ma tabi tutmak isteyenlerin say\u0131lar\u0131 bug\u00fcn \u00fclkemizde az\u0131msanmayacak kadar \u00e7oktur.<\/p>\n\n\n\n<p><strong>\u0130\u015fte; bat\u0131l\u0131la\u015fmak, yabanc\u0131la\u015fmak, yozla\u015fmak ve g\u00e2vurla\u015fmak dedi\u011fimiz \u015fey, tam da budur. B\u00f6yle Bat\u0131l\u0131la\u015fmak, Bat\u0131lla\u015fmakt\u0131r. Allah\u2019tan, Kur\u2019an\u2019dan, peygamberden ve \u0130slam\u2019dan uzakla\u015fman\u0131n ad\u0131 da g\u00e2vurla\u015fmakt\u0131r<\/strong>.<\/p>\n\n\n\n<p>Evimize, mahallemize, \u015fehrimize, \u00fclkemize&nbsp;<a href=\"https:\/\/www.haber7.com\/siyaset\" target=\"_blank\" rel=\"noreferrer noopener\">siyaset<\/a>&nbsp;ve ticaretimize, okullar\u0131m\u0131z ve \u00fcniversitelerimize, \u00e7ar\u015f\u0131 ve pazar\u0131m\u0131za, ahlak ve g\u00fcnl\u00fck ya\u015fant\u0131m\u0131za tarafs\u0131z ve adil bir g\u00f6zle bak\u0131nca, biz hangi \u0130slam\u2019 \u0131n neresindeyiz?<\/p>\n\n\n\n<p>Bat\u0131 ve bat\u0131c\u0131l\u0131k ad\u0131na devlet ve milletin \u00f6z\u00fcnde meydana gelen ink\u00e2r, tu\u011fyan ve isyan hareketleri \u0130slam ve Kur\u2019 ana g\u00f6re de\u011ferlendirilince, G\u00c2VURLA\u015eMA\u2019 NIN NERES\u0130NDE oldu\u011fumuz daha iyi ve net olarak anla\u015f\u0131lacakt\u0131r.<\/p>\n\n\n\n<p>Toplumsal de\u011fi\u015fim ve d\u00f6n\u00fc\u015f\u00fcm hareketleri, o toplumun istek ve arzular\u0131 do\u011frultusunda olursa tabii ve normal, tepeden inme dayatmalar, darbeler, ceberut rejim bask\u0131lar\u0131yla yap\u0131l\u0131rsa b\u00fct\u00fcn o de\u011fi\u015fim ve d\u00f6n\u00fc\u015f\u00fcm hareketleri, T\u00fcrkiye\u2019 deki bat\u0131l\u0131la\u015fma ve laikle\u015fme \u00f6rne\u011finde oldu\u011fu gibi halk\u0131n kahir ekseriyeti taraf\u0131ndan kabul g\u00f6rmez ve onaylanmaz. &nbsp;Zorla, zorbal\u0131kla g\u00fczellik olmaz.<\/p>\n\n\n\n<p><strong>\u2018\u2019Bir toplum, i\u00e7inde bulunduklar\u0131 iyi h\u00e2li de\u011fi\u015ftirmedik\u00e7e, Allah da onlar\u0131n durumunu de\u011fi\u015ftirmez<\/strong>.\u2019\u2019&nbsp; (Rad; 11)<\/p>\n","protected":false},"excerpt":{"rendered":"<p>Bu kelimenin ne anlama geldi\u011fini, nerede, ni\u00e7in ve kimler i\u00e7in kullan\u0131ld\u0131\u011f\u0131n\u0131, buna g\u00f6re i\u00e7imizdeki g\u00e2vurlar\u0131n kimler ve nas\u0131l birileri oldu\u011funu a\u00e7\u0131klayal\u0131m \u00f6nce. Baz\u0131 g\u00e2vurlar da cehaletinin r\u00fczg\u00e2r\u0131na kap\u0131l\u0131p bize tellenmesinler. Oxford Languages\u2019 e g\u00f6re, \u2018\u2019M\u00fcsl\u00fcman olmayan kimselere, \u00f6zellikle H\u0131ristiyanlara, Avrupal\u0131 ve bat\u0131l\u0131lara\u2019\u2019&nbsp;&nbsp;T\u00fcrkiye\u2019de halk aras\u0131nda g\u00e2vur denilir. \u0130ngiliz g\u00e2vuru, Frans\u0131z g\u00e2vuru, Moskof g\u00e2vuru, Yunan g\u00e2vuru vs. &hellip;<\/p>\n","protected":false},"author":2,"featured_media":52602,"comment_status":"open","ping_status":"open","sticky":false,"template":"","format":"standard","meta":{"om_disable_all_campaigns":false,"_themeisle_gutenberg_block_has_review":false,"_joinchat":[],"footnotes":""},"categories":[49,38,43],"tags":[],"class_list":["post-52601","post","type-post","status-publish","format-standard","has-post-thumbnail","","category-arif","category-guncel","category-yazarlar"],"_links":{"self":[{"href":"https:\/\/akincilardergisi.com\/tr\/wp-json\/wp\/v2\/posts\/52601","targetHints":{"allow":["GET"]}}],"collection":[{"href":"https:\/\/akincilardergisi.com\/tr\/wp-json\/wp\/v2\/posts"}],"about":[{"href":"https:\/\/akincilardergisi.com\/tr\/wp-json\/wp\/v2\/types\/post"}],"author":[{"embeddable":true,"href":"https:\/\/akincilardergisi.com\/tr\/wp-json\/wp\/v2\/users\/2"}],"replies":[{"embeddable":true,"href":"https:\/\/akincilardergisi.com\/tr\/wp-json\/wp\/v2\/comments?post=52601"}],"version-history":[{"count":1,"href":"https:\/\/akincilardergisi.com\/tr\/wp-json\/wp\/v2\/posts\/52601\/revisions"}],"predecessor-version":[{"id":52603,"href":"https:\/\/akincilardergisi.com\/tr\/wp-json\/wp\/v2\/posts\/52601\/revisions\/52603"}],"wp:featuredmedia":[{"embeddable":true,"href":"https:\/\/akincilardergisi.com\/tr\/wp-json\/wp\/v2\/media\/52602"}],"wp:attachment":[{"href":"https:\/\/akincilardergisi.com\/tr\/wp-json\/wp\/v2\/media?parent=52601"}],"wp:term":[{"taxonomy":"category","embeddable":true,"href":"https:\/\/akincilardergisi.com\/tr\/wp-json\/wp\/v2\/categories?post=52601"},{"taxonomy":"post_tag","embeddable":true,"href":"https:\/\/akincilardergisi.com\/tr\/wp-json\/wp\/v2\/tags?post=52601"}],"curies":[{"name":"wp","href":"https:\/\/api.w.org\/{rel}","templated":true}]}}