{"id":52597,"date":"2025-10-23T07:44:02","date_gmt":"2025-10-23T04:44:02","guid":{"rendered":"https:\/\/akincilardergisi.com\/tr\/?p=52597"},"modified":"2025-10-23T07:47:22","modified_gmt":"2025-10-23T04:47:22","slug":"indirilmis-din-ve-gercek-kuran-diye-mesele-nedir","status":"publish","type":"post","link":"https:\/\/akincilardergisi.com\/tr\/indirilmis-din-ve-gercek-kuran-diye-mesele-nedir\/","title":{"rendered":"\u0130ND\u0130R\u0130LM\u0130\u015e D\u0130N VE GER\u00c7EK KUR&#8217;AN D\u0130YE MESELE NED\u0130R?\u00a0"},"content":{"rendered":"\n<p>Kocaeli deprem senesi g\u00fcnlerinde Hac\u0131bekta\u015f&#8217;a gitmi\u015ftim. Orada hem K\u00fclliye&#8217;yi gezdim hem de&nbsp; \u00e7ilehane denilen yerde, orada kutsall\u0131k olarak yap\u0131lmas\u0131 gereken ne varsa hepsini yapt\u0131m ve b\u00f6ylece orada ayn\u0131 \u015feyleri yapan herkes gibi ben de &#8220;hac\u0131&#8221; oldum.<\/p>\n\n\n\n<p>Sonra tekrar K\u00fclliye&#8217;ye geldim. Hac\u0131bekta\u015f veli k\u00fclliyesi giri\u015finde hediyelik ba\u015fka \u015feyler yan\u0131nda kitap da satan tezgahlar\u0131 gezdim.&nbsp;<\/p>\n\n\n\n<p>Bakt\u0131m bir kitap&#8230;Tam da &#8220;Kara kapl\u0131&#8221; Denilebilecek bir kitap&#8230;. Elde ciltlenmi\u015f ve \u00fczerindeki yaz\u0131 da bizim ortaokul s\u0131ralar\u0131nda iken \u00f6\u011frendi\u011fimiz &#8220;Patates bask\u0131&#8221; tarz\u0131nda&#8230;<\/p>\n\n\n\n<p>Kitab\u0131n \u00fczerinde tam olarak &#8220;DEDELERIN KURANI&#8221; yaz\u0131yor. Evet, kitabin \u00fczerinde aynen b\u00f6yle yaz\u0131yor.<\/p>\n\n\n\n<p>Dedelerin Kuran-\u0131&#8230;&nbsp; Tuhaf&#8230;&nbsp;<\/p>\n\n\n\n<p>Ger\u00e7ekten tuhaf&#8230;&nbsp;<\/p>\n\n\n\n<p>&nbsp;Allah Allah bismillah deyip al\u0131p bakt\u0131m.<\/p>\n\n\n\n<p>Cildi \u00fczerinde &#8220;Dedelerin Kuran-\u0131&#8221; diye yazan kitap bildi\u011fimiz Abdullah Ayd\u0131n meali&#8230; Rahle boy mealli bir Kuran-\u0131 Kerim..O g\u00fcnlerde piyasada en \u00e7ok var olan bir meal&#8230; Ama sadece meal de\u011fil&#8230; Meali de olan Kur&#8217;an-\u0131 Kerim&#8230;&nbsp;<\/p>\n\n\n\n<p>Ancak kitab\u0131n kendi kapa\u011f\u0131 \u00e7\u0131kar\u0131lm\u0131\u015f ve \u00fczerine patates bask\u0131 ile DEDELERIN KURANI diye yaz\u0131lm\u0131\u015f ve kara bir bez ile yeniden ciltlenmis&#8230;<\/p>\n\n\n\n<p>Ve Aleviler bu kitaptan&nbsp; ve bir de \u00fczerinde &#8220;Gercek Kur&#8217;an&#8221; diye yazmayan kitap d\u0131\u015f\u0131nda hicbir kitaba&nbsp; &#8220;Kur&#8217;an&#8221; diye bakm\u0131yorlar..Bu kafaya g\u00f6re kapa\u011f\u0131nda &#8220;Dedelerin Kur&#8217;an-\u0131&#8221; veya &#8220;Gercek Kur&#8217;an&#8221; yazan kitap GER\u00c7EK KURAN&nbsp; ve bu yaz\u0131lar\u0131n yazmad\u0131\u011f\u0131 kitaplar\u0131n d\u0131\u015f\u0131ndakiler; yani bizim elimizdekiler ise sahte ve uydurma kuran olmaktad\u0131rlar.<\/p>\n\n\n\n<p>\u015eimdi siz buna k\u0131z\u0131yorsunuz elbette&#8230;<\/p>\n\n\n\n<p>Fakat&#8230;<\/p>\n\n\n\n<p>Bunlar\u0131n gibi bir de ba\u015fkalar\u0131 var.&nbsp;<\/p>\n\n\n\n<p>Mevcut ve ya\u015fanan din sanki yokmu\u015f veya bu din insanlar taraf\u0131ndan uydurulmu\u015f bir dinmi\u015f gibi bir kabul ile &#8220;ger\u00e7ek din&#8221; veya &#8220;indirilmi\u015f din&#8221; diye bir tak\u0131m yollardalar.&nbsp;<\/p>\n\n\n\n<p>Bunlar\u0131n her biri de&#8230;Ozellikle &#8220;mealci&#8221; diye tabir edilen bu gibiler de tipki ve tipki onlar gibi&nbsp; yani dedelerin Kur&#8217;an-\u0131 ve ger\u00e7ek Kur&#8217;an diye kitap par\u00e7alayanlar gibi de\u011filler mi?&nbsp;<\/p>\n\n\n\n<p>Yani bunlar\u0131n&nbsp; ellerindeki meal GER\u00c7EK KURAN&nbsp; ve di\u011ferleri UYDURULMUS KURAN de\u011fil mi?<\/p>\n\n\n\n<p>O zavall\u0131lara belki k\u0131zars\u0131n\u0131z lakin .ne fark\u0131n\u0131z var ki zavallilara k\u0131z\u0131yorsunuz.<\/p>\n\n\n\n<p><\/p>\n","protected":false},"excerpt":{"rendered":"<p>Kocaeli deprem senesi g\u00fcnlerinde Hac\u0131bekta\u015f&#8217;a gitmi\u015ftim. Orada hem K\u00fclliye&#8217;yi gezdim hem de&nbsp; \u00e7ilehane denilen yerde, orada kutsall\u0131k olarak yap\u0131lmas\u0131 gereken ne varsa hepsini yapt\u0131m ve b\u00f6ylece orada ayn\u0131 \u015feyleri yapan herkes gibi ben de &#8220;hac\u0131&#8221; oldum. Sonra tekrar K\u00fclliye&#8217;ye geldim. Hac\u0131bekta\u015f veli k\u00fclliyesi giri\u015finde hediyelik ba\u015fka \u015feyler yan\u0131nda kitap da satan tezgahlar\u0131 gezdim.&nbsp; Bakt\u0131m bir &hellip;<\/p>\n","protected":false},"author":17,"featured_media":52598,"comment_status":"open","ping_status":"open","sticky":false,"template":"","format":"standard","meta":{"om_disable_all_campaigns":false,"_themeisle_gutenberg_block_has_review":false,"_joinchat":[],"footnotes":""},"categories":[53,38,43],"tags":[],"class_list":["post-52597","post","type-post","status-publish","format-standard","has-post-thumbnail","","category-aydin","category-guncel","category-yazarlar"],"_links":{"self":[{"href":"https:\/\/akincilardergisi.com\/tr\/wp-json\/wp\/v2\/posts\/52597","targetHints":{"allow":["GET"]}}],"collection":[{"href":"https:\/\/akincilardergisi.com\/tr\/wp-json\/wp\/v2\/posts"}],"about":[{"href":"https:\/\/akincilardergisi.com\/tr\/wp-json\/wp\/v2\/types\/post"}],"author":[{"embeddable":true,"href":"https:\/\/akincilardergisi.com\/tr\/wp-json\/wp\/v2\/users\/17"}],"replies":[{"embeddable":true,"href":"https:\/\/akincilardergisi.com\/tr\/wp-json\/wp\/v2\/comments?post=52597"}],"version-history":[{"count":1,"href":"https:\/\/akincilardergisi.com\/tr\/wp-json\/wp\/v2\/posts\/52597\/revisions"}],"predecessor-version":[{"id":52599,"href":"https:\/\/akincilardergisi.com\/tr\/wp-json\/wp\/v2\/posts\/52597\/revisions\/52599"}],"wp:featuredmedia":[{"embeddable":true,"href":"https:\/\/akincilardergisi.com\/tr\/wp-json\/wp\/v2\/media\/52598"}],"wp:attachment":[{"href":"https:\/\/akincilardergisi.com\/tr\/wp-json\/wp\/v2\/media?parent=52597"}],"wp:term":[{"taxonomy":"category","embeddable":true,"href":"https:\/\/akincilardergisi.com\/tr\/wp-json\/wp\/v2\/categories?post=52597"},{"taxonomy":"post_tag","embeddable":true,"href":"https:\/\/akincilardergisi.com\/tr\/wp-json\/wp\/v2\/tags?post=52597"}],"curies":[{"name":"wp","href":"https:\/\/api.w.org\/{rel}","templated":true}]}}